{"id":9565,"date":"2024-06-21T14:18:37","date_gmt":"2024-06-21T12:18:37","guid":{"rendered":"http:\/\/masagrupo.com\/?p=9565"},"modified":"2025-11-15T15:42:22","modified_gmt":"2025-11-15T14:42:22","slug":"o-grupo-masa-recebe-o-premio-diversidade-e-equidade-inclusao-pela-sua-excelente-politica-de-inclusao-laboral","status":"publish","type":"post","link":"https:\/\/masagrupo.com\/pt\/grupo-masa-recibe-el-premio-a-la-inclusion-diversidad-y-equidad-por-su-destacada-politica-de-inclusion-laboral\/","title":{"rendered":"A MASA recebe o pr\u00e9mio \u201cInclus\u00e3o, Diversidade e Equidade\u201d pela sua excelente pol\u00edtica de inclus\u00e3o laboral."},"content":{"rendered":"<p><div class=\"fusion-fullwidth fullwidth-box fusion-builder-row-1 fusion-flex-container has-pattern-background has-mask-background nonhundred-percent-fullwidth non-hundred-percent-height-scrolling\" style=\"--awb-border-radius-top-left:0px;--awb-border-radius-top-right:0px;--awb-border-radius-bottom-right:0px;--awb-border-radius-bottom-left:0px;--awb-flex-wrap:wrap;\" ><div class=\"fusion-builder-row fusion-row fusion-flex-align-items-flex-start fusion-flex-content-wrap\" style=\"max-width:1248px;margin-left: calc(-4% \/ 2 );margin-right: calc(-4% \/ 2 );\"><div class=\"fusion-layout-column fusion_builder_column fusion-builder-column-0 fusion_builder_column_1_1 1_1 fusion-flex-column\" style=\"--awb-bg-size:cover;--awb-width-large:100%;--awb-margin-top-large:0px;--awb-spacing-right-large:1.92%;--awb-margin-bottom-large:20px;--awb-spacing-left-large:1.92%;--awb-width-medium:100%;--awb-order-medium:0;--awb-spacing-right-medium:1.92%;--awb-spacing-left-medium:1.92%;--awb-width-small:100%;--awb-order-small:0;--awb-spacing-right-small:1.92%;--awb-spacing-left-small:1.92%;\"><div class=\"fusion-column-wrapper fusion-column-has-shadow fusion-flex-justify-content-flex-start fusion-content-layout-column\"><div class=\"fusion-title title fusion-title-1 fusion-sep-none fusion-title-text fusion-title-size-two\" style=\"--awb-text-color:var(--awb-color8);--awb-font-size:28px;\"><h2 class=\"fusion-title-heading title-heading-left\" style=\"margin:0;font-size:1em;\">No \u00e2mbito da reuni\u00e3o anual organizada por <span style=\"text-decoration: underline;\"><a href=\"https:\/\/es.dow.com\/es-es.html\" target=\"_blank\" rel=\"noopener\">Dow Chemical Ib\u00e9rica<\/a><\/span> no Complexo Industrial de Tarragona, a MASA foi distinguida com o Pr\u00e9mio Inclus\u00e3o, Diversidade e Equidade. Este reconhecimento destaca o compromisso da MASA com a diversidade e a inclus\u00e3o no local de trabalho, um dos quatro pilares em que se baseia a sua estrat\u00e9gia e desenvolvimento.<\/h2><\/div><\/div><\/div><div class=\"fusion-layout-column fusion_builder_column fusion-builder-column-1 fusion_builder_column_1_2 1_2 fusion-flex-column\" style=\"--awb-bg-size:cover;--awb-width-large:50%;--awb-margin-top-large:0px;--awb-spacing-right-large:3.84%;--awb-margin-bottom-large:20px;--awb-spacing-left-large:3.84%;--awb-width-medium:50%;--awb-order-medium:0;--awb-spacing-right-medium:3.84%;--awb-spacing-left-medium:3.84%;--awb-width-small:100%;--awb-order-small:0;--awb-spacing-right-small:1.92%;--awb-spacing-left-small:1.92%;\"><div class=\"fusion-column-wrapper fusion-column-has-shadow fusion-flex-justify-content-flex-start fusion-content-layout-column\"><div class=\"fusion-image-element\" style=\"--awb-caption-title-font-family:var(--h2_typography-font-family);--awb-caption-title-font-weight:var(--h2_typography-font-weight);--awb-caption-title-font-style:var(--h2_typography-font-style);--awb-caption-title-size:var(--h2_typography-font-size);--awb-caption-title-transform:var(--h2_typography-text-transform);--awb-caption-title-line-height:var(--h2_typography-line-height);--awb-caption-title-letter-spacing:var(--h2_typography-letter-spacing);\"><span class=\"fusion-imageframe imageframe-none imageframe-1 hover-type-none\"><img decoding=\"async\" width=\"1200\" height=\"878\" title=\"pr\u00e9mio para a inclus\u00e3o-diversidade-equidade\" src=\"https:\/\/masagrupo.com\/wp-content\/uploads\/2024\/06\/premio-inclusion-diversidad-equidad.jpg\" alt class=\"img-responsive wp-image-11742\" srcset=\"https:\/\/masagrupo.com\/wp-content\/uploads\/2024\/06\/premio-inclusion-diversidad-equidad-200x146.jpg 200w, https:\/\/masagrupo.com\/wp-content\/uploads\/2024\/06\/premio-inclusion-diversidad-equidad-400x293.jpg 400w, https:\/\/masagrupo.com\/wp-content\/uploads\/2024\/06\/premio-inclusion-diversidad-equidad-600x439.jpg 600w, https:\/\/masagrupo.com\/wp-content\/uploads\/2024\/06\/premio-inclusion-diversidad-equidad-800x585.jpg 800w, https:\/\/masagrupo.com\/wp-content\/uploads\/2024\/06\/premio-inclusion-diversidad-equidad.jpg 1200w\" sizes=\"(max-width: 640px) 100vw, 600px\" \/><\/span><\/div><\/div><\/div><div class=\"fusion-layout-column fusion_builder_column fusion-builder-column-2 fusion_builder_column_1_2 1_2 fusion-flex-column fusion-flex-align-self-center\" style=\"--awb-bg-size:cover;--awb-width-large:50%;--awb-margin-top-large:0px;--awb-spacing-right-large:3.84%;--awb-margin-bottom-large:20px;--awb-spacing-left-large:3.84%;--awb-width-medium:50%;--awb-order-medium:0;--awb-spacing-right-medium:3.84%;--awb-spacing-left-medium:3.84%;--awb-width-small:100%;--awb-order-small:0;--awb-spacing-right-small:1.92%;--awb-spacing-left-small:1.92%;\"><div class=\"fusion-column-wrapper fusion-column-has-shadow fusion-flex-justify-content-flex-start fusion-content-layout-column\"><div class=\"fusion-text fusion-text-1\"><p>Esta distin\u00e7\u00e3o deve-se \u00e0 realiza\u00e7\u00e3o de um projeto proposto pela delega\u00e7\u00e3o de Tarragona com o objetivo de sensibilizar os trabalhadores para o risco, que experimentaram em primeira m\u00e3o, e assim aprender a ultrapassar os obst\u00e1culos e as limita\u00e7\u00f5es com que se deparam as pessoas com necessidades especiais.<\/p>\n<\/div><\/div><\/div><div class=\"fusion-layout-column fusion_builder_column fusion-builder-column-3 fusion_builder_column_1_1 1_1 fusion-flex-column\" style=\"--awb-bg-size:cover;--awb-width-large:100%;--awb-margin-top-large:0px;--awb-spacing-right-large:1.92%;--awb-margin-bottom-large:20px;--awb-spacing-left-large:1.92%;--awb-width-medium:100%;--awb-order-medium:0;--awb-spacing-right-medium:1.92%;--awb-spacing-left-medium:1.92%;--awb-width-small:100%;--awb-order-small:0;--awb-spacing-right-small:1.92%;--awb-spacing-left-small:1.92%;\"><div class=\"fusion-column-wrapper fusion-column-has-shadow fusion-flex-justify-content-flex-start fusion-content-layout-column\"><div class=\"fusion-text fusion-text-2\"><p>O evento, realizado em 11 de junho, reuniu mais de 150 participantes de quase 100 empresas parceiras da Dow. O pr\u00e9mio atribu\u00eddo \u00e0 MASA reflecte a excel\u00eancia da sua pol\u00edtica de inclus\u00e3o e a sua contribui\u00e7\u00e3o significativa para a cria\u00e7\u00e3o de um ambiente de trabalho mais diverso e equitativo. Este pr\u00e9mio faz parte das distin\u00e7\u00f5es anuais que a Dow Chemical Ib\u00e9rica concede \u00e0s empresas que se destacam em diferentes \u00e1reas, de acordo com os crit\u00e9rios do Plano de Avalia\u00e7\u00e3o de Empresas de Servi\u00e7os.<\/p>\n<p>Durante a cerim\u00f3nia, que contou com a presen\u00e7a de altos executivos da Dow e de representantes das empresas premiadas, foi salientada a import\u00e2ncia da colabora\u00e7\u00e3o e do trabalho conjunto entre a Dow e os seus parceiros estrat\u00e9gicos.<\/p>\n<div class=\"tatsu-column-pad-wrap\">\n<p>&nbsp;<\/p>\n<div class=\"tatsu-column-pad\">\n<div class=\"tatsu-module tatsu-text-block-wrap tatsu-H1Migg78A\">\n<div class=\"tatsu-text-inner tatsu-align-center clearfix\">\n<p><strong>MASA<\/strong> agradece este reconhecimento e reafirma o seu compromisso em promover um ambiente de trabalho inclusivo e diversificado, sendo uma refer\u00eancia na implementa\u00e7\u00e3o de pol\u00edticas de inclus\u00e3o que beneficiam a comunidade e fortalecem o tecido empresarial.<\/p>\n<\/div>\n<\/div>\n<\/div>\n<\/div>\n<\/div><\/div><\/div><div class=\"fusion-layout-column fusion_builder_column fusion-builder-column-4 fusion_builder_column_1_2 1_2 fusion-flex-column\" style=\"--awb-bg-size:cover;--awb-width-large:50%;--awb-margin-top-large:0px;--awb-spacing-right-large:3.84%;--awb-margin-bottom-large:20px;--awb-spacing-left-large:3.84%;--awb-width-medium:50%;--awb-order-medium:0;--awb-spacing-right-medium:3.84%;--awb-spacing-left-medium:3.84%;--awb-width-small:100%;--awb-order-small:0;--awb-spacing-right-small:1.92%;--awb-spacing-left-small:1.92%;\"><div class=\"fusion-column-wrapper fusion-column-has-shadow fusion-flex-justify-content-flex-start fusion-content-layout-column\"><div class=\"fusion-image-element\" style=\"--awb-aspect-ratio:1 \/ 1;--awb-caption-title-font-family:var(--h2_typography-font-family);--awb-caption-title-font-weight:var(--h2_typography-font-weight);--awb-caption-title-font-style:var(--h2_typography-font-style);--awb-caption-title-size:var(--h2_typography-font-size);--awb-caption-title-transform:var(--h2_typography-text-transform);--awb-caption-title-line-height:var(--h2_typography-line-height);--awb-caption-title-letter-spacing:var(--h2_typography-letter-spacing);\"><span class=\"fusion-imageframe imageframe-none imageframe-2 hover-type-none has-aspect-ratio\"><img decoding=\"async\" width=\"800\" height=\"1067\" title=\"pr\u00e9mio para a inclus\u00e3o-diversidade-ac\u00e7\u00f5es2\" src=\"https:\/\/masagrupo.com\/wp-content\/uploads\/2024\/06\/premio-inclusion-diversidad-equidad2-800x1067.jpg\" class=\"img-responsive wp-image-11745 img-with-aspect-ratio\" data-parent-fit=\"cover\" data-parent-container=\".fusion-image-element\" alt \/><\/span><\/div><\/div><\/div><div class=\"fusion-layout-column fusion_builder_column fusion-builder-column-5 fusion_builder_column_1_2 1_2 fusion-flex-column\" style=\"--awb-bg-size:cover;--awb-width-large:50%;--awb-margin-top-large:0px;--awb-spacing-right-large:3.84%;--awb-margin-bottom-large:20px;--awb-spacing-left-large:3.84%;--awb-width-medium:50%;--awb-order-medium:0;--awb-spacing-right-medium:3.84%;--awb-spacing-left-medium:3.84%;--awb-width-small:100%;--awb-order-small:0;--awb-spacing-right-small:1.92%;--awb-spacing-left-small:1.92%;\"><div class=\"fusion-column-wrapper fusion-column-has-shadow fusion-flex-justify-content-flex-start fusion-content-layout-column\"><div class=\"fusion-image-element\" style=\"--awb-aspect-ratio:1 \/ 1;--awb-object-position:51% 42%;--awb-caption-title-font-family:var(--h2_typography-font-family);--awb-caption-title-font-weight:var(--h2_typography-font-weight);--awb-caption-title-font-style:var(--h2_typography-font-style);--awb-caption-title-size:var(--h2_typography-font-size);--awb-caption-title-transform:var(--h2_typography-text-transform);--awb-caption-title-line-height:var(--h2_typography-line-height);--awb-caption-title-letter-spacing:var(--h2_typography-letter-spacing);\"><span class=\"fusion-imageframe imageframe-none imageframe-3 hover-type-none has-aspect-ratio\"><img decoding=\"async\" width=\"800\" height=\"889\" title=\"pr\u00e9mio para a inclus\u00e3o-diversidade-equidade3\" src=\"https:\/\/masagrupo.com\/wp-content\/uploads\/2024\/06\/premio-inclusion-diversidad-equidad3-800x889.jpg\" class=\"img-responsive wp-image-11744 img-with-aspect-ratio\" data-parent-fit=\"cover\" data-parent-container=\".fusion-image-element\" alt srcset=\"https:\/\/masagrupo.com\/wp-content\/uploads\/2024\/06\/premio-inclusion-diversidad-equidad3-200x222.jpg 200w, https:\/\/masagrupo.com\/wp-content\/uploads\/2024\/06\/premio-inclusion-diversidad-equidad3-400x444.jpg 400w, https:\/\/masagrupo.com\/wp-content\/uploads\/2024\/06\/premio-inclusion-diversidad-equidad3-600x667.jpg 600w, https:\/\/masagrupo.com\/wp-content\/uploads\/2024\/06\/premio-inclusion-diversidad-equidad3-800x889.jpg 800w, https:\/\/masagrupo.com\/wp-content\/uploads\/2024\/06\/premio-inclusion-diversidad-equidad3-1200x1333.jpg 1200w, https:\/\/masagrupo.com\/wp-content\/uploads\/2024\/06\/premio-inclusion-diversidad-equidad3.jpg 1243w\" sizes=\"(max-width: 640px) 100vw, 600px\" \/><\/span><\/div><\/div><\/div><div class=\"fusion-layout-column fusion_builder_column fusion-builder-column-6 fusion_builder_column_1_2 1_2 fusion-flex-column\" style=\"--awb-bg-size:cover;--awb-width-large:50%;--awb-margin-top-large:0px;--awb-spacing-right-large:3.84%;--awb-margin-bottom-large:20px;--awb-spacing-left-large:3.84%;--awb-width-medium:50%;--awb-order-medium:0;--awb-spacing-right-medium:3.84%;--awb-spacing-left-medium:3.84%;--awb-width-small:100%;--awb-order-small:0;--awb-spacing-right-small:1.92%;--awb-spacing-left-small:1.92%;\"><div class=\"fusion-column-wrapper fusion-column-has-shadow fusion-flex-justify-content-flex-start fusion-content-layout-column\"><div class=\"fusion-text fusion-text-3\"><\/div><\/div><\/div><\/div><\/div><div class=\"fusion-fullwidth fullwidth-box fusion-builder-row-2 fusion-flex-container has-pattern-background has-mask-background nonhundred-percent-fullwidth non-hundred-percent-height-scrolling\" style=\"--awb-border-radius-top-left:0px;--awb-border-radius-top-right:0px;--awb-border-radius-bottom-right:0px;--awb-border-radius-bottom-left:0px;--awb-flex-wrap:wrap;\" ><div class=\"fusion-builder-row fusion-row fusion-flex-align-items-flex-start fusion-flex-content-wrap\" style=\"max-width:1248px;margin-left: calc(-4% \/ 2 );margin-right: calc(-4% \/ 2 );\"><div class=\"fusion-layout-column fusion_builder_column fusion-builder-column-7 fusion_builder_column_1_1 1_1 fusion-flex-column\" style=\"--awb-bg-size:cover;--awb-width-large:100%;--awb-margin-top-large:0px;--awb-spacing-right-large:1.92%;--awb-margin-bottom-large:20px;--awb-spacing-left-large:1.92%;--awb-width-medium:100%;--awb-order-medium:0;--awb-spacing-right-medium:1.92%;--awb-spacing-left-medium:1.92%;--awb-width-small:100%;--awb-order-small:0;--awb-spacing-right-small:1.92%;--awb-spacing-left-small:1.92%;\"><div class=\"fusion-column-wrapper fusion-column-has-shadow fusion-flex-justify-content-flex-start fusion-content-layout-column\"><div class=\"fusion-image-element\" style=\"--awb-caption-title-font-family:var(--h2_typography-font-family);--awb-caption-title-font-weight:var(--h2_typography-font-weight);--awb-caption-title-font-style:var(--h2_typography-font-style);--awb-caption-title-size:var(--h2_typography-font-size);--awb-caption-title-transform:var(--h2_typography-text-transform);--awb-caption-title-line-height:var(--h2_typography-line-height);--awb-caption-title-letter-spacing:var(--h2_typography-letter-spacing);\"><span class=\"fusion-imageframe imageframe-none imageframe-4 hover-type-none\"><img decoding=\"async\" width=\"1600\" height=\"834\" alt=\"O Grupo Masa recebe o Pr\u00e9mio Inclus\u00e3o, Diversidade e Equidade\" title=\"pr\u00e9mio para a inclus\u00e3o-diversidade-ac\u00e7\u00f5es4\" src=\"https:\/\/masagrupo.com\/wp-content\/uploads\/2024\/06\/premio-inclusion-diversidad-equidad4.jpg\" class=\"img-responsive wp-image-11743\" srcset=\"https:\/\/masagrupo.com\/wp-content\/uploads\/2024\/06\/premio-inclusion-diversidad-equidad4-200x104.jpg 200w, https:\/\/masagrupo.com\/wp-content\/uploads\/2024\/06\/premio-inclusion-diversidad-equidad4-400x209.jpg 400w, https:\/\/masagrupo.com\/wp-content\/uploads\/2024\/06\/premio-inclusion-diversidad-equidad4-600x313.jpg 600w, https:\/\/masagrupo.com\/wp-content\/uploads\/2024\/06\/premio-inclusion-diversidad-equidad4-800x417.jpg 800w, https:\/\/masagrupo.com\/wp-content\/uploads\/2024\/06\/premio-inclusion-diversidad-equidad4-1200x626.jpg 1200w, https:\/\/masagrupo.com\/wp-content\/uploads\/2024\/06\/premio-inclusion-diversidad-equidad4.jpg 1600w\" sizes=\"(max-width: 640px) 100vw, 1200px\" \/><\/span><\/div><\/div><\/div><\/div><\/div><\/p>","protected":false},"excerpt":{"rendered":"<p>No \u00e2mbito da reuni\u00e3o anual organizada pela Dow Chemical Ib\u00e9rica no Complexo Industrial de Tarragona, a MASA foi distinguida com o Pr\u00e9mio Inclus\u00e3o, Diversidade e Equidade. Este reconhecimento destaca o compromisso da MASA com a diversidade e a inclus\u00e3o no local de trabalho, um dos quatro pilares em que se baseia a sua estrat\u00e9gia e desenvolvimento.<\/p>","protected":false},"author":2,"featured_media":9593,"comment_status":"closed","ping_status":"closed","sticky":false,"template":"","format":"standard","meta":{"footnotes":""},"categories":[1],"tags":[],"class_list":["post-9565","post","type-post","status-publish","format-standard","has-post-thumbnail","hentry","category-digitalizacion-del-mantenimiento"],"yoast_head":"<!-- This site is optimized with the Yoast SEO plugin v27.4 - https:\/\/yoast.com\/product\/yoast-seo-wordpress\/ -->\n<title>MASA recibe el premio a la \u201cInclusi\u00f3n, Diversidad y Equidad\u201d por su destacada pol\u00edtica de inclusi\u00f3n laboral. - Grupo Masa<\/title>\n<meta name=\"robots\" content=\"index, follow, max-snippet:-1, max-image-preview:large, max-video-preview:-1\" \/>\n<link rel=\"canonical\" href=\"https:\/\/masagrupo.com\/pt\/o-grupo-masa-recebe-o-premio-diversidade-e-equidade-inclusao-pela-sua-excelente-politica-de-inclusao-laboral\/\" \/>\n<meta property=\"og:locale\" content=\"pt_PT\" \/>\n<meta property=\"og:type\" content=\"article\" \/>\n<meta property=\"og:title\" content=\"MASA recibe el premio a la \u201cInclusi\u00f3n, Diversidad y Equidad\u201d por su destacada pol\u00edtica de inclusi\u00f3n laboral. - Grupo Masa\" \/>\n<meta property=\"og:description\" content=\"En el marco de la reuni\u00f3n anual organizada por Dow Chemical Ib\u00e9rica en el Complejo Industrial de Tarragona, MASA ha sido distinguido con el Premio a la Inclusi\u00f3n, Diversidad y Equidad. Este reconocimiento destaca el compromiso de MASA con la diversidad e inclusi\u00f3n en el \u00e1mbito laboral, uno de los cuatro pilares sobre el que sustenta su estrategia y desarrollo.\" \/>\n<meta property=\"og:url\" content=\"https:\/\/masagrupo.com\/pt\/o-grupo-masa-recebe-o-premio-diversidade-e-equidade-inclusao-pela-sua-excelente-politica-de-inclusao-laboral\/\" \/>\n<meta property=\"og:site_name\" content=\"Grupo Masa\" \/>\n<meta property=\"article:published_time\" content=\"2024-06-21T12:18:37+00:00\" \/>\n<meta property=\"article:modified_time\" content=\"2025-11-15T14:42:22+00:00\" \/>\n<meta property=\"og:image\" content=\"https:\/\/masagrupo.com\/wp-content\/uploads\/2024\/06\/image003_01.jpg\" \/>\n\t<meta property=\"og:image:width\" content=\"1179\" \/>\n\t<meta property=\"og:image:height\" content=\"846\" \/>\n\t<meta property=\"og:image:type\" content=\"image\/jpeg\" \/>\n<meta name=\"author\" content=\"Paloma Ar\u00edn\" \/>\n<meta name=\"twitter:card\" content=\"summary_large_image\" \/>\n<meta name=\"twitter:label1\" content=\"Written by\" \/>\n\t<meta name=\"twitter:data1\" content=\"Paloma Ar\u00edn\" \/>\n\t<meta name=\"twitter:label2\" content=\"Est. reading time\" \/>\n\t<meta name=\"twitter:data2\" content=\"3 minutes\" \/>\n<script type=\"application\/ld+json\" class=\"yoast-schema-graph\">{\"@context\":\"https:\\\/\\\/schema.org\",\"@graph\":[{\"@type\":\"Article\",\"@id\":\"https:\\\/\\\/masagrupo.com\\\/grupo-masa-recibe-el-premio-a-la-inclusion-diversidad-y-equidad-por-su-destacada-politica-de-inclusion-laboral\\\/#article\",\"isPartOf\":{\"@id\":\"https:\\\/\\\/masagrupo.com\\\/grupo-masa-recibe-el-premio-a-la-inclusion-diversidad-y-equidad-por-su-destacada-politica-de-inclusion-laboral\\\/\"},\"author\":{\"name\":\"Paloma Ar\u00edn\",\"@id\":\"https:\\\/\\\/masagrupo.com\\\/#\\\/schema\\\/person\\\/7067a848d602fff19af4f2172917fae3\"},\"headline\":\"MASA recibe el premio a la \u201cInclusi\u00f3n, Diversidad y Equidad\u201d por su destacada pol\u00edtica de inclusi\u00f3n laboral.\",\"datePublished\":\"2024-06-21T12:18:37+00:00\",\"dateModified\":\"2025-11-15T14:42:22+00:00\",\"mainEntityOfPage\":{\"@id\":\"https:\\\/\\\/masagrupo.com\\\/grupo-masa-recibe-el-premio-a-la-inclusion-diversidad-y-equidad-por-su-destacada-politica-de-inclusion-laboral\\\/\"},\"wordCount\":3567,\"image\":{\"@id\":\"https:\\\/\\\/masagrupo.com\\\/grupo-masa-recibe-el-premio-a-la-inclusion-diversidad-y-equidad-por-su-destacada-politica-de-inclusion-laboral\\\/#primaryimage\"},\"thumbnailUrl\":\"https:\\\/\\\/masagrupo.com\\\/wp-content\\\/uploads\\\/2024\\\/06\\\/image003_01.jpg\",\"articleSection\":[\"Digitalizaci\u00f3n del Mantenimiento\"],\"inLanguage\":\"pt-PT\"},{\"@type\":\"WebPage\",\"@id\":\"https:\\\/\\\/masagrupo.com\\\/grupo-masa-recibe-el-premio-a-la-inclusion-diversidad-y-equidad-por-su-destacada-politica-de-inclusion-laboral\\\/\",\"url\":\"https:\\\/\\\/masagrupo.com\\\/grupo-masa-recibe-el-premio-a-la-inclusion-diversidad-y-equidad-por-su-destacada-politica-de-inclusion-laboral\\\/\",\"name\":\"MASA recibe el premio a la \u201cInclusi\u00f3n, Diversidad y Equidad\u201d por su destacada pol\u00edtica de inclusi\u00f3n laboral. - Grupo Masa\",\"isPartOf\":{\"@id\":\"https:\\\/\\\/masagrupo.com\\\/#website\"},\"primaryImageOfPage\":{\"@id\":\"https:\\\/\\\/masagrupo.com\\\/grupo-masa-recibe-el-premio-a-la-inclusion-diversidad-y-equidad-por-su-destacada-politica-de-inclusion-laboral\\\/#primaryimage\"},\"image\":{\"@id\":\"https:\\\/\\\/masagrupo.com\\\/grupo-masa-recibe-el-premio-a-la-inclusion-diversidad-y-equidad-por-su-destacada-politica-de-inclusion-laboral\\\/#primaryimage\"},\"thumbnailUrl\":\"https:\\\/\\\/masagrupo.com\\\/wp-content\\\/uploads\\\/2024\\\/06\\\/image003_01.jpg\",\"datePublished\":\"2024-06-21T12:18:37+00:00\",\"dateModified\":\"2025-11-15T14:42:22+00:00\",\"author\":{\"@id\":\"https:\\\/\\\/masagrupo.com\\\/#\\\/schema\\\/person\\\/7067a848d602fff19af4f2172917fae3\"},\"breadcrumb\":{\"@id\":\"https:\\\/\\\/masagrupo.com\\\/grupo-masa-recibe-el-premio-a-la-inclusion-diversidad-y-equidad-por-su-destacada-politica-de-inclusion-laboral\\\/#breadcrumb\"},\"inLanguage\":\"pt-PT\",\"potentialAction\":[{\"@type\":\"ReadAction\",\"target\":[\"https:\\\/\\\/masagrupo.com\\\/grupo-masa-recibe-el-premio-a-la-inclusion-diversidad-y-equidad-por-su-destacada-politica-de-inclusion-laboral\\\/\"]}]},{\"@type\":\"ImageObject\",\"inLanguage\":\"pt-PT\",\"@id\":\"https:\\\/\\\/masagrupo.com\\\/grupo-masa-recibe-el-premio-a-la-inclusion-diversidad-y-equidad-por-su-destacada-politica-de-inclusion-laboral\\\/#primaryimage\",\"url\":\"https:\\\/\\\/masagrupo.com\\\/wp-content\\\/uploads\\\/2024\\\/06\\\/image003_01.jpg\",\"contentUrl\":\"https:\\\/\\\/masagrupo.com\\\/wp-content\\\/uploads\\\/2024\\\/06\\\/image003_01.jpg\",\"width\":1179,\"height\":846},{\"@type\":\"BreadcrumbList\",\"@id\":\"https:\\\/\\\/masagrupo.com\\\/grupo-masa-recibe-el-premio-a-la-inclusion-diversidad-y-equidad-por-su-destacada-politica-de-inclusion-laboral\\\/#breadcrumb\",\"itemListElement\":[{\"@type\":\"ListItem\",\"position\":1,\"name\":\"Portada\",\"item\":\"https:\\\/\\\/masagrupo.com\\\/\"},{\"@type\":\"ListItem\",\"position\":2,\"name\":\"MASA recibe el premio a la \u201cInclusi\u00f3n, Diversidad y Equidad\u201d por su destacada pol\u00edtica de inclusi\u00f3n laboral.\"}]},{\"@type\":\"WebSite\",\"@id\":\"https:\\\/\\\/masagrupo.com\\\/#website\",\"url\":\"https:\\\/\\\/masagrupo.com\\\/\",\"name\":\"Grupo Masa\",\"description\":\"MASA es una empresa del Grupo ACS\",\"potentialAction\":[{\"@type\":\"SearchAction\",\"target\":{\"@type\":\"EntryPoint\",\"urlTemplate\":\"https:\\\/\\\/masagrupo.com\\\/?s={search_term_string}\"},\"query-input\":{\"@type\":\"PropertyValueSpecification\",\"valueRequired\":true,\"valueName\":\"search_term_string\"}}],\"inLanguage\":\"pt-PT\"},{\"@type\":\"Person\",\"@id\":\"https:\\\/\\\/masagrupo.com\\\/#\\\/schema\\\/person\\\/7067a848d602fff19af4f2172917fae3\",\"name\":\"Paloma Ar\u00edn\",\"image\":{\"@type\":\"ImageObject\",\"inLanguage\":\"pt-PT\",\"@id\":\"https:\\\/\\\/secure.gravatar.com\\\/avatar\\\/d707daeb8561bd35e0b9c01b797023daef352b68a03c8c613fe9cf9f178aa597?s=96&d=mm&r=g\",\"url\":\"https:\\\/\\\/secure.gravatar.com\\\/avatar\\\/d707daeb8561bd35e0b9c01b797023daef352b68a03c8c613fe9cf9f178aa597?s=96&d=mm&r=g\",\"contentUrl\":\"https:\\\/\\\/secure.gravatar.com\\\/avatar\\\/d707daeb8561bd35e0b9c01b797023daef352b68a03c8c613fe9cf9f178aa597?s=96&d=mm&r=g\",\"caption\":\"Paloma Ar\u00edn\"},\"url\":\"https:\\\/\\\/masagrupo.com\\\/pt\\\/author\\\/paloma-arin\\\/\"}]}<\/script>\n<!-- \/ Yoast SEO plugin. -->","yoast_head_json":{"title":"A MASA recebe o pr\u00e9mio \u201cInclus\u00e3o, Diversidade e Equidade\u201d pela sua excelente pol\u00edtica de inclus\u00e3o laboral. - Grupo Masa","robots":{"index":"index","follow":"follow","max-snippet":"max-snippet:-1","max-image-preview":"max-image-preview:large","max-video-preview":"max-video-preview:-1"},"canonical":"https:\/\/masagrupo.com\/pt\/o-grupo-masa-recebe-o-premio-diversidade-e-equidade-inclusao-pela-sua-excelente-politica-de-inclusao-laboral\/","og_locale":"pt_PT","og_type":"article","og_title":"MASA recibe el premio a la \u201cInclusi\u00f3n, Diversidad y Equidad\u201d por su destacada pol\u00edtica de inclusi\u00f3n laboral. - Grupo Masa","og_description":"En el marco de la reuni\u00f3n anual organizada por Dow Chemical Ib\u00e9rica en el Complejo Industrial de Tarragona, MASA ha sido distinguido con el Premio a la Inclusi\u00f3n, Diversidad y Equidad. Este reconocimiento destaca el compromiso de MASA con la diversidad e inclusi\u00f3n en el \u00e1mbito laboral, uno de los cuatro pilares sobre el que sustenta su estrategia y desarrollo.","og_url":"https:\/\/masagrupo.com\/pt\/o-grupo-masa-recebe-o-premio-diversidade-e-equidade-inclusao-pela-sua-excelente-politica-de-inclusao-laboral\/","og_site_name":"Grupo Masa","article_published_time":"2024-06-21T12:18:37+00:00","article_modified_time":"2025-11-15T14:42:22+00:00","og_image":[{"width":1179,"height":846,"url":"https:\/\/masagrupo.com\/wp-content\/uploads\/2024\/06\/image003_01.jpg","type":"image\/jpeg"}],"author":"Paloma Ar\u00edn","twitter_card":"summary_large_image","twitter_misc":{"Written by":"Paloma Ar\u00edn","Est. reading time":"3 minutes"},"schema":{"@context":"https:\/\/schema.org","@graph":[{"@type":"Article","@id":"https:\/\/masagrupo.com\/grupo-masa-recibe-el-premio-a-la-inclusion-diversidad-y-equidad-por-su-destacada-politica-de-inclusion-laboral\/#article","isPartOf":{"@id":"https:\/\/masagrupo.com\/grupo-masa-recibe-el-premio-a-la-inclusion-diversidad-y-equidad-por-su-destacada-politica-de-inclusion-laboral\/"},"author":{"name":"Paloma Ar\u00edn","@id":"https:\/\/masagrupo.com\/#\/schema\/person\/7067a848d602fff19af4f2172917fae3"},"headline":"MASA recibe el premio a la \u201cInclusi\u00f3n, Diversidad y Equidad\u201d por su destacada pol\u00edtica de inclusi\u00f3n laboral.","datePublished":"2024-06-21T12:18:37+00:00","dateModified":"2025-11-15T14:42:22+00:00","mainEntityOfPage":{"@id":"https:\/\/masagrupo.com\/grupo-masa-recibe-el-premio-a-la-inclusion-diversidad-y-equidad-por-su-destacada-politica-de-inclusion-laboral\/"},"wordCount":3567,"image":{"@id":"https:\/\/masagrupo.com\/grupo-masa-recibe-el-premio-a-la-inclusion-diversidad-y-equidad-por-su-destacada-politica-de-inclusion-laboral\/#primaryimage"},"thumbnailUrl":"https:\/\/masagrupo.com\/wp-content\/uploads\/2024\/06\/image003_01.jpg","articleSection":["Digitalizaci\u00f3n del Mantenimiento"],"inLanguage":"pt-PT"},{"@type":"WebPage","@id":"https:\/\/masagrupo.com\/grupo-masa-recibe-el-premio-a-la-inclusion-diversidad-y-equidad-por-su-destacada-politica-de-inclusion-laboral\/","url":"https:\/\/masagrupo.com\/grupo-masa-recibe-el-premio-a-la-inclusion-diversidad-y-equidad-por-su-destacada-politica-de-inclusion-laboral\/","name":"A MASA recebe o pr\u00e9mio \u201cInclus\u00e3o, Diversidade e Equidade\u201d pela sua excelente pol\u00edtica de inclus\u00e3o laboral. - Grupo Masa","isPartOf":{"@id":"https:\/\/masagrupo.com\/#website"},"primaryImageOfPage":{"@id":"https:\/\/masagrupo.com\/grupo-masa-recibe-el-premio-a-la-inclusion-diversidad-y-equidad-por-su-destacada-politica-de-inclusion-laboral\/#primaryimage"},"image":{"@id":"https:\/\/masagrupo.com\/grupo-masa-recibe-el-premio-a-la-inclusion-diversidad-y-equidad-por-su-destacada-politica-de-inclusion-laboral\/#primaryimage"},"thumbnailUrl":"https:\/\/masagrupo.com\/wp-content\/uploads\/2024\/06\/image003_01.jpg","datePublished":"2024-06-21T12:18:37+00:00","dateModified":"2025-11-15T14:42:22+00:00","author":{"@id":"https:\/\/masagrupo.com\/#\/schema\/person\/7067a848d602fff19af4f2172917fae3"},"breadcrumb":{"@id":"https:\/\/masagrupo.com\/grupo-masa-recibe-el-premio-a-la-inclusion-diversidad-y-equidad-por-su-destacada-politica-de-inclusion-laboral\/#breadcrumb"},"inLanguage":"pt-PT","potentialAction":[{"@type":"ReadAction","target":["https:\/\/masagrupo.com\/grupo-masa-recibe-el-premio-a-la-inclusion-diversidad-y-equidad-por-su-destacada-politica-de-inclusion-laboral\/"]}]},{"@type":"ImageObject","inLanguage":"pt-PT","@id":"https:\/\/masagrupo.com\/grupo-masa-recibe-el-premio-a-la-inclusion-diversidad-y-equidad-por-su-destacada-politica-de-inclusion-laboral\/#primaryimage","url":"https:\/\/masagrupo.com\/wp-content\/uploads\/2024\/06\/image003_01.jpg","contentUrl":"https:\/\/masagrupo.com\/wp-content\/uploads\/2024\/06\/image003_01.jpg","width":1179,"height":846},{"@type":"BreadcrumbList","@id":"https:\/\/masagrupo.com\/grupo-masa-recibe-el-premio-a-la-inclusion-diversidad-y-equidad-por-su-destacada-politica-de-inclusion-laboral\/#breadcrumb","itemListElement":[{"@type":"ListItem","position":1,"name":"Portada","item":"https:\/\/masagrupo.com\/"},{"@type":"ListItem","position":2,"name":"MASA recibe el premio a la \u201cInclusi\u00f3n, Diversidad y Equidad\u201d por su destacada pol\u00edtica de inclusi\u00f3n laboral."}]},{"@type":"WebSite","@id":"https:\/\/masagrupo.com\/#website","url":"https:\/\/masagrupo.com\/","name":"Grupo Masa","description":"A MASA \u00e9 uma empresa do Grupo ACS","potentialAction":[{"@type":"SearchAction","target":{"@type":"EntryPoint","urlTemplate":"https:\/\/masagrupo.com\/?s={search_term_string}"},"query-input":{"@type":"PropertyValueSpecification","valueRequired":true,"valueName":"search_term_string"}}],"inLanguage":"pt-PT"},{"@type":"Person","@id":"https:\/\/masagrupo.com\/#\/schema\/person\/7067a848d602fff19af4f2172917fae3","name":"Paloma Ar\u00edn","image":{"@type":"ImageObject","inLanguage":"pt-PT","@id":"https:\/\/secure.gravatar.com\/avatar\/d707daeb8561bd35e0b9c01b797023daef352b68a03c8c613fe9cf9f178aa597?s=96&d=mm&r=g","url":"https:\/\/secure.gravatar.com\/avatar\/d707daeb8561bd35e0b9c01b797023daef352b68a03c8c613fe9cf9f178aa597?s=96&d=mm&r=g","contentUrl":"https:\/\/secure.gravatar.com\/avatar\/d707daeb8561bd35e0b9c01b797023daef352b68a03c8c613fe9cf9f178aa597?s=96&d=mm&r=g","caption":"Paloma Ar\u00edn"},"url":"https:\/\/masagrupo.com\/pt\/author\/paloma-arin\/"}]}},"_links":{"self":[{"href":"https:\/\/masagrupo.com\/pt\/wp-json\/wp\/v2\/posts\/9565","targetHints":{"allow":["GET"]}}],"collection":[{"href":"https:\/\/masagrupo.com\/pt\/wp-json\/wp\/v2\/posts"}],"about":[{"href":"https:\/\/masagrupo.com\/pt\/wp-json\/wp\/v2\/types\/post"}],"author":[{"embeddable":true,"href":"https:\/\/masagrupo.com\/pt\/wp-json\/wp\/v2\/users\/2"}],"replies":[{"embeddable":true,"href":"https:\/\/masagrupo.com\/pt\/wp-json\/wp\/v2\/comments?post=9565"}],"version-history":[{"count":24,"href":"https:\/\/masagrupo.com\/pt\/wp-json\/wp\/v2\/posts\/9565\/revisions"}],"predecessor-version":[{"id":11749,"href":"https:\/\/masagrupo.com\/pt\/wp-json\/wp\/v2\/posts\/9565\/revisions\/11749"}],"wp:featuredmedia":[{"embeddable":true,"href":"https:\/\/masagrupo.com\/pt\/wp-json\/wp\/v2\/media\/9593"}],"wp:attachment":[{"href":"https:\/\/masagrupo.com\/pt\/wp-json\/wp\/v2\/media?parent=9565"}],"wp:term":[{"taxonomy":"category","embeddable":true,"href":"https:\/\/masagrupo.com\/pt\/wp-json\/wp\/v2\/categories?post=9565"},{"taxonomy":"post_tag","embeddable":true,"href":"https:\/\/masagrupo.com\/pt\/wp-json\/wp\/v2\/tags?post=9565"}],"curies":[{"name":"wp","href":"https:\/\/api.w.org\/{rel}","templated":true}]}}