{"id":9221,"date":"2023-11-20T12:49:35","date_gmt":"2023-11-20T11:49:35","guid":{"rendered":"http:\/\/masagrupo.com\/?p=9221"},"modified":"2025-11-15T21:17:14","modified_gmt":"2025-11-15T20:17:14","slug":"masa-servicios-recebe-certificacao-de-excelencia-em-tarragona","status":"publish","type":"post","link":"https:\/\/masagrupo.com\/pt\/masa-servicios-recibe-la-certificacion-de-excelencia-en-tarragona\/","title":{"rendered":"MASA Services recebe a Certifica\u00e7\u00e3o de Excel\u00eancia em Tarragona"},"content":{"rendered":"<div class=\"fusion-fullwidth fullwidth-box fusion-builder-row-1 fusion-flex-container has-pattern-background has-mask-background nonhundred-percent-fullwidth non-hundred-percent-height-scrolling\" style=\"--awb-border-radius-top-left:0px;--awb-border-radius-top-right:0px;--awb-border-radius-bottom-right:0px;--awb-border-radius-bottom-left:0px;--awb-flex-wrap:wrap;\" ><div class=\"fusion-builder-row fusion-row fusion-flex-align-items-flex-start fusion-flex-content-wrap\" style=\"max-width:1248px;margin-left: calc(-4% \/ 2 );margin-right: calc(-4% \/ 2 );\"><div class=\"fusion-layout-column fusion_builder_column fusion-builder-column-0 fusion_builder_column_1_1 1_1 fusion-flex-column\" style=\"--awb-bg-size:cover;--awb-width-large:100%;--awb-margin-top-large:0px;--awb-spacing-right-large:1.92%;--awb-margin-bottom-large:20px;--awb-spacing-left-large:1.92%;--awb-width-medium:100%;--awb-order-medium:0;--awb-spacing-right-medium:1.92%;--awb-spacing-left-medium:1.92%;--awb-width-small:100%;--awb-order-small:0;--awb-spacing-right-small:1.92%;--awb-spacing-left-small:1.92%;\"><div class=\"fusion-column-wrapper fusion-column-has-shadow fusion-flex-justify-content-flex-start fusion-content-layout-column\"><div class=\"fusion-text fusion-text-1\"><p>Da esquerda para a direita: Patricia Trillo (Diretora do centro de institui\u00e7\u00f5es do CaixaBank em Barcelona), Alejandro Amores Alonso, (Diretor de MASA SERVICIOS), Anna Sim\u00f3 (Honor\u00e1vel Ministra da Educa\u00e7\u00e3o da Generalitat de Catalunya), Merc\u00e8 Chac\u00f3n (Diretora Geral da Forma\u00e7\u00e3o Profissional), Ignasi Garc\u00eda (Secret\u00e1rio da Transforma\u00e7\u00e3o Educativa), Josep Maria Pallar\u00e9s (Diretor) e Adolf Iglesias (Coordenador Dual) do Institut Pere Martell (Tarragona).<\/p>\n<\/div><div class=\"fusion-title title fusion-title-1 fusion-sep-none fusion-title-text fusion-title-size-two\" style=\"--awb-text-color:var(--awb-color8);--awb-font-size:28px;\"><h2 class=\"fusion-title-heading title-heading-left\" style=\"margin:0;font-size:1em;\">No passado dia 9 de novembro, a MASA Servicios recebeu o reconhecimento da Certifica\u00e7\u00e3o de Excel\u00eancia na XXI Jornada de Calidad en la Ense\u00f1anza. A empresa recebeu este pr\u00e9mio pelo seu compromisso e bom trabalho com a forma\u00e7\u00e3o dual na delega\u00e7\u00e3o de Tarragona.<\/h2><\/div><div class=\"fusion-text fusion-text-2\"><p>A forma\u00e7\u00e3o dual \u00e9 um modelo educativo que combina a forma\u00e7\u00e3o te\u00f3rica na sala de aula com a forma\u00e7\u00e3o pr\u00e1tica no local de trabalho. Este modelo educativo \u00e9 muito apreciado pelas empresas, pois permite-lhes formar mais eficazmente os seus potenciais futuros empregados e adaptar a forma\u00e7\u00e3o \u00e0s necessidades espec\u00edficas da empresa.<\/p>\n<\/div><\/div><\/div><div class=\"fusion-layout-column fusion_builder_column fusion-builder-column-1 fusion_builder_column_1_2 1_2 fusion-flex-column\" style=\"--awb-bg-size:cover;--awb-width-large:50%;--awb-margin-top-large:0px;--awb-spacing-right-large:3.84%;--awb-margin-bottom-large:20px;--awb-spacing-left-large:3.84%;--awb-width-medium:50%;--awb-order-medium:0;--awb-spacing-right-medium:3.84%;--awb-spacing-left-medium:3.84%;--awb-width-small:100%;--awb-order-small:0;--awb-spacing-right-small:1.92%;--awb-spacing-left-small:1.92%;\"><div class=\"fusion-column-wrapper fusion-column-has-shadow fusion-flex-justify-content-flex-start fusion-content-layout-column\"><div class=\"fusion-text fusion-text-3\"><p>A MASA Services foi reconhecida pelo seu empenhamento na forma\u00e7\u00e3o dual e pela sua capacidade de proporcionar aos estudantes uma forma\u00e7\u00e3o de elevada qualidade. A empresa trabalhou em estreita colabora\u00e7\u00e3o com os institutos de Tarragona para desenvolver programas de forma\u00e7\u00e3o dual que respondam \u00e0s necessidades dos estudantes e das empresas.<\/p>\n<p>A XXI Jornada de Qualitat en l'Ensenyament \u00e9 um evento anual realizado na Catalunha para promover a qualidade na educa\u00e7\u00e3o. Este ano, a confer\u00eancia teve um significado especial, uma vez que o Projeto de Qualidade e Melhoria Cont\u00ednua completou 25 anos.<\/p>\n<p>Desde 1998, o Departamento de Educa\u00e7\u00e3o do Governo da Catalunha presta apoio a<\/p>\n<p>centros educativos da Catalunha para desenvolver sistemas de gest\u00e3o da qualidade. Este apoio \u00e9 materializado atrav\u00e9s do Projeto de Qualidade e Melhoria Cont\u00ednua, que ajuda, aconselha e acompanha os centros a implement\u00e1-los eficazmente. O projeto trabalha com 213 centros de diferentes tipos e etapas de ensino.<\/p>\n<p>O nosso Diretor da MASA SERVICIOS, Alejandro Amores Alonso, recebeu das m\u00e3os da Ministra Regional da Educa\u00e7\u00e3o, Anna Sim\u00f3, o Diploma de Certifica\u00e7\u00e3o de Excel\u00eancia atribu\u00eddo \u00e0 MASA Servicios em reconhecimento do seu trabalho de colabora\u00e7\u00e3o entre a escola e a empresa para proporcionar a melhor forma\u00e7\u00e3o dual aos alunos.<\/p>\n<p>Para mais informa\u00e7\u00f5es: https:\/\/projectes.xtec.cat\/qualitatfp\/<\/p>\n<\/div><\/div><\/div><div class=\"fusion-layout-column fusion_builder_column fusion-builder-column-2 fusion_builder_column_1_2 1_2 fusion-flex-column\" style=\"--awb-bg-size:cover;--awb-width-large:50%;--awb-margin-top-large:0px;--awb-spacing-right-large:3.84%;--awb-margin-bottom-large:20px;--awb-spacing-left-large:3.84%;--awb-width-medium:50%;--awb-order-medium:0;--awb-spacing-right-medium:3.84%;--awb-spacing-left-medium:3.84%;--awb-width-small:100%;--awb-order-small:0;--awb-spacing-right-small:1.92%;--awb-spacing-left-small:1.92%;\"><div class=\"fusion-column-wrapper fusion-column-has-shadow fusion-flex-justify-content-flex-start fusion-content-layout-column\"><div class=\"fusion-image-element\" style=\"--awb-caption-title-font-family:var(--h2_typography-font-family);--awb-caption-title-font-weight:var(--h2_typography-font-weight);--awb-caption-title-font-style:var(--h2_typography-font-style);--awb-caption-title-size:var(--h2_typography-font-size);--awb-caption-title-transform:var(--h2_typography-text-transform);--awb-caption-title-line-height:var(--h2_typography-line-height);--awb-caption-title-letter-spacing:var(--h2_typography-letter-spacing);\"><span class=\"fusion-imageframe imageframe-none imageframe-1 hover-type-none\" style=\"border:1px solid var(--awb-color8);\"><img decoding=\"async\" width=\"730\" height=\"1024\" src=\"https:\/\/masagrupo.com\/wp-content\/uploads\/2023\/11\/20231115090743761-1-pdf-1-e1763237740784-730x1024.jpg\" alt class=\"img-responsive wp-image-11767\" srcset=\"https:\/\/masagrupo.com\/wp-content\/uploads\/2023\/11\/20231115090743761-1-pdf-1-e1763237740784-200x280.jpg 200w, https:\/\/masagrupo.com\/wp-content\/uploads\/2023\/11\/20231115090743761-1-pdf-1-e1763237740784-400x561.jpg 400w, https:\/\/masagrupo.com\/wp-content\/uploads\/2023\/11\/20231115090743761-1-pdf-1-e1763237740784-600x841.jpg 600w, https:\/\/masagrupo.com\/wp-content\/uploads\/2023\/11\/20231115090743761-1-pdf-1-e1763237740784-800x1122.jpg 800w, https:\/\/masagrupo.com\/wp-content\/uploads\/2023\/11\/20231115090743761-1-pdf-1-e1763237740784.jpg 1050w\" sizes=\"(max-width: 640px) 100vw, 600px\" \/><\/span><\/div><\/div><\/div><div class=\"fusion-layout-column fusion_builder_column fusion-builder-column-3 fusion_builder_column_1_1 1_1 fusion-flex-column\" style=\"--awb-bg-size:cover;--awb-width-large:100%;--awb-margin-top-large:0px;--awb-spacing-right-large:1.92%;--awb-margin-bottom-large:20px;--awb-spacing-left-large:1.92%;--awb-width-medium:100%;--awb-order-medium:0;--awb-spacing-right-medium:1.92%;--awb-spacing-left-medium:1.92%;--awb-width-small:100%;--awb-order-small:0;--awb-spacing-right-small:1.92%;--awb-spacing-left-small:1.92%;\"><div class=\"fusion-column-wrapper fusion-column-has-shadow fusion-flex-justify-content-flex-start fusion-content-layout-column\"><div class=\"fusion-text fusion-text-4\"><p><div class=\"video-shortcode\"><iframe title=\"XXI CONFER\u00caNCIA SOBRE QUALIDADE NA EDUCA\u00c7\u00c3O\" width=\"1200\" height=\"675\" src=\"https:\/\/www.youtube.com\/embed\/KSzxso_WuY8?start=8457&#038;feature=oembed\" frameborder=\"0\" allow=\"accelerometer; autoplay; clipboard-write; encrypted-media; gyroscope; picture-in-picture; web-share\" referrerpolicy=\"strict-origin-when-cross-origin\" allowfullscreen><\/iframe><\/div><\/p>\n<\/div><\/div><\/div><\/div><\/div>","protected":false},"excerpt":{"rendered":"<p>No passado dia 9 de novembro, a MASA Servicios recebeu o reconhecimento da Certifica\u00e7\u00e3o de Excel\u00eancia na XXI Jornada de Calidad en la Ense\u00f1anza. A empresa recebeu este pr\u00e9mio pelo seu compromisso e bom trabalho com a forma\u00e7\u00e3o dual na delega\u00e7\u00e3o de Tarragona.<\/p>","protected":false},"author":2,"featured_media":9223,"comment_status":"closed","ping_status":"closed","sticky":false,"template":"","format":"standard","meta":{"footnotes":""},"categories":[1],"tags":[],"class_list":["post-9221","post","type-post","status-publish","format-standard","has-post-thumbnail","hentry","category-digitalizacion-del-mantenimiento"],"yoast_head":"<!-- This site is optimized with the Yoast SEO plugin v27.4 - https:\/\/yoast.com\/product\/yoast-seo-wordpress\/ -->\n<title>MASA Servicios recibe la Certificaci\u00f3n de Excelencia en Tarragona - Grupo Masa<\/title>\n<meta name=\"robots\" content=\"index, follow, max-snippet:-1, max-image-preview:large, max-video-preview:-1\" \/>\n<link rel=\"canonical\" href=\"https:\/\/masagrupo.com\/pt\/masa-servicios-recebe-certificacao-de-excelencia-em-tarragona\/\" \/>\n<meta property=\"og:locale\" content=\"pt_PT\" \/>\n<meta property=\"og:type\" content=\"article\" \/>\n<meta property=\"og:title\" content=\"MASA Servicios recibe la Certificaci\u00f3n de Excelencia en Tarragona - Grupo Masa\" \/>\n<meta property=\"og:description\" content=\"El pasado 9 de noviembre, MASA Servicios fue galardonada con el reconocimiento de Certificaci\u00f3n de Excelencia en la XXI Jornada de Calidad en la Ense\u00f1anza. La empresa recibi\u00f3 este premio por su compromiso y buen hacer con la formaci\u00f3n dual en la delegaci\u00f3n de Tarragona.\" \/>\n<meta property=\"og:url\" content=\"https:\/\/masagrupo.com\/pt\/masa-servicios-recebe-certificacao-de-excelencia-em-tarragona\/\" \/>\n<meta property=\"og:site_name\" content=\"Grupo Masa\" \/>\n<meta property=\"article:published_time\" content=\"2023-11-20T11:49:35+00:00\" \/>\n<meta property=\"article:modified_time\" content=\"2025-11-15T20:17:14+00:00\" \/>\n<meta property=\"og:image\" content=\"https:\/\/masagrupo.com\/wp-content\/uploads\/2023\/11\/MASA-SERVICIOS-INS-PERE-MARTELL-9-NOVEMBRE-2023-scaled.jpg\" \/>\n\t<meta property=\"og:image:width\" content=\"2560\" \/>\n\t<meta property=\"og:image:height\" content=\"1707\" \/>\n\t<meta property=\"og:image:type\" content=\"image\/jpeg\" \/>\n<meta name=\"author\" content=\"Paloma Ar\u00edn\" \/>\n<meta name=\"twitter:card\" content=\"summary_large_image\" \/>\n<meta name=\"twitter:label1\" content=\"Written by\" \/>\n\t<meta name=\"twitter:data1\" content=\"Paloma Ar\u00edn\" \/>\n\t<meta name=\"twitter:label2\" content=\"Est. reading time\" \/>\n\t<meta name=\"twitter:data2\" content=\"3 minutes\" \/>\n<script type=\"application\/ld+json\" class=\"yoast-schema-graph\">{\"@context\":\"https:\\\/\\\/schema.org\",\"@graph\":[{\"@type\":\"Article\",\"@id\":\"https:\\\/\\\/masagrupo.com\\\/masa-servicios-recibe-la-certificacion-de-excelencia-en-tarragona\\\/#article\",\"isPartOf\":{\"@id\":\"https:\\\/\\\/masagrupo.com\\\/masa-servicios-recibe-la-certificacion-de-excelencia-en-tarragona\\\/\"},\"author\":{\"name\":\"Paloma Ar\u00edn\",\"@id\":\"https:\\\/\\\/masagrupo.com\\\/#\\\/schema\\\/person\\\/7067a848d602fff19af4f2172917fae3\"},\"headline\":\"MASA Servicios recibe la Certificaci\u00f3n de Excelencia en Tarragona\",\"datePublished\":\"2023-11-20T11:49:35+00:00\",\"dateModified\":\"2025-11-15T20:17:14+00:00\",\"mainEntityOfPage\":{\"@id\":\"https:\\\/\\\/masagrupo.com\\\/masa-servicios-recibe-la-certificacion-de-excelencia-en-tarragona\\\/\"},\"wordCount\":2095,\"image\":{\"@id\":\"https:\\\/\\\/masagrupo.com\\\/masa-servicios-recibe-la-certificacion-de-excelencia-en-tarragona\\\/#primaryimage\"},\"thumbnailUrl\":\"https:\\\/\\\/masagrupo.com\\\/wp-content\\\/uploads\\\/2023\\\/11\\\/MASA-SERVICIOS-INS-PERE-MARTELL-9-NOVEMBRE-2023-scaled.jpg\",\"articleSection\":[\"Digitalizaci\u00f3n del Mantenimiento\"],\"inLanguage\":\"pt-PT\"},{\"@type\":\"WebPage\",\"@id\":\"https:\\\/\\\/masagrupo.com\\\/masa-servicios-recibe-la-certificacion-de-excelencia-en-tarragona\\\/\",\"url\":\"https:\\\/\\\/masagrupo.com\\\/masa-servicios-recibe-la-certificacion-de-excelencia-en-tarragona\\\/\",\"name\":\"MASA Servicios recibe la Certificaci\u00f3n de Excelencia en Tarragona - Grupo Masa\",\"isPartOf\":{\"@id\":\"https:\\\/\\\/masagrupo.com\\\/#website\"},\"primaryImageOfPage\":{\"@id\":\"https:\\\/\\\/masagrupo.com\\\/masa-servicios-recibe-la-certificacion-de-excelencia-en-tarragona\\\/#primaryimage\"},\"image\":{\"@id\":\"https:\\\/\\\/masagrupo.com\\\/masa-servicios-recibe-la-certificacion-de-excelencia-en-tarragona\\\/#primaryimage\"},\"thumbnailUrl\":\"https:\\\/\\\/masagrupo.com\\\/wp-content\\\/uploads\\\/2023\\\/11\\\/MASA-SERVICIOS-INS-PERE-MARTELL-9-NOVEMBRE-2023-scaled.jpg\",\"datePublished\":\"2023-11-20T11:49:35+00:00\",\"dateModified\":\"2025-11-15T20:17:14+00:00\",\"author\":{\"@id\":\"https:\\\/\\\/masagrupo.com\\\/#\\\/schema\\\/person\\\/7067a848d602fff19af4f2172917fae3\"},\"breadcrumb\":{\"@id\":\"https:\\\/\\\/masagrupo.com\\\/masa-servicios-recibe-la-certificacion-de-excelencia-en-tarragona\\\/#breadcrumb\"},\"inLanguage\":\"pt-PT\",\"potentialAction\":[{\"@type\":\"ReadAction\",\"target\":[\"https:\\\/\\\/masagrupo.com\\\/masa-servicios-recibe-la-certificacion-de-excelencia-en-tarragona\\\/\"]}]},{\"@type\":\"ImageObject\",\"inLanguage\":\"pt-PT\",\"@id\":\"https:\\\/\\\/masagrupo.com\\\/masa-servicios-recibe-la-certificacion-de-excelencia-en-tarragona\\\/#primaryimage\",\"url\":\"https:\\\/\\\/masagrupo.com\\\/wp-content\\\/uploads\\\/2023\\\/11\\\/MASA-SERVICIOS-INS-PERE-MARTELL-9-NOVEMBRE-2023-scaled.jpg\",\"contentUrl\":\"https:\\\/\\\/masagrupo.com\\\/wp-content\\\/uploads\\\/2023\\\/11\\\/MASA-SERVICIOS-INS-PERE-MARTELL-9-NOVEMBRE-2023-scaled.jpg\",\"width\":2560,\"height\":1707,\"caption\":\"De izquierda a derecha: Patricia Trillo (directora del centre d'institucions de CaixaBank a Barcelona), Alejandro Amores Alonso, (Gerente de MASA SERVICIOS), Anna Sim\u00f3 (Honorable Consellera d\u2019Educaci\u00f3 de la Generalitat de Catalunya), Merc\u00e8 Chac\u00f3n (Directora General de Formaci\u00f3 Professional), Ignasi Garc\u00eda (Secretari de Transformaci\u00f3 Educativa), Josep Maria Pallar\u00e9s (Director) i Adolf Iglesias (Coordinador dual) de l\u2019Institut Pere Martell (Tarragona).\"},{\"@type\":\"BreadcrumbList\",\"@id\":\"https:\\\/\\\/masagrupo.com\\\/masa-servicios-recibe-la-certificacion-de-excelencia-en-tarragona\\\/#breadcrumb\",\"itemListElement\":[{\"@type\":\"ListItem\",\"position\":1,\"name\":\"Portada\",\"item\":\"https:\\\/\\\/masagrupo.com\\\/\"},{\"@type\":\"ListItem\",\"position\":2,\"name\":\"MASA Servicios recibe la Certificaci\u00f3n de Excelencia en Tarragona\"}]},{\"@type\":\"WebSite\",\"@id\":\"https:\\\/\\\/masagrupo.com\\\/#website\",\"url\":\"https:\\\/\\\/masagrupo.com\\\/\",\"name\":\"Grupo Masa\",\"description\":\"MASA es una empresa del Grupo ACS\",\"potentialAction\":[{\"@type\":\"SearchAction\",\"target\":{\"@type\":\"EntryPoint\",\"urlTemplate\":\"https:\\\/\\\/masagrupo.com\\\/?s={search_term_string}\"},\"query-input\":{\"@type\":\"PropertyValueSpecification\",\"valueRequired\":true,\"valueName\":\"search_term_string\"}}],\"inLanguage\":\"pt-PT\"},{\"@type\":\"Person\",\"@id\":\"https:\\\/\\\/masagrupo.com\\\/#\\\/schema\\\/person\\\/7067a848d602fff19af4f2172917fae3\",\"name\":\"Paloma Ar\u00edn\",\"image\":{\"@type\":\"ImageObject\",\"inLanguage\":\"pt-PT\",\"@id\":\"https:\\\/\\\/secure.gravatar.com\\\/avatar\\\/d707daeb8561bd35e0b9c01b797023daef352b68a03c8c613fe9cf9f178aa597?s=96&d=mm&r=g\",\"url\":\"https:\\\/\\\/secure.gravatar.com\\\/avatar\\\/d707daeb8561bd35e0b9c01b797023daef352b68a03c8c613fe9cf9f178aa597?s=96&d=mm&r=g\",\"contentUrl\":\"https:\\\/\\\/secure.gravatar.com\\\/avatar\\\/d707daeb8561bd35e0b9c01b797023daef352b68a03c8c613fe9cf9f178aa597?s=96&d=mm&r=g\",\"caption\":\"Paloma Ar\u00edn\"},\"url\":\"https:\\\/\\\/masagrupo.com\\\/pt\\\/author\\\/paloma-arin\\\/\"}]}<\/script>\n<!-- \/ Yoast SEO plugin. -->","yoast_head_json":{"title":"MASA Services recebe a Certifica\u00e7\u00e3o de Excel\u00eancia em Tarragona - Grupo Masa","robots":{"index":"index","follow":"follow","max-snippet":"max-snippet:-1","max-image-preview":"max-image-preview:large","max-video-preview":"max-video-preview:-1"},"canonical":"https:\/\/masagrupo.com\/pt\/masa-servicios-recebe-certificacao-de-excelencia-em-tarragona\/","og_locale":"pt_PT","og_type":"article","og_title":"MASA Servicios recibe la Certificaci\u00f3n de Excelencia en Tarragona - Grupo Masa","og_description":"El pasado 9 de noviembre, MASA Servicios fue galardonada con el reconocimiento de Certificaci\u00f3n de Excelencia en la XXI Jornada de Calidad en la Ense\u00f1anza. La empresa recibi\u00f3 este premio por su compromiso y buen hacer con la formaci\u00f3n dual en la delegaci\u00f3n de Tarragona.","og_url":"https:\/\/masagrupo.com\/pt\/masa-servicios-recebe-certificacao-de-excelencia-em-tarragona\/","og_site_name":"Grupo Masa","article_published_time":"2023-11-20T11:49:35+00:00","article_modified_time":"2025-11-15T20:17:14+00:00","og_image":[{"width":2560,"height":1707,"url":"https:\/\/masagrupo.com\/wp-content\/uploads\/2023\/11\/MASA-SERVICIOS-INS-PERE-MARTELL-9-NOVEMBRE-2023-scaled.jpg","type":"image\/jpeg"}],"author":"Paloma Ar\u00edn","twitter_card":"summary_large_image","twitter_misc":{"Written by":"Paloma Ar\u00edn","Est. reading time":"3 minutes"},"schema":{"@context":"https:\/\/schema.org","@graph":[{"@type":"Article","@id":"https:\/\/masagrupo.com\/masa-servicios-recibe-la-certificacion-de-excelencia-en-tarragona\/#article","isPartOf":{"@id":"https:\/\/masagrupo.com\/masa-servicios-recibe-la-certificacion-de-excelencia-en-tarragona\/"},"author":{"name":"Paloma Ar\u00edn","@id":"https:\/\/masagrupo.com\/#\/schema\/person\/7067a848d602fff19af4f2172917fae3"},"headline":"MASA Servicios recibe la Certificaci\u00f3n de Excelencia en Tarragona","datePublished":"2023-11-20T11:49:35+00:00","dateModified":"2025-11-15T20:17:14+00:00","mainEntityOfPage":{"@id":"https:\/\/masagrupo.com\/masa-servicios-recibe-la-certificacion-de-excelencia-en-tarragona\/"},"wordCount":2095,"image":{"@id":"https:\/\/masagrupo.com\/masa-servicios-recibe-la-certificacion-de-excelencia-en-tarragona\/#primaryimage"},"thumbnailUrl":"https:\/\/masagrupo.com\/wp-content\/uploads\/2023\/11\/MASA-SERVICIOS-INS-PERE-MARTELL-9-NOVEMBRE-2023-scaled.jpg","articleSection":["Digitalizaci\u00f3n del Mantenimiento"],"inLanguage":"pt-PT"},{"@type":"WebPage","@id":"https:\/\/masagrupo.com\/masa-servicios-recibe-la-certificacion-de-excelencia-en-tarragona\/","url":"https:\/\/masagrupo.com\/masa-servicios-recibe-la-certificacion-de-excelencia-en-tarragona\/","name":"MASA Services recebe a Certifica\u00e7\u00e3o de Excel\u00eancia em Tarragona - Grupo Masa","isPartOf":{"@id":"https:\/\/masagrupo.com\/#website"},"primaryImageOfPage":{"@id":"https:\/\/masagrupo.com\/masa-servicios-recibe-la-certificacion-de-excelencia-en-tarragona\/#primaryimage"},"image":{"@id":"https:\/\/masagrupo.com\/masa-servicios-recibe-la-certificacion-de-excelencia-en-tarragona\/#primaryimage"},"thumbnailUrl":"https:\/\/masagrupo.com\/wp-content\/uploads\/2023\/11\/MASA-SERVICIOS-INS-PERE-MARTELL-9-NOVEMBRE-2023-scaled.jpg","datePublished":"2023-11-20T11:49:35+00:00","dateModified":"2025-11-15T20:17:14+00:00","author":{"@id":"https:\/\/masagrupo.com\/#\/schema\/person\/7067a848d602fff19af4f2172917fae3"},"breadcrumb":{"@id":"https:\/\/masagrupo.com\/masa-servicios-recibe-la-certificacion-de-excelencia-en-tarragona\/#breadcrumb"},"inLanguage":"pt-PT","potentialAction":[{"@type":"ReadAction","target":["https:\/\/masagrupo.com\/masa-servicios-recibe-la-certificacion-de-excelencia-en-tarragona\/"]}]},{"@type":"ImageObject","inLanguage":"pt-PT","@id":"https:\/\/masagrupo.com\/masa-servicios-recibe-la-certificacion-de-excelencia-en-tarragona\/#primaryimage","url":"https:\/\/masagrupo.com\/wp-content\/uploads\/2023\/11\/MASA-SERVICIOS-INS-PERE-MARTELL-9-NOVEMBRE-2023-scaled.jpg","contentUrl":"https:\/\/masagrupo.com\/wp-content\/uploads\/2023\/11\/MASA-SERVICIOS-INS-PERE-MARTELL-9-NOVEMBRE-2023-scaled.jpg","width":2560,"height":1707,"caption":"De izquierda a derecha: Patricia Trillo (directora del centre d'institucions de CaixaBank a Barcelona), Alejandro Amores Alonso, (Gerente de MASA SERVICIOS), Anna Sim\u00f3 (Honorable Consellera d\u2019Educaci\u00f3 de la Generalitat de Catalunya), Merc\u00e8 Chac\u00f3n (Directora General de Formaci\u00f3 Professional), Ignasi Garc\u00eda (Secretari de Transformaci\u00f3 Educativa), Josep Maria Pallar\u00e9s (Director) i Adolf Iglesias (Coordinador dual) de l\u2019Institut Pere Martell (Tarragona)."},{"@type":"BreadcrumbList","@id":"https:\/\/masagrupo.com\/masa-servicios-recibe-la-certificacion-de-excelencia-en-tarragona\/#breadcrumb","itemListElement":[{"@type":"ListItem","position":1,"name":"Portada","item":"https:\/\/masagrupo.com\/"},{"@type":"ListItem","position":2,"name":"MASA Servicios recibe la Certificaci\u00f3n de Excelencia en Tarragona"}]},{"@type":"WebSite","@id":"https:\/\/masagrupo.com\/#website","url":"https:\/\/masagrupo.com\/","name":"Grupo Masa","description":"A MASA \u00e9 uma empresa do Grupo ACS","potentialAction":[{"@type":"SearchAction","target":{"@type":"EntryPoint","urlTemplate":"https:\/\/masagrupo.com\/?s={search_term_string}"},"query-input":{"@type":"PropertyValueSpecification","valueRequired":true,"valueName":"search_term_string"}}],"inLanguage":"pt-PT"},{"@type":"Person","@id":"https:\/\/masagrupo.com\/#\/schema\/person\/7067a848d602fff19af4f2172917fae3","name":"Paloma Ar\u00edn","image":{"@type":"ImageObject","inLanguage":"pt-PT","@id":"https:\/\/secure.gravatar.com\/avatar\/d707daeb8561bd35e0b9c01b797023daef352b68a03c8c613fe9cf9f178aa597?s=96&d=mm&r=g","url":"https:\/\/secure.gravatar.com\/avatar\/d707daeb8561bd35e0b9c01b797023daef352b68a03c8c613fe9cf9f178aa597?s=96&d=mm&r=g","contentUrl":"https:\/\/secure.gravatar.com\/avatar\/d707daeb8561bd35e0b9c01b797023daef352b68a03c8c613fe9cf9f178aa597?s=96&d=mm&r=g","caption":"Paloma Ar\u00edn"},"url":"https:\/\/masagrupo.com\/pt\/author\/paloma-arin\/"}]}},"_links":{"self":[{"href":"https:\/\/masagrupo.com\/pt\/wp-json\/wp\/v2\/posts\/9221","targetHints":{"allow":["GET"]}}],"collection":[{"href":"https:\/\/masagrupo.com\/pt\/wp-json\/wp\/v2\/posts"}],"about":[{"href":"https:\/\/masagrupo.com\/pt\/wp-json\/wp\/v2\/types\/post"}],"author":[{"embeddable":true,"href":"https:\/\/masagrupo.com\/pt\/wp-json\/wp\/v2\/users\/2"}],"replies":[{"embeddable":true,"href":"https:\/\/masagrupo.com\/pt\/wp-json\/wp\/v2\/comments?post=9221"}],"version-history":[{"count":18,"href":"https:\/\/masagrupo.com\/pt\/wp-json\/wp\/v2\/posts\/9221\/revisions"}],"predecessor-version":[{"id":11777,"href":"https:\/\/masagrupo.com\/pt\/wp-json\/wp\/v2\/posts\/9221\/revisions\/11777"}],"wp:featuredmedia":[{"embeddable":true,"href":"https:\/\/masagrupo.com\/pt\/wp-json\/wp\/v2\/media\/9223"}],"wp:attachment":[{"href":"https:\/\/masagrupo.com\/pt\/wp-json\/wp\/v2\/media?parent=9221"}],"wp:term":[{"taxonomy":"category","embeddable":true,"href":"https:\/\/masagrupo.com\/pt\/wp-json\/wp\/v2\/categories?post=9221"},{"taxonomy":"post_tag","embeddable":true,"href":"https:\/\/masagrupo.com\/pt\/wp-json\/wp\/v2\/tags?post=9221"}],"curies":[{"name":"wp","href":"https:\/\/api.w.org\/{rel}","templated":true}]}}