{"id":9100,"date":"2023-09-20T20:28:01","date_gmt":"2023-09-20T18:28:01","guid":{"rendered":"http:\/\/masagrupo.com\/?p=9100"},"modified":"2025-11-15T21:29:20","modified_gmt":"2025-11-15T20:29:20","slug":"semana-europeia-da-mobilidade-2023-massa-com-mobilidade-sustentavel-4","status":"publish","type":"post","link":"https:\/\/masagrupo.com\/pt\/semana-europea-de-la-movilidad-2023-masa-con-la-movilidad-sostenible-4\/","title":{"rendered":"Semana Europeia da Mobilidade 2023. MASA para uma mobilidade sustent\u00e1vel"},"content":{"rendered":"<p><div class=\"fusion-fullwidth fullwidth-box fusion-builder-row-1 fusion-flex-container has-pattern-background has-mask-background nonhundred-percent-fullwidth non-hundred-percent-height-scrolling\" style=\"--awb-border-radius-top-left:0px;--awb-border-radius-top-right:0px;--awb-border-radius-bottom-right:0px;--awb-border-radius-bottom-left:0px;--awb-flex-wrap:wrap;\" ><div class=\"fusion-builder-row fusion-row fusion-flex-align-items-flex-start fusion-flex-content-wrap\" style=\"max-width:1248px;margin-left: calc(-4% \/ 2 );margin-right: calc(-4% \/ 2 );\"><div class=\"fusion-layout-column fusion_builder_column fusion-builder-column-0 fusion_builder_column_1_1 1_1 fusion-flex-column\" style=\"--awb-bg-size:cover;--awb-width-large:100%;--awb-margin-top-large:0px;--awb-spacing-right-large:1.92%;--awb-margin-bottom-large:20px;--awb-spacing-left-large:1.92%;--awb-width-medium:100%;--awb-order-medium:0;--awb-spacing-right-medium:1.92%;--awb-spacing-left-medium:1.92%;--awb-width-small:100%;--awb-order-small:0;--awb-spacing-right-small:1.92%;--awb-spacing-left-small:1.92%;\"><div class=\"fusion-column-wrapper fusion-column-has-shadow fusion-flex-justify-content-flex-start fusion-content-layout-column\"><div class=\"fusion-title title fusion-title-1 fusion-sep-none fusion-title-text fusion-title-size-two\" style=\"--awb-text-color:var(--awb-color8);--awb-font-size:28px;\"><h2 class=\"fusion-title-heading title-heading-left\" style=\"margin:0;font-size:1em;\">A MASA apoia a Semana Europeia da Mobilidade, que decorre de 16 a 22 de setembro de 2023, reafirmando o seu compromisso com a mobilidade sustent\u00e1vel. Esta semana oferece uma oportunidade \u00fanica para conectar e partilhar novas formas de mobilidade limpa, avaliar os desafios actuais nos transportes e avan\u00e7ar para uma mobilidade mais sustent\u00e1vel para a Europa.<\/h2><\/div><\/div><\/div><\/div><\/div><div class=\"fusion-fullwidth fullwidth-box fusion-builder-row-2 fusion-flex-container has-pattern-background has-mask-background nonhundred-percent-fullwidth non-hundred-percent-height-scrolling\" style=\"--awb-border-radius-top-left:0px;--awb-border-radius-top-right:0px;--awb-border-radius-bottom-right:0px;--awb-border-radius-bottom-left:0px;--awb-flex-wrap:wrap;\" ><div class=\"fusion-builder-row fusion-row fusion-flex-align-items-flex-start fusion-flex-content-wrap\" style=\"max-width:1248px;margin-left: calc(-4% \/ 2 );margin-right: calc(-4% \/ 2 );\"><div class=\"fusion-layout-column fusion_builder_column fusion-builder-column-1 fusion_builder_column_1_2 1_2 fusion-flex-column\" style=\"--awb-bg-size:cover;--awb-width-large:50%;--awb-margin-top-large:0px;--awb-spacing-right-large:3.84%;--awb-margin-bottom-large:20px;--awb-spacing-left-large:3.84%;--awb-width-medium:50%;--awb-order-medium:0;--awb-spacing-right-medium:3.84%;--awb-spacing-left-medium:3.84%;--awb-width-small:100%;--awb-order-small:0;--awb-spacing-right-small:1.92%;--awb-spacing-left-small:1.92%;\"><div class=\"fusion-column-wrapper fusion-column-has-shadow fusion-flex-justify-content-flex-start fusion-content-layout-column\"><div class=\"fusion-image-element\" style=\"--awb-caption-title-font-family:var(--h2_typography-font-family);--awb-caption-title-font-weight:var(--h2_typography-font-weight);--awb-caption-title-font-style:var(--h2_typography-font-style);--awb-caption-title-size:var(--h2_typography-font-size);--awb-caption-title-transform:var(--h2_typography-text-transform);--awb-caption-title-line-height:var(--h2_typography-line-height);--awb-caption-title-letter-spacing:var(--h2_typography-letter-spacing);\"><span class=\"fusion-imageframe imageframe-none imageframe-1 hover-type-none\"><img decoding=\"async\" width=\"548\" height=\"782\" title=\"mobilidade\" src=\"https:\/\/masagrupo.com\/wp-content\/uploads\/2023\/09\/movilidad.png\" alt class=\"img-responsive wp-image-11786\" srcset=\"https:\/\/masagrupo.com\/wp-content\/uploads\/2023\/09\/movilidad-200x285.png 200w, https:\/\/masagrupo.com\/wp-content\/uploads\/2023\/09\/movilidad-400x571.png 400w, https:\/\/masagrupo.com\/wp-content\/uploads\/2023\/09\/movilidad.png 548w\" sizes=\"(max-width: 640px) 100vw, 548px\" \/><\/span><\/div><\/div><\/div><div class=\"fusion-layout-column fusion_builder_column fusion-builder-column-2 fusion_builder_column_1_2 1_2 fusion-flex-column\" style=\"--awb-bg-size:cover;--awb-width-large:50%;--awb-margin-top-large:0px;--awb-spacing-right-large:3.84%;--awb-margin-bottom-large:20px;--awb-spacing-left-large:3.84%;--awb-width-medium:50%;--awb-order-medium:0;--awb-spacing-right-medium:3.84%;--awb-spacing-left-medium:3.84%;--awb-width-small:100%;--awb-order-small:0;--awb-spacing-right-small:1.92%;--awb-spacing-left-small:1.92%;\"><div class=\"fusion-column-wrapper fusion-column-has-shadow fusion-flex-justify-content-flex-start fusion-content-layout-column\"><div class=\"fusion-text fusion-text-1\"><p><a href=\"https:\/\/www.miteco.gob.es\/\" target=\"_blank\" rel=\"noopener\">O Minist\u00e9rio da Transi\u00e7\u00e3o Ecol\u00f3gica e o Desafio Demogr\u00e1fico<\/a> incentiva vivamente a participa\u00e7\u00e3o na Semana Europeia da Mobilidade (SEM) 2023, agendada para 16-22 de setembro. A SEM, da qual o Minist\u00e9rio da Transi\u00e7\u00e3o Ecol\u00f3gica e do Desafio Demogr\u00e1fico \u00e9 o coordenador nacional, \u00e9 uma campanha destinada a sensibilizar tanto os l\u00edderes pol\u00edticos como os cidad\u00e3os para os benef\u00edcios significativos para a sa\u00fade p\u00fablica e para o ambiente da utiliza\u00e7\u00e3o de modos de transporte mais sustent\u00e1veis, como os transportes p\u00fablicos, a bicicleta e as desloca\u00e7\u00f5es a p\u00e9. Esta iniciativa, que teve origem na Europa em 1999 e foi aprovada pela Comiss\u00e3o Europeia a partir de 2000, realiza-se anualmente de 16 a 22 de setembro. Oferece uma variedade de actividades para promover a mobilidade sustent\u00e1vel e incentivar<\/p>\n<p>a ado\u00e7\u00e3o de boas pr\u00e1ticas e de medidas permanentes. A campanha culmina a 22 de setembro com o evento \u00abDia sem Carros\u00bb, que est\u00e1 na origem desta iniciativa europeia, que visa encontrar novas solu\u00e7\u00f5es para os problemas relacionados com o aumento do tr\u00e1fego nas cidades. Para mais informa\u00e7\u00f5es sobre a SEM 2023, clique aqui: <span style=\"text-decoration: underline;\"><a href=\"https:\/\/www.miteco.gob.es\/es\/calidad-y-evaluacion-ambiental\/temas\/movilidad\/sem_2023.html\" target=\"_blank\" rel=\"noopener\">https:\/\/www.miteco.gob.es\/es\/calidad-y-evaluacion-ambiental\/temas\/movilidad\/sem_2023.html<\/a><\/span><\/p>\n<\/div><\/div><\/div><div class=\"fusion-layout-column fusion_builder_column fusion-builder-column-3 fusion_builder_column_1_1 1_1 fusion-flex-column\" style=\"--awb-bg-size:cover;--awb-width-large:100%;--awb-margin-top-large:0px;--awb-spacing-right-large:1.92%;--awb-margin-bottom-large:20px;--awb-spacing-left-large:1.92%;--awb-width-medium:100%;--awb-order-medium:0;--awb-spacing-right-medium:1.92%;--awb-spacing-left-medium:1.92%;--awb-width-small:100%;--awb-order-small:0;--awb-spacing-right-small:1.92%;--awb-spacing-left-small:1.92%;\"><div class=\"fusion-column-wrapper fusion-column-has-shadow fusion-flex-justify-content-flex-start fusion-content-layout-column\"><div class=\"fusion-text fusion-text-2\"><p>Do departamento de SIG do MASA, gostar\u00edamos de coincidir esta semana com o lan\u00e7amento da nossa CAMPANHA DE MOBILIDADE SUSTENT\u00c1VEL. O principal objetivo desta campanha \u00e9 sensibilizar o nosso pessoal para as vantagens, tanto para o ambiente como para a sa\u00fade, da utiliza\u00e7\u00e3o de meios de transporte sustent\u00e1veis.<\/p>\n<p>A mobilidade sustent\u00e1vel representa um dos principais motores para cumprir os Objectivos de Desenvolvimento Sustent\u00e1vel (ODS) das Na\u00e7\u00f5es Unidas, uma vez que est\u00e1 alinhada com v\u00e1rios ODS da Agenda 2030.<\/p>\n<p>Na MASA, cri\u00e1mos cartazes informativos com conselhos pr\u00e1ticos para integrar nos nossos h\u00e1bitos di\u00e1rios, que ser\u00e3o distribu\u00eddos em todos os locais de trabalho.<\/p>\n<p>Esta semana constitui uma oportunidade perfeita para estabelecer liga\u00e7\u00f5es e partilhar novas formas de mobilidade limpa, avaliar os actuais desafios em mat\u00e9ria de transportes e avan\u00e7ar para uma mobilidade mais sustent\u00e1vel na Europa.<\/p>\n<p>Todos n\u00f3s temos uma oportunidade \u00fanica de trabalhar em conjunto para enfrentar os desafios sociais e ambientais e, em \u00faltima an\u00e1lise, para concretizar o #ourDownTuesday.<\/p>\n<\/div><\/div><\/div><div class=\"fusion-layout-column fusion_builder_column fusion-builder-column-4 fusion_builder_column_1_3 1_3 fusion-flex-column\" style=\"--awb-bg-size:cover;--awb-width-large:33.333333333333%;--awb-margin-top-large:0px;--awb-spacing-right-large:5.76%;--awb-margin-bottom-large:20px;--awb-spacing-left-large:5.76%;--awb-width-medium:33.333333333333%;--awb-order-medium:0;--awb-spacing-right-medium:5.76%;--awb-spacing-left-medium:5.76%;--awb-width-small:100%;--awb-order-small:0;--awb-spacing-right-small:1.92%;--awb-spacing-left-small:1.92%;\"><div class=\"fusion-column-wrapper fusion-column-has-shadow fusion-flex-justify-content-flex-start fusion-content-layout-column\"><div class=\"fusion-image-element\" style=\"--awb-caption-title-font-family:var(--h2_typography-font-family);--awb-caption-title-font-weight:var(--h2_typography-font-weight);--awb-caption-title-font-style:var(--h2_typography-font-style);--awb-caption-title-size:var(--h2_typography-font-size);--awb-caption-title-transform:var(--h2_typography-text-transform);--awb-caption-title-line-height:var(--h2_typography-line-height);--awb-caption-title-letter-spacing:var(--h2_typography-letter-spacing);\"><span class=\"fusion-imageframe imageframe-none imageframe-2 hover-type-none\"><img decoding=\"async\" width=\"400\" height=\"434\" title=\"mobilidade2\" src=\"https:\/\/masagrupo.com\/wp-content\/uploads\/2023\/09\/movilidad2-400x434.png\" alt class=\"img-responsive wp-image-11785\" srcset=\"https:\/\/masagrupo.com\/wp-content\/uploads\/2023\/09\/movilidad2-200x217.png 200w, https:\/\/masagrupo.com\/wp-content\/uploads\/2023\/09\/movilidad2-400x434.png 400w, https:\/\/masagrupo.com\/wp-content\/uploads\/2023\/09\/movilidad2-600x651.png 600w, https:\/\/masagrupo.com\/wp-content\/uploads\/2023\/09\/movilidad2-800x868.png 800w, https:\/\/masagrupo.com\/wp-content\/uploads\/2023\/09\/movilidad2.png 870w\" sizes=\"(max-width: 640px) 100vw, 400px\" \/><\/span><\/div><\/div><\/div><div class=\"fusion-layout-column fusion_builder_column fusion-builder-column-5 fusion_builder_column_1_3 1_3 fusion-flex-column\" style=\"--awb-bg-size:cover;--awb-width-large:33.333333333333%;--awb-margin-top-large:0px;--awb-spacing-right-large:5.76%;--awb-margin-bottom-large:20px;--awb-spacing-left-large:5.76%;--awb-width-medium:33.333333333333%;--awb-order-medium:0;--awb-spacing-right-medium:5.76%;--awb-spacing-left-medium:5.76%;--awb-width-small:100%;--awb-order-small:0;--awb-spacing-right-small:1.92%;--awb-spacing-left-small:1.92%;\"><div class=\"fusion-column-wrapper fusion-column-has-shadow fusion-flex-justify-content-flex-start fusion-content-layout-column\"><div class=\"fusion-image-element\" style=\"--awb-caption-title-font-family:var(--h2_typography-font-family);--awb-caption-title-font-weight:var(--h2_typography-font-weight);--awb-caption-title-font-style:var(--h2_typography-font-style);--awb-caption-title-size:var(--h2_typography-font-size);--awb-caption-title-transform:var(--h2_typography-text-transform);--awb-caption-title-line-height:var(--h2_typography-line-height);--awb-caption-title-letter-spacing:var(--h2_typography-letter-spacing);\"><span class=\"fusion-imageframe imageframe-none imageframe-3 hover-type-none\"><img decoding=\"async\" width=\"400\" height=\"464\" title=\"mobilidade3\" src=\"https:\/\/masagrupo.com\/wp-content\/uploads\/2023\/09\/movilidad3-400x464.png\" alt class=\"img-responsive wp-image-11784\" srcset=\"https:\/\/masagrupo.com\/wp-content\/uploads\/2023\/09\/movilidad3-200x232.png 200w, https:\/\/masagrupo.com\/wp-content\/uploads\/2023\/09\/movilidad3-400x464.png 400w, https:\/\/masagrupo.com\/wp-content\/uploads\/2023\/09\/movilidad3-600x696.png 600w, https:\/\/masagrupo.com\/wp-content\/uploads\/2023\/09\/movilidad3.png 713w\" sizes=\"(max-width: 640px) 100vw, 400px\" \/><\/span><\/div><\/div><\/div><div class=\"fusion-layout-column fusion_builder_column fusion-builder-column-6 fusion_builder_column_1_3 1_3 fusion-flex-column\" style=\"--awb-bg-size:cover;--awb-width-large:33.333333333333%;--awb-margin-top-large:0px;--awb-spacing-right-large:5.76%;--awb-margin-bottom-large:20px;--awb-spacing-left-large:5.76%;--awb-width-medium:33.333333333333%;--awb-order-medium:0;--awb-spacing-right-medium:5.76%;--awb-spacing-left-medium:5.76%;--awb-width-small:100%;--awb-order-small:0;--awb-spacing-right-small:1.92%;--awb-spacing-left-small:1.92%;\"><div class=\"fusion-column-wrapper fusion-column-has-shadow fusion-flex-justify-content-flex-start fusion-content-layout-column\"><div class=\"fusion-image-element\" style=\"--awb-caption-title-font-family:var(--h2_typography-font-family);--awb-caption-title-font-weight:var(--h2_typography-font-weight);--awb-caption-title-font-style:var(--h2_typography-font-style);--awb-caption-title-size:var(--h2_typography-font-size);--awb-caption-title-transform:var(--h2_typography-text-transform);--awb-caption-title-line-height:var(--h2_typography-line-height);--awb-caption-title-letter-spacing:var(--h2_typography-letter-spacing);\"><span class=\"fusion-imageframe imageframe-none imageframe-4 hover-type-none\"><img decoding=\"async\" width=\"589\" height=\"192\" title=\"mobilidade4\" src=\"https:\/\/masagrupo.com\/wp-content\/uploads\/2023\/09\/movilidad4.png\" alt class=\"img-responsive wp-image-11783\" srcset=\"https:\/\/masagrupo.com\/wp-content\/uploads\/2023\/09\/movilidad4-200x65.png 200w, https:\/\/masagrupo.com\/wp-content\/uploads\/2023\/09\/movilidad4-400x130.png 400w, https:\/\/masagrupo.com\/wp-content\/uploads\/2023\/09\/movilidad4.png 589w\" sizes=\"(max-width: 640px) 100vw, 400px\" \/><\/span><\/div><\/div><\/div><\/div><\/div><\/p>","protected":false},"excerpt":{"rendered":"","protected":false},"author":2,"featured_media":9080,"comment_status":"closed","ping_status":"closed","sticky":false,"template":"","format":"standard","meta":{"footnotes":""},"categories":[1],"tags":[],"class_list":["post-9100","post","type-post","status-publish","format-standard","has-post-thumbnail","hentry","category-digitalizacion-del-mantenimiento"],"yoast_head":"<!-- This site is optimized with the Yoast SEO plugin v27.4 - https:\/\/yoast.com\/product\/yoast-seo-wordpress\/ -->\n<title>Semana Europea de la Movilidad 2023. MASA con la movilidad sostenible - Grupo Masa<\/title>\n<meta name=\"robots\" content=\"index, follow, max-snippet:-1, max-image-preview:large, max-video-preview:-1\" \/>\n<link rel=\"canonical\" href=\"https:\/\/masagrupo.com\/pt\/semana-europeia-da-mobilidade-2023-massa-com-mobilidade-sustentavel-4\/\" \/>\n<meta property=\"og:locale\" content=\"pt_PT\" \/>\n<meta property=\"og:type\" content=\"article\" \/>\n<meta property=\"og:title\" content=\"Semana Europea de la Movilidad 2023. MASA con la movilidad sostenible - Grupo Masa\" \/>\n<meta property=\"og:url\" content=\"https:\/\/masagrupo.com\/pt\/semana-europeia-da-mobilidade-2023-massa-com-mobilidade-sustentavel-4\/\" \/>\n<meta property=\"og:site_name\" content=\"Grupo Masa\" \/>\n<meta property=\"article:published_time\" content=\"2023-09-20T18:28:01+00:00\" \/>\n<meta property=\"article:modified_time\" content=\"2025-11-15T20:29:20+00:00\" \/>\n<meta property=\"og:image\" content=\"https:\/\/masagrupo.com\/wp-content\/uploads\/2023\/09\/image004.png\" \/>\n\t<meta property=\"og:image:width\" content=\"869\" \/>\n\t<meta property=\"og:image:height\" content=\"552\" \/>\n\t<meta property=\"og:image:type\" content=\"image\/png\" \/>\n<meta name=\"author\" content=\"Paloma Ar\u00edn\" \/>\n<meta name=\"twitter:card\" content=\"summary_large_image\" \/>\n<meta name=\"twitter:label1\" content=\"Written by\" \/>\n\t<meta name=\"twitter:data1\" content=\"Paloma Ar\u00edn\" \/>\n\t<meta name=\"twitter:label2\" content=\"Est. reading time\" \/>\n\t<meta name=\"twitter:data2\" content=\"3 minutes\" \/>\n<script type=\"application\/ld+json\" class=\"yoast-schema-graph\">{\"@context\":\"https:\\\/\\\/schema.org\",\"@graph\":[{\"@type\":\"Article\",\"@id\":\"https:\\\/\\\/masagrupo.com\\\/semana-europea-de-la-movilidad-2023-masa-con-la-movilidad-sostenible-4\\\/#article\",\"isPartOf\":{\"@id\":\"https:\\\/\\\/masagrupo.com\\\/semana-europea-de-la-movilidad-2023-masa-con-la-movilidad-sostenible-4\\\/\"},\"author\":{\"name\":\"Paloma Ar\u00edn\",\"@id\":\"https:\\\/\\\/masagrupo.com\\\/#\\\/schema\\\/person\\\/7067a848d602fff19af4f2172917fae3\"},\"headline\":\"Semana Europea de la Movilidad 2023. MASA con la movilidad sostenible\",\"datePublished\":\"2023-09-20T18:28:01+00:00\",\"dateModified\":\"2025-11-15T20:29:20+00:00\",\"mainEntityOfPage\":{\"@id\":\"https:\\\/\\\/masagrupo.com\\\/semana-europea-de-la-movilidad-2023-masa-con-la-movilidad-sostenible-4\\\/\"},\"wordCount\":6351,\"image\":{\"@id\":\"https:\\\/\\\/masagrupo.com\\\/semana-europea-de-la-movilidad-2023-masa-con-la-movilidad-sostenible-4\\\/#primaryimage\"},\"thumbnailUrl\":\"https:\\\/\\\/masagrupo.com\\\/wp-content\\\/uploads\\\/2023\\\/09\\\/image004.png\",\"articleSection\":[\"Digitalizaci\u00f3n del Mantenimiento\"],\"inLanguage\":\"pt-PT\"},{\"@type\":\"WebPage\",\"@id\":\"https:\\\/\\\/masagrupo.com\\\/semana-europea-de-la-movilidad-2023-masa-con-la-movilidad-sostenible-4\\\/\",\"url\":\"https:\\\/\\\/masagrupo.com\\\/semana-europea-de-la-movilidad-2023-masa-con-la-movilidad-sostenible-4\\\/\",\"name\":\"Semana Europea de la Movilidad 2023. MASA con la movilidad sostenible - Grupo Masa\",\"isPartOf\":{\"@id\":\"https:\\\/\\\/masagrupo.com\\\/#website\"},\"primaryImageOfPage\":{\"@id\":\"https:\\\/\\\/masagrupo.com\\\/semana-europea-de-la-movilidad-2023-masa-con-la-movilidad-sostenible-4\\\/#primaryimage\"},\"image\":{\"@id\":\"https:\\\/\\\/masagrupo.com\\\/semana-europea-de-la-movilidad-2023-masa-con-la-movilidad-sostenible-4\\\/#primaryimage\"},\"thumbnailUrl\":\"https:\\\/\\\/masagrupo.com\\\/wp-content\\\/uploads\\\/2023\\\/09\\\/image004.png\",\"datePublished\":\"2023-09-20T18:28:01+00:00\",\"dateModified\":\"2025-11-15T20:29:20+00:00\",\"author\":{\"@id\":\"https:\\\/\\\/masagrupo.com\\\/#\\\/schema\\\/person\\\/7067a848d602fff19af4f2172917fae3\"},\"breadcrumb\":{\"@id\":\"https:\\\/\\\/masagrupo.com\\\/semana-europea-de-la-movilidad-2023-masa-con-la-movilidad-sostenible-4\\\/#breadcrumb\"},\"inLanguage\":\"pt-PT\",\"potentialAction\":[{\"@type\":\"ReadAction\",\"target\":[\"https:\\\/\\\/masagrupo.com\\\/semana-europea-de-la-movilidad-2023-masa-con-la-movilidad-sostenible-4\\\/\"]}]},{\"@type\":\"ImageObject\",\"inLanguage\":\"pt-PT\",\"@id\":\"https:\\\/\\\/masagrupo.com\\\/semana-europea-de-la-movilidad-2023-masa-con-la-movilidad-sostenible-4\\\/#primaryimage\",\"url\":\"https:\\\/\\\/masagrupo.com\\\/wp-content\\\/uploads\\\/2023\\\/09\\\/image004.png\",\"contentUrl\":\"https:\\\/\\\/masagrupo.com\\\/wp-content\\\/uploads\\\/2023\\\/09\\\/image004.png\",\"width\":869,\"height\":552},{\"@type\":\"BreadcrumbList\",\"@id\":\"https:\\\/\\\/masagrupo.com\\\/semana-europea-de-la-movilidad-2023-masa-con-la-movilidad-sostenible-4\\\/#breadcrumb\",\"itemListElement\":[{\"@type\":\"ListItem\",\"position\":1,\"name\":\"Portada\",\"item\":\"https:\\\/\\\/masagrupo.com\\\/\"},{\"@type\":\"ListItem\",\"position\":2,\"name\":\"Semana Europea de la Movilidad 2023. MASA con la movilidad sostenible\"}]},{\"@type\":\"WebSite\",\"@id\":\"https:\\\/\\\/masagrupo.com\\\/#website\",\"url\":\"https:\\\/\\\/masagrupo.com\\\/\",\"name\":\"Grupo Masa\",\"description\":\"MASA es una empresa del Grupo ACS\",\"potentialAction\":[{\"@type\":\"SearchAction\",\"target\":{\"@type\":\"EntryPoint\",\"urlTemplate\":\"https:\\\/\\\/masagrupo.com\\\/?s={search_term_string}\"},\"query-input\":{\"@type\":\"PropertyValueSpecification\",\"valueRequired\":true,\"valueName\":\"search_term_string\"}}],\"inLanguage\":\"pt-PT\"},{\"@type\":\"Person\",\"@id\":\"https:\\\/\\\/masagrupo.com\\\/#\\\/schema\\\/person\\\/7067a848d602fff19af4f2172917fae3\",\"name\":\"Paloma Ar\u00edn\",\"image\":{\"@type\":\"ImageObject\",\"inLanguage\":\"pt-PT\",\"@id\":\"https:\\\/\\\/secure.gravatar.com\\\/avatar\\\/d707daeb8561bd35e0b9c01b797023daef352b68a03c8c613fe9cf9f178aa597?s=96&d=mm&r=g\",\"url\":\"https:\\\/\\\/secure.gravatar.com\\\/avatar\\\/d707daeb8561bd35e0b9c01b797023daef352b68a03c8c613fe9cf9f178aa597?s=96&d=mm&r=g\",\"contentUrl\":\"https:\\\/\\\/secure.gravatar.com\\\/avatar\\\/d707daeb8561bd35e0b9c01b797023daef352b68a03c8c613fe9cf9f178aa597?s=96&d=mm&r=g\",\"caption\":\"Paloma Ar\u00edn\"},\"url\":\"https:\\\/\\\/masagrupo.com\\\/pt\\\/author\\\/paloma-arin\\\/\"}]}<\/script>\n<!-- \/ Yoast SEO plugin. -->","yoast_head_json":{"title":"Semana Europeia da Mobilidade 2023. MASA com mobilidade sustent\u00e1vel - Grupo Masa","robots":{"index":"index","follow":"follow","max-snippet":"max-snippet:-1","max-image-preview":"max-image-preview:large","max-video-preview":"max-video-preview:-1"},"canonical":"https:\/\/masagrupo.com\/pt\/semana-europeia-da-mobilidade-2023-massa-com-mobilidade-sustentavel-4\/","og_locale":"pt_PT","og_type":"article","og_title":"Semana Europea de la Movilidad 2023. MASA con la movilidad sostenible - Grupo Masa","og_url":"https:\/\/masagrupo.com\/pt\/semana-europeia-da-mobilidade-2023-massa-com-mobilidade-sustentavel-4\/","og_site_name":"Grupo Masa","article_published_time":"2023-09-20T18:28:01+00:00","article_modified_time":"2025-11-15T20:29:20+00:00","og_image":[{"width":869,"height":552,"url":"https:\/\/masagrupo.com\/wp-content\/uploads\/2023\/09\/image004.png","type":"image\/png"}],"author":"Paloma Ar\u00edn","twitter_card":"summary_large_image","twitter_misc":{"Written by":"Paloma Ar\u00edn","Est. reading time":"3 minutes"},"schema":{"@context":"https:\/\/schema.org","@graph":[{"@type":"Article","@id":"https:\/\/masagrupo.com\/semana-europea-de-la-movilidad-2023-masa-con-la-movilidad-sostenible-4\/#article","isPartOf":{"@id":"https:\/\/masagrupo.com\/semana-europea-de-la-movilidad-2023-masa-con-la-movilidad-sostenible-4\/"},"author":{"name":"Paloma Ar\u00edn","@id":"https:\/\/masagrupo.com\/#\/schema\/person\/7067a848d602fff19af4f2172917fae3"},"headline":"Semana Europea de la Movilidad 2023. MASA con la movilidad sostenible","datePublished":"2023-09-20T18:28:01+00:00","dateModified":"2025-11-15T20:29:20+00:00","mainEntityOfPage":{"@id":"https:\/\/masagrupo.com\/semana-europea-de-la-movilidad-2023-masa-con-la-movilidad-sostenible-4\/"},"wordCount":6351,"image":{"@id":"https:\/\/masagrupo.com\/semana-europea-de-la-movilidad-2023-masa-con-la-movilidad-sostenible-4\/#primaryimage"},"thumbnailUrl":"https:\/\/masagrupo.com\/wp-content\/uploads\/2023\/09\/image004.png","articleSection":["Digitalizaci\u00f3n del Mantenimiento"],"inLanguage":"pt-PT"},{"@type":"WebPage","@id":"https:\/\/masagrupo.com\/semana-europea-de-la-movilidad-2023-masa-con-la-movilidad-sostenible-4\/","url":"https:\/\/masagrupo.com\/semana-europea-de-la-movilidad-2023-masa-con-la-movilidad-sostenible-4\/","name":"Semana Europeia da Mobilidade 2023. MASA com mobilidade sustent\u00e1vel - Grupo Masa","isPartOf":{"@id":"https:\/\/masagrupo.com\/#website"},"primaryImageOfPage":{"@id":"https:\/\/masagrupo.com\/semana-europea-de-la-movilidad-2023-masa-con-la-movilidad-sostenible-4\/#primaryimage"},"image":{"@id":"https:\/\/masagrupo.com\/semana-europea-de-la-movilidad-2023-masa-con-la-movilidad-sostenible-4\/#primaryimage"},"thumbnailUrl":"https:\/\/masagrupo.com\/wp-content\/uploads\/2023\/09\/image004.png","datePublished":"2023-09-20T18:28:01+00:00","dateModified":"2025-11-15T20:29:20+00:00","author":{"@id":"https:\/\/masagrupo.com\/#\/schema\/person\/7067a848d602fff19af4f2172917fae3"},"breadcrumb":{"@id":"https:\/\/masagrupo.com\/semana-europea-de-la-movilidad-2023-masa-con-la-movilidad-sostenible-4\/#breadcrumb"},"inLanguage":"pt-PT","potentialAction":[{"@type":"ReadAction","target":["https:\/\/masagrupo.com\/semana-europea-de-la-movilidad-2023-masa-con-la-movilidad-sostenible-4\/"]}]},{"@type":"ImageObject","inLanguage":"pt-PT","@id":"https:\/\/masagrupo.com\/semana-europea-de-la-movilidad-2023-masa-con-la-movilidad-sostenible-4\/#primaryimage","url":"https:\/\/masagrupo.com\/wp-content\/uploads\/2023\/09\/image004.png","contentUrl":"https:\/\/masagrupo.com\/wp-content\/uploads\/2023\/09\/image004.png","width":869,"height":552},{"@type":"BreadcrumbList","@id":"https:\/\/masagrupo.com\/semana-europea-de-la-movilidad-2023-masa-con-la-movilidad-sostenible-4\/#breadcrumb","itemListElement":[{"@type":"ListItem","position":1,"name":"Portada","item":"https:\/\/masagrupo.com\/"},{"@type":"ListItem","position":2,"name":"Semana Europea de la Movilidad 2023. MASA con la movilidad sostenible"}]},{"@type":"WebSite","@id":"https:\/\/masagrupo.com\/#website","url":"https:\/\/masagrupo.com\/","name":"Grupo Masa","description":"A MASA \u00e9 uma empresa do Grupo ACS","potentialAction":[{"@type":"SearchAction","target":{"@type":"EntryPoint","urlTemplate":"https:\/\/masagrupo.com\/?s={search_term_string}"},"query-input":{"@type":"PropertyValueSpecification","valueRequired":true,"valueName":"search_term_string"}}],"inLanguage":"pt-PT"},{"@type":"Person","@id":"https:\/\/masagrupo.com\/#\/schema\/person\/7067a848d602fff19af4f2172917fae3","name":"Paloma Ar\u00edn","image":{"@type":"ImageObject","inLanguage":"pt-PT","@id":"https:\/\/secure.gravatar.com\/avatar\/d707daeb8561bd35e0b9c01b797023daef352b68a03c8c613fe9cf9f178aa597?s=96&d=mm&r=g","url":"https:\/\/secure.gravatar.com\/avatar\/d707daeb8561bd35e0b9c01b797023daef352b68a03c8c613fe9cf9f178aa597?s=96&d=mm&r=g","contentUrl":"https:\/\/secure.gravatar.com\/avatar\/d707daeb8561bd35e0b9c01b797023daef352b68a03c8c613fe9cf9f178aa597?s=96&d=mm&r=g","caption":"Paloma Ar\u00edn"},"url":"https:\/\/masagrupo.com\/pt\/author\/paloma-arin\/"}]}},"_links":{"self":[{"href":"https:\/\/masagrupo.com\/pt\/wp-json\/wp\/v2\/posts\/9100","targetHints":{"allow":["GET"]}}],"collection":[{"href":"https:\/\/masagrupo.com\/pt\/wp-json\/wp\/v2\/posts"}],"about":[{"href":"https:\/\/masagrupo.com\/pt\/wp-json\/wp\/v2\/types\/post"}],"author":[{"embeddable":true,"href":"https:\/\/masagrupo.com\/pt\/wp-json\/wp\/v2\/users\/2"}],"replies":[{"embeddable":true,"href":"https:\/\/masagrupo.com\/pt\/wp-json\/wp\/v2\/comments?post=9100"}],"version-history":[{"count":57,"href":"https:\/\/masagrupo.com\/pt\/wp-json\/wp\/v2\/posts\/9100\/revisions"}],"predecessor-version":[{"id":11789,"href":"https:\/\/masagrupo.com\/pt\/wp-json\/wp\/v2\/posts\/9100\/revisions\/11789"}],"wp:featuredmedia":[{"embeddable":true,"href":"https:\/\/masagrupo.com\/pt\/wp-json\/wp\/v2\/media\/9080"}],"wp:attachment":[{"href":"https:\/\/masagrupo.com\/pt\/wp-json\/wp\/v2\/media?parent=9100"}],"wp:term":[{"taxonomy":"category","embeddable":true,"href":"https:\/\/masagrupo.com\/pt\/wp-json\/wp\/v2\/categories?post=9100"},{"taxonomy":"post_tag","embeddable":true,"href":"https:\/\/masagrupo.com\/pt\/wp-json\/wp\/v2\/tags?post=9100"}],"curies":[{"name":"wp","href":"https:\/\/api.w.org\/{rel}","templated":true}]}}