{"id":7639,"date":"2022-02-25T14:18:09","date_gmt":"2022-02-25T13:18:09","guid":{"rendered":"http:\/\/masagrupo.com\/?p=7639"},"modified":"2025-11-16T14:47:17","modified_gmt":"2025-11-16T13:47:17","slug":"massa-no-boletim-de-seguranca-e-protecao-ambiental-da-cepsa","status":"publish","type":"post","link":"https:\/\/masagrupo.com\/pt\/masa-en-el-boletin-de-seguridad-y-proteccion-ambiental-de-cepsa\/","title":{"rendered":"MASA no Boletim de Seguran\u00e7a e Prote\u00e7\u00e3o Ambiental da Cepsa"},"content":{"rendered":"<div class=\"fusion-fullwidth fullwidth-box fusion-builder-row-1 fusion-flex-container has-pattern-background has-mask-background nonhundred-percent-fullwidth non-hundred-percent-height-scrolling\" style=\"--awb-border-radius-top-left:0px;--awb-border-radius-top-right:0px;--awb-border-radius-bottom-right:0px;--awb-border-radius-bottom-left:0px;--awb-flex-wrap:wrap;\" ><div class=\"fusion-builder-row fusion-row fusion-flex-align-items-center fusion-flex-content-wrap\" style=\"max-width:1248px;margin-left: calc(-4% \/ 2 );margin-right: calc(-4% \/ 2 );\"><div class=\"fusion-layout-column fusion_builder_column fusion-builder-column-0 fusion_builder_column_2_3 2_3 fusion-flex-column\" style=\"--awb-bg-size:cover;--awb-width-large:66.666666666667%;--awb-margin-top-large:0px;--awb-spacing-right-large:2.88%;--awb-margin-bottom-large:20px;--awb-spacing-left-large:2.88%;--awb-width-medium:66.666666666667%;--awb-order-medium:0;--awb-spacing-right-medium:2.88%;--awb-spacing-left-medium:2.88%;--awb-width-small:100%;--awb-order-small:0;--awb-spacing-right-small:1.92%;--awb-spacing-left-small:1.92%;\"><div class=\"fusion-column-wrapper fusion-column-has-shadow fusion-flex-justify-content-flex-start fusion-content-layout-column\"><div class=\"fusion-text fusion-text-1\"><p>O nosso Diretor Nacional para a zona sul, Jos\u00e9 Miguel Barranco, levou MASA ao Boletim de Seguran\u00e7a e Prote\u00e7\u00e3o Ambiental de <span style=\"text-decoration: underline;\"><a href=\"https:\/\/www.cepsa.com\/es\/\" target=\"_blank\" rel=\"noopener\">Cepsa<\/a><\/span>. Deixamos-vos com a sua entrada:<\/p>\n<p>A MASA e as suas filiais pretendem manter a sua posi\u00e7\u00e3o de lideran\u00e7a e refer\u00eancia nos mercados, entendendo que nenhuma situa\u00e7\u00e3o de emerg\u00eancia, produ\u00e7\u00e3o ou resultado econ\u00f3mico pode comprometer um ambiente de trabalho seguro e saud\u00e1vel. Este \u00e9 o in\u00edcio da Pol\u00edtica de Sistemas Integrados de Gest\u00e3o que a MASA, na sua \u00faltima revis\u00e3o, tem em vigor desde 2018.<\/p>\n<p>Muitas empresas do sector t\u00eam, tal como n\u00f3s, uma declara\u00e7\u00e3o de princ\u00edpios para as suas instala\u00e7\u00f5es e empregados. Estas empresas trabalham com muitos clientes, com uma vasta gama de actividades, processos de produ\u00e7\u00e3o, produtos, procedimentos operacionais e ambientes que fazem de cada local de trabalho um lugar muito espec\u00edfico e exclusivo.<\/p>\n<\/div><\/div><\/div><div class=\"fusion-layout-column fusion_builder_column fusion-builder-column-1 fusion_builder_column_1_3 1_3 fusion-flex-column\" style=\"--awb-bg-size:cover;--awb-width-large:33.333333333333%;--awb-margin-top-large:0px;--awb-spacing-right-large:5.76%;--awb-margin-bottom-large:20px;--awb-spacing-left-large:5.76%;--awb-width-medium:33.333333333333%;--awb-order-medium:0;--awb-spacing-right-medium:5.76%;--awb-spacing-left-medium:5.76%;--awb-width-small:100%;--awb-order-small:0;--awb-spacing-right-small:1.92%;--awb-spacing-left-small:1.92%;\"><div class=\"fusion-column-wrapper fusion-column-has-shadow fusion-flex-justify-content-flex-start fusion-content-layout-column\"><div class=\"fusion-image-element\" style=\"--awb-caption-title-font-family:var(--h2_typography-font-family);--awb-caption-title-font-weight:var(--h2_typography-font-weight);--awb-caption-title-font-style:var(--h2_typography-font-style);--awb-caption-title-size:var(--h2_typography-font-size);--awb-caption-title-transform:var(--h2_typography-text-transform);--awb-caption-title-line-height:var(--h2_typography-line-height);--awb-caption-title-letter-spacing:var(--h2_typography-letter-spacing);\"><span class=\"fusion-imageframe imageframe-none imageframe-1 hover-type-none\"><img decoding=\"async\" width=\"650\" height=\"727\" alt=\"Jos\u00e9 Miguel Barranco\" title=\"cepsa1\" src=\"https:\/\/masagrupo.com\/wp-content\/uploads\/2022\/02\/cepsa1.jpg\" class=\"img-responsive wp-image-11873\" srcset=\"https:\/\/masagrupo.com\/wp-content\/uploads\/2022\/02\/cepsa1-200x224.jpg 200w, https:\/\/masagrupo.com\/wp-content\/uploads\/2022\/02\/cepsa1-400x447.jpg 400w, https:\/\/masagrupo.com\/wp-content\/uploads\/2022\/02\/cepsa1-600x671.jpg 600w, https:\/\/masagrupo.com\/wp-content\/uploads\/2022\/02\/cepsa1.jpg 650w\" sizes=\"(max-width: 640px) 100vw, 400px\" \/><\/span><\/div><\/div><\/div><div class=\"fusion-layout-column fusion_builder_column fusion-builder-column-2 fusion_builder_column_1_1 1_1 fusion-flex-column\" style=\"--awb-bg-size:cover;--awb-width-large:100%;--awb-margin-top-large:0px;--awb-spacing-right-large:1.92%;--awb-margin-bottom-large:20px;--awb-spacing-left-large:1.92%;--awb-width-medium:100%;--awb-order-medium:0;--awb-spacing-right-medium:1.92%;--awb-spacing-left-medium:1.92%;--awb-width-small:100%;--awb-order-small:0;--awb-spacing-right-small:1.92%;--awb-spacing-left-small:1.92%;\"><div class=\"fusion-column-wrapper fusion-column-has-shadow fusion-flex-justify-content-flex-start fusion-content-layout-column\"><div class=\"fusion-text fusion-text-2\"><p>Se auditarmos qualquer Sistema de Gest\u00e3o Integrado em que a seguran\u00e7a esteja inclu\u00edda, encontraremos dezenas de procedimentos obrigat\u00f3rios, com centenas de horas despendidas em forma\u00e7\u00e3o, manuais de preven\u00e7\u00e3o, procedimentos gerais e espec\u00edficos, forma\u00e7\u00e3o profissional, forma\u00e7\u00e3o de arranque e muitos outros. Mas... onde come\u00e7a a a\u00e7\u00e3o preventiva, \u00e9 a soma de horas de forma\u00e7\u00e3o at\u00e9 \u00e0 saciedade ou \u00e9 a altura de procurar aliados?<\/p>\n<p>N\u00e3o podemos ignorar que a legisla\u00e7\u00e3o laboral em mat\u00e9ria de preven\u00e7\u00e3o \u00e9 cada vez mais extensa e, evidentemente, deve ser cumprida, mas tamb\u00e9m n\u00e3o devemos esquecer que o nosso \u00fanico objetivo \u00e9 ter Zero Acidentes no local de trabalho. Para isso, \u00e9 fundamental trabalhar na raiz do problema, na forma\u00e7\u00e3o, mas tamb\u00e9m \u00e9 necess\u00e1rio difundir uma cultura preventiva adequada entre os nossos trabalhadores, pois s\u00f3 assim poderemos obter resultados: detetar a falha na origem e formar l\u00edderes em preven\u00e7\u00e3o capazes de transmitir naturalmente essa cultura.<\/p>\n<p>A nossa aten\u00e7\u00e3o centra-se nas pessoas e n\u00e3o nos pap\u00e9is. Porque o l\u00edder nem sempre \u00e9 o chefe ou o chefe \u00e9 o l\u00edder. Temos de chegar aos nossos funcion\u00e1rios atrav\u00e9s dos seus pr\u00f3prios colegas, sensibilizando-os individualmente, envolvendo-os no processo, para que nos permitam trabalhar em equipa e atingir o objetivo.<\/p>\n<p>Entre os muitos projectos em que tive a sorte de participar na MASA, gostaria de destacar o nosso projeto IMPULSORES, que visa promover esta cultura preventiva, localizando e dando as ferramentas necess\u00e1rias aos nossos l\u00edderes de seguran\u00e7a, com resultados tang\u00edveis. Os seus esfor\u00e7os foram reconhecidos pelos pr\u00e9mios Cepsa WePioneer em 2020.<\/p>\n<\/div><div class=\"fusion-image-element\" style=\"--awb-caption-title-font-family:var(--h2_typography-font-family);--awb-caption-title-font-weight:var(--h2_typography-font-weight);--awb-caption-title-font-style:var(--h2_typography-font-style);--awb-caption-title-size:var(--h2_typography-font-size);--awb-caption-title-transform:var(--h2_typography-text-transform);--awb-caption-title-line-height:var(--h2_typography-line-height);--awb-caption-title-letter-spacing:var(--h2_typography-letter-spacing);\"><span class=\"fusion-imageframe imageframe-none imageframe-2 hover-type-none\"><img decoding=\"async\" width=\"1200\" height=\"812\" title=\"cepsa2\" src=\"https:\/\/masagrupo.com\/wp-content\/uploads\/2022\/02\/cepsa2-1200x812.jpg\" alt class=\"img-responsive wp-image-11874\" srcset=\"https:\/\/masagrupo.com\/wp-content\/uploads\/2022\/02\/cepsa2-200x135.jpg 200w, https:\/\/masagrupo.com\/wp-content\/uploads\/2022\/02\/cepsa2-400x271.jpg 400w, https:\/\/masagrupo.com\/wp-content\/uploads\/2022\/02\/cepsa2-600x406.jpg 600w, https:\/\/masagrupo.com\/wp-content\/uploads\/2022\/02\/cepsa2-800x541.jpg 800w, https:\/\/masagrupo.com\/wp-content\/uploads\/2022\/02\/cepsa2-1200x812.jpg 1200w\" sizes=\"(max-width: 640px) 100vw, 1200px\" \/><\/span><\/div><\/div><\/div><\/div><\/div>","protected":false},"excerpt":{"rendered":"<p>A MASA e as suas filiais t\u00eam como objetivo garantir um ambiente de trabalho seguro e saud\u00e1vel.<\/p>","protected":false},"author":2,"featured_media":7631,"comment_status":"closed","ping_status":"closed","sticky":false,"template":"","format":"standard","meta":{"footnotes":""},"categories":[1],"tags":[],"class_list":["post-7639","post","type-post","status-publish","format-standard","has-post-thumbnail","hentry","category-digitalizacion-del-mantenimiento"],"yoast_head":"<!-- This site is optimized with the Yoast SEO plugin v27.4 - https:\/\/yoast.com\/product\/yoast-seo-wordpress\/ -->\n<title>MASA en el Bolet\u00edn\u00a0de Seguridad y Protecci\u00f3n Ambiental de\u00a0Cepsa<\/title>\n<meta name=\"description\" content=\"\u200b\u200b\u200b\u200b\u200b\u200b\u200bMASA\u00a0y sus filiales tienen como objetivo garantizar la seguridad en un entorno de trabajo saludable.\" \/>\n<meta name=\"robots\" content=\"index, follow, max-snippet:-1, max-image-preview:large, max-video-preview:-1\" \/>\n<link rel=\"canonical\" href=\"https:\/\/masagrupo.com\/pt\/massa-no-boletim-de-seguranca-e-protecao-ambiental-da-cepsa\/\" \/>\n<meta property=\"og:locale\" content=\"pt_PT\" \/>\n<meta property=\"og:type\" content=\"article\" \/>\n<meta property=\"og:title\" content=\"MASA en el Bolet\u00edn\u00a0de Seguridad y Protecci\u00f3n Ambiental de\u00a0Cepsa\" \/>\n<meta property=\"og:description\" content=\"\u200b\u200b\u200b\u200b\u200b\u200b\u200bMASA\u00a0y sus filiales tienen como objetivo garantizar la seguridad en un entorno de trabajo saludable.\" \/>\n<meta property=\"og:url\" content=\"https:\/\/masagrupo.com\/pt\/massa-no-boletim-de-seguranca-e-protecao-ambiental-da-cepsa\/\" \/>\n<meta property=\"og:site_name\" content=\"Grupo Masa\" \/>\n<meta property=\"article:published_time\" content=\"2022-02-25T13:18:09+00:00\" \/>\n<meta property=\"article:modified_time\" content=\"2025-11-16T13:47:17+00:00\" \/>\n<meta property=\"og:image\" content=\"https:\/\/masagrupo.com\/wp-content\/uploads\/2022\/02\/25983ffb-6007-412b-a7ed-8a2ef23eb1fe.jpg\" \/>\n\t<meta property=\"og:image:width\" content=\"1494\" \/>\n\t<meta property=\"og:image:height\" content=\"764\" \/>\n\t<meta property=\"og:image:type\" content=\"image\/jpeg\" \/>\n<meta name=\"author\" content=\"Paloma Ar\u00edn\" \/>\n<meta name=\"twitter:card\" content=\"summary_large_image\" \/>\n<meta name=\"twitter:label1\" content=\"Written by\" \/>\n\t<meta name=\"twitter:data1\" content=\"Paloma Ar\u00edn\" \/>\n\t<meta name=\"twitter:label2\" content=\"Est. reading time\" \/>\n\t<meta name=\"twitter:data2\" content=\"3 minutes\" \/>\n<script type=\"application\/ld+json\" class=\"yoast-schema-graph\">{\"@context\":\"https:\\\/\\\/schema.org\",\"@graph\":[{\"@type\":\"Article\",\"@id\":\"https:\\\/\\\/masagrupo.com\\\/masa-en-el-boletin-de-seguridad-y-proteccion-ambiental-de-cepsa\\\/#article\",\"isPartOf\":{\"@id\":\"https:\\\/\\\/masagrupo.com\\\/masa-en-el-boletin-de-seguridad-y-proteccion-ambiental-de-cepsa\\\/\"},\"author\":{\"name\":\"Paloma Ar\u00edn\",\"@id\":\"https:\\\/\\\/masagrupo.com\\\/#\\\/schema\\\/person\\\/7067a848d602fff19af4f2172917fae3\"},\"headline\":\"MASA en el Bolet\u00edn\u00a0de Seguridad y Protecci\u00f3n Ambiental de\u00a0Cepsa\",\"datePublished\":\"2022-02-25T13:18:09+00:00\",\"dateModified\":\"2025-11-16T13:47:17+00:00\",\"mainEntityOfPage\":{\"@id\":\"https:\\\/\\\/masagrupo.com\\\/masa-en-el-boletin-de-seguridad-y-proteccion-ambiental-de-cepsa\\\/\"},\"wordCount\":3166,\"image\":{\"@id\":\"https:\\\/\\\/masagrupo.com\\\/masa-en-el-boletin-de-seguridad-y-proteccion-ambiental-de-cepsa\\\/#primaryimage\"},\"thumbnailUrl\":\"https:\\\/\\\/masagrupo.com\\\/wp-content\\\/uploads\\\/2022\\\/02\\\/25983ffb-6007-412b-a7ed-8a2ef23eb1fe.jpg\",\"articleSection\":[\"Digitalizaci\u00f3n del Mantenimiento\"],\"inLanguage\":\"pt-PT\"},{\"@type\":\"WebPage\",\"@id\":\"https:\\\/\\\/masagrupo.com\\\/masa-en-el-boletin-de-seguridad-y-proteccion-ambiental-de-cepsa\\\/\",\"url\":\"https:\\\/\\\/masagrupo.com\\\/masa-en-el-boletin-de-seguridad-y-proteccion-ambiental-de-cepsa\\\/\",\"name\":\"MASA en el Bolet\u00edn\u00a0de Seguridad y Protecci\u00f3n Ambiental de\u00a0Cepsa\",\"isPartOf\":{\"@id\":\"https:\\\/\\\/masagrupo.com\\\/#website\"},\"primaryImageOfPage\":{\"@id\":\"https:\\\/\\\/masagrupo.com\\\/masa-en-el-boletin-de-seguridad-y-proteccion-ambiental-de-cepsa\\\/#primaryimage\"},\"image\":{\"@id\":\"https:\\\/\\\/masagrupo.com\\\/masa-en-el-boletin-de-seguridad-y-proteccion-ambiental-de-cepsa\\\/#primaryimage\"},\"thumbnailUrl\":\"https:\\\/\\\/masagrupo.com\\\/wp-content\\\/uploads\\\/2022\\\/02\\\/25983ffb-6007-412b-a7ed-8a2ef23eb1fe.jpg\",\"datePublished\":\"2022-02-25T13:18:09+00:00\",\"dateModified\":\"2025-11-16T13:47:17+00:00\",\"author\":{\"@id\":\"https:\\\/\\\/masagrupo.com\\\/#\\\/schema\\\/person\\\/7067a848d602fff19af4f2172917fae3\"},\"description\":\"\u200b\u200b\u200b\u200b\u200b\u200b\u200bMASA\u00a0y sus filiales tienen como objetivo garantizar la seguridad en un entorno de trabajo saludable.\",\"breadcrumb\":{\"@id\":\"https:\\\/\\\/masagrupo.com\\\/masa-en-el-boletin-de-seguridad-y-proteccion-ambiental-de-cepsa\\\/#breadcrumb\"},\"inLanguage\":\"pt-PT\",\"potentialAction\":[{\"@type\":\"ReadAction\",\"target\":[\"https:\\\/\\\/masagrupo.com\\\/masa-en-el-boletin-de-seguridad-y-proteccion-ambiental-de-cepsa\\\/\"]}]},{\"@type\":\"ImageObject\",\"inLanguage\":\"pt-PT\",\"@id\":\"https:\\\/\\\/masagrupo.com\\\/masa-en-el-boletin-de-seguridad-y-proteccion-ambiental-de-cepsa\\\/#primaryimage\",\"url\":\"https:\\\/\\\/masagrupo.com\\\/wp-content\\\/uploads\\\/2022\\\/02\\\/25983ffb-6007-412b-a7ed-8a2ef23eb1fe.jpg\",\"contentUrl\":\"https:\\\/\\\/masagrupo.com\\\/wp-content\\\/uploads\\\/2022\\\/02\\\/25983ffb-6007-412b-a7ed-8a2ef23eb1fe.jpg\",\"width\":1494,\"height\":764},{\"@type\":\"BreadcrumbList\",\"@id\":\"https:\\\/\\\/masagrupo.com\\\/masa-en-el-boletin-de-seguridad-y-proteccion-ambiental-de-cepsa\\\/#breadcrumb\",\"itemListElement\":[{\"@type\":\"ListItem\",\"position\":1,\"name\":\"Portada\",\"item\":\"https:\\\/\\\/masagrupo.com\\\/\"},{\"@type\":\"ListItem\",\"position\":2,\"name\":\"MASA en el Bolet\u00edn\u00a0de Seguridad y Protecci\u00f3n Ambiental de\u00a0Cepsa\"}]},{\"@type\":\"WebSite\",\"@id\":\"https:\\\/\\\/masagrupo.com\\\/#website\",\"url\":\"https:\\\/\\\/masagrupo.com\\\/\",\"name\":\"Grupo Masa\",\"description\":\"MASA es una empresa del Grupo ACS\",\"potentialAction\":[{\"@type\":\"SearchAction\",\"target\":{\"@type\":\"EntryPoint\",\"urlTemplate\":\"https:\\\/\\\/masagrupo.com\\\/?s={search_term_string}\"},\"query-input\":{\"@type\":\"PropertyValueSpecification\",\"valueRequired\":true,\"valueName\":\"search_term_string\"}}],\"inLanguage\":\"pt-PT\"},{\"@type\":\"Person\",\"@id\":\"https:\\\/\\\/masagrupo.com\\\/#\\\/schema\\\/person\\\/7067a848d602fff19af4f2172917fae3\",\"name\":\"Paloma Ar\u00edn\",\"image\":{\"@type\":\"ImageObject\",\"inLanguage\":\"pt-PT\",\"@id\":\"https:\\\/\\\/secure.gravatar.com\\\/avatar\\\/d707daeb8561bd35e0b9c01b797023daef352b68a03c8c613fe9cf9f178aa597?s=96&d=mm&r=g\",\"url\":\"https:\\\/\\\/secure.gravatar.com\\\/avatar\\\/d707daeb8561bd35e0b9c01b797023daef352b68a03c8c613fe9cf9f178aa597?s=96&d=mm&r=g\",\"contentUrl\":\"https:\\\/\\\/secure.gravatar.com\\\/avatar\\\/d707daeb8561bd35e0b9c01b797023daef352b68a03c8c613fe9cf9f178aa597?s=96&d=mm&r=g\",\"caption\":\"Paloma Ar\u00edn\"},\"url\":\"https:\\\/\\\/masagrupo.com\\\/pt\\\/author\\\/paloma-arin\\\/\"}]}<\/script>\n<!-- \/ Yoast SEO plugin. -->","yoast_head_json":{"title":"MASA no Boletim de Seguran\u00e7a e Prote\u00e7\u00e3o Ambiental da Cepsa","description":"A MASA e as suas filiais t\u00eam como objetivo garantir um ambiente de trabalho seguro e saud\u00e1vel.","robots":{"index":"index","follow":"follow","max-snippet":"max-snippet:-1","max-image-preview":"max-image-preview:large","max-video-preview":"max-video-preview:-1"},"canonical":"https:\/\/masagrupo.com\/pt\/massa-no-boletim-de-seguranca-e-protecao-ambiental-da-cepsa\/","og_locale":"pt_PT","og_type":"article","og_title":"MASA en el Bolet\u00edn\u00a0de Seguridad y Protecci\u00f3n Ambiental de\u00a0Cepsa","og_description":"\u200b\u200b\u200b\u200b\u200b\u200b\u200bMASA\u00a0y sus filiales tienen como objetivo garantizar la seguridad en un entorno de trabajo saludable.","og_url":"https:\/\/masagrupo.com\/pt\/massa-no-boletim-de-seguranca-e-protecao-ambiental-da-cepsa\/","og_site_name":"Grupo Masa","article_published_time":"2022-02-25T13:18:09+00:00","article_modified_time":"2025-11-16T13:47:17+00:00","og_image":[{"width":1494,"height":764,"url":"https:\/\/masagrupo.com\/wp-content\/uploads\/2022\/02\/25983ffb-6007-412b-a7ed-8a2ef23eb1fe.jpg","type":"image\/jpeg"}],"author":"Paloma Ar\u00edn","twitter_card":"summary_large_image","twitter_misc":{"Written by":"Paloma Ar\u00edn","Est. reading time":"3 minutes"},"schema":{"@context":"https:\/\/schema.org","@graph":[{"@type":"Article","@id":"https:\/\/masagrupo.com\/masa-en-el-boletin-de-seguridad-y-proteccion-ambiental-de-cepsa\/#article","isPartOf":{"@id":"https:\/\/masagrupo.com\/masa-en-el-boletin-de-seguridad-y-proteccion-ambiental-de-cepsa\/"},"author":{"name":"Paloma Ar\u00edn","@id":"https:\/\/masagrupo.com\/#\/schema\/person\/7067a848d602fff19af4f2172917fae3"},"headline":"MASA en el Bolet\u00edn\u00a0de Seguridad y Protecci\u00f3n Ambiental de\u00a0Cepsa","datePublished":"2022-02-25T13:18:09+00:00","dateModified":"2025-11-16T13:47:17+00:00","mainEntityOfPage":{"@id":"https:\/\/masagrupo.com\/masa-en-el-boletin-de-seguridad-y-proteccion-ambiental-de-cepsa\/"},"wordCount":3166,"image":{"@id":"https:\/\/masagrupo.com\/masa-en-el-boletin-de-seguridad-y-proteccion-ambiental-de-cepsa\/#primaryimage"},"thumbnailUrl":"https:\/\/masagrupo.com\/wp-content\/uploads\/2022\/02\/25983ffb-6007-412b-a7ed-8a2ef23eb1fe.jpg","articleSection":["Digitalizaci\u00f3n del Mantenimiento"],"inLanguage":"pt-PT"},{"@type":"WebPage","@id":"https:\/\/masagrupo.com\/masa-en-el-boletin-de-seguridad-y-proteccion-ambiental-de-cepsa\/","url":"https:\/\/masagrupo.com\/masa-en-el-boletin-de-seguridad-y-proteccion-ambiental-de-cepsa\/","name":"MASA no Boletim de Seguran\u00e7a e Prote\u00e7\u00e3o Ambiental da Cepsa","isPartOf":{"@id":"https:\/\/masagrupo.com\/#website"},"primaryImageOfPage":{"@id":"https:\/\/masagrupo.com\/masa-en-el-boletin-de-seguridad-y-proteccion-ambiental-de-cepsa\/#primaryimage"},"image":{"@id":"https:\/\/masagrupo.com\/masa-en-el-boletin-de-seguridad-y-proteccion-ambiental-de-cepsa\/#primaryimage"},"thumbnailUrl":"https:\/\/masagrupo.com\/wp-content\/uploads\/2022\/02\/25983ffb-6007-412b-a7ed-8a2ef23eb1fe.jpg","datePublished":"2022-02-25T13:18:09+00:00","dateModified":"2025-11-16T13:47:17+00:00","author":{"@id":"https:\/\/masagrupo.com\/#\/schema\/person\/7067a848d602fff19af4f2172917fae3"},"description":"A MASA e as suas filiais t\u00eam como objetivo garantir um ambiente de trabalho seguro e saud\u00e1vel.","breadcrumb":{"@id":"https:\/\/masagrupo.com\/masa-en-el-boletin-de-seguridad-y-proteccion-ambiental-de-cepsa\/#breadcrumb"},"inLanguage":"pt-PT","potentialAction":[{"@type":"ReadAction","target":["https:\/\/masagrupo.com\/masa-en-el-boletin-de-seguridad-y-proteccion-ambiental-de-cepsa\/"]}]},{"@type":"ImageObject","inLanguage":"pt-PT","@id":"https:\/\/masagrupo.com\/masa-en-el-boletin-de-seguridad-y-proteccion-ambiental-de-cepsa\/#primaryimage","url":"https:\/\/masagrupo.com\/wp-content\/uploads\/2022\/02\/25983ffb-6007-412b-a7ed-8a2ef23eb1fe.jpg","contentUrl":"https:\/\/masagrupo.com\/wp-content\/uploads\/2022\/02\/25983ffb-6007-412b-a7ed-8a2ef23eb1fe.jpg","width":1494,"height":764},{"@type":"BreadcrumbList","@id":"https:\/\/masagrupo.com\/masa-en-el-boletin-de-seguridad-y-proteccion-ambiental-de-cepsa\/#breadcrumb","itemListElement":[{"@type":"ListItem","position":1,"name":"Portada","item":"https:\/\/masagrupo.com\/"},{"@type":"ListItem","position":2,"name":"MASA en el Bolet\u00edn\u00a0de Seguridad y Protecci\u00f3n Ambiental de\u00a0Cepsa"}]},{"@type":"WebSite","@id":"https:\/\/masagrupo.com\/#website","url":"https:\/\/masagrupo.com\/","name":"Grupo Masa","description":"A MASA \u00e9 uma empresa do Grupo ACS","potentialAction":[{"@type":"SearchAction","target":{"@type":"EntryPoint","urlTemplate":"https:\/\/masagrupo.com\/?s={search_term_string}"},"query-input":{"@type":"PropertyValueSpecification","valueRequired":true,"valueName":"search_term_string"}}],"inLanguage":"pt-PT"},{"@type":"Person","@id":"https:\/\/masagrupo.com\/#\/schema\/person\/7067a848d602fff19af4f2172917fae3","name":"Paloma Ar\u00edn","image":{"@type":"ImageObject","inLanguage":"pt-PT","@id":"https:\/\/secure.gravatar.com\/avatar\/d707daeb8561bd35e0b9c01b797023daef352b68a03c8c613fe9cf9f178aa597?s=96&d=mm&r=g","url":"https:\/\/secure.gravatar.com\/avatar\/d707daeb8561bd35e0b9c01b797023daef352b68a03c8c613fe9cf9f178aa597?s=96&d=mm&r=g","contentUrl":"https:\/\/secure.gravatar.com\/avatar\/d707daeb8561bd35e0b9c01b797023daef352b68a03c8c613fe9cf9f178aa597?s=96&d=mm&r=g","caption":"Paloma Ar\u00edn"},"url":"https:\/\/masagrupo.com\/pt\/author\/paloma-arin\/"}]}},"_links":{"self":[{"href":"https:\/\/masagrupo.com\/pt\/wp-json\/wp\/v2\/posts\/7639","targetHints":{"allow":["GET"]}}],"collection":[{"href":"https:\/\/masagrupo.com\/pt\/wp-json\/wp\/v2\/posts"}],"about":[{"href":"https:\/\/masagrupo.com\/pt\/wp-json\/wp\/v2\/types\/post"}],"author":[{"embeddable":true,"href":"https:\/\/masagrupo.com\/pt\/wp-json\/wp\/v2\/users\/2"}],"replies":[{"embeddable":true,"href":"https:\/\/masagrupo.com\/pt\/wp-json\/wp\/v2\/comments?post=7639"}],"version-history":[{"count":11,"href":"https:\/\/masagrupo.com\/pt\/wp-json\/wp\/v2\/posts\/7639\/revisions"}],"predecessor-version":[{"id":11876,"href":"https:\/\/masagrupo.com\/pt\/wp-json\/wp\/v2\/posts\/7639\/revisions\/11876"}],"wp:featuredmedia":[{"embeddable":true,"href":"https:\/\/masagrupo.com\/pt\/wp-json\/wp\/v2\/media\/7631"}],"wp:attachment":[{"href":"https:\/\/masagrupo.com\/pt\/wp-json\/wp\/v2\/media?parent=7639"}],"wp:term":[{"taxonomy":"category","embeddable":true,"href":"https:\/\/masagrupo.com\/pt\/wp-json\/wp\/v2\/categories?post=7639"},{"taxonomy":"post_tag","embeddable":true,"href":"https:\/\/masagrupo.com\/pt\/wp-json\/wp\/v2\/tags?post=7639"}],"curies":[{"name":"wp","href":"https:\/\/api.w.org\/{rel}","templated":true}]}}