{"id":7500,"date":"2022-01-19T12:06:29","date_gmt":"2022-01-19T11:06:29","guid":{"rendered":"http:\/\/masagrupo.com\/?p=7500"},"modified":"2025-11-16T14:59:35","modified_gmt":"2025-11-16T13:59:35","slug":"manutencao-no-ambiente-da-industria-4-0","status":"publish","type":"post","link":"https:\/\/masagrupo.com\/pt\/mantenimiento-en-el-entorno-de-la-industria-4-0\/","title":{"rendered":"MASA no F\u00f3rum Multissectorial da AEM sobre Manuten\u00e7\u00e3o 2021"},"content":{"rendered":"<div class=\"fusion-fullwidth fullwidth-box fusion-builder-row-1 fusion-flex-container nonhundred-percent-fullwidth non-hundred-percent-height-scrolling\" style=\"--awb-border-radius-top-left:0px;--awb-border-radius-top-right:0px;--awb-border-radius-bottom-right:0px;--awb-border-radius-bottom-left:0px;--awb-flex-wrap:wrap;\" ><div class=\"fusion-builder-row fusion-row fusion-flex-align-items-flex-start fusion-flex-content-wrap\" style=\"max-width:1248px;margin-left: calc(-4% \/ 2 );margin-right: calc(-4% \/ 2 );\"><div class=\"fusion-layout-column fusion_builder_column fusion-builder-column-0 fusion_builder_column_1_1 1_1 fusion-flex-column\" style=\"--awb-bg-size:cover;--awb-width-large:100%;--awb-margin-top-large:0px;--awb-spacing-right-large:1.92%;--awb-margin-bottom-large:0px;--awb-spacing-left-large:1.92%;--awb-width-medium:100%;--awb-spacing-right-medium:1.92%;--awb-spacing-left-medium:1.92%;--awb-width-small:100%;--awb-spacing-right-small:1.92%;--awb-spacing-left-small:1.92%;\"><div class=\"fusion-column-wrapper fusion-flex-justify-content-flex-start fusion-content-layout-column\"><div class=\"fusion-text fusion-text-1\"><p>Em novembro passado, no <span style=\"text-decoration: underline;\"><a href=\"https:\/\/foromultisectorial2021.aem.es\/\" target=\"_blank\" rel=\"noopener\">F\u00f3rum multissectorial AEM sobre manuten\u00e7\u00e3o<\/a><\/span>, <span style=\"text-decoration: underline;\"><a href=\"https:\/\/es.linkedin.com\/in\/jose-luis-bernal-santiago-47768390\" target=\"_blank\" rel=\"noopener\">Jos\u00e9 Luis Bernal Santiago<\/a><\/span>, O DIRECTOR SS.TT. DE MASA, e <a href=\"https:\/\/es.linkedin.com\/in\/jose-daniel-guirado-camacho-024a7512a\" target=\"_blank\" rel=\"noopener\">Jos\u00e9 Daniel Guirado Camacho<\/a>, A apresenta\u00e7\u00e3o intitulava-se: \u00abAN\u00c1LISE DO GRAU DE MATURIDADE PARA A MUDAN\u00c7A. CASOS DE SUCESSO\u00ab.\u00ab<\/p>\n<p>Nesta apresenta\u00e7\u00e3o, discutiram como implementar a manuten\u00e7\u00e3o 4.0. no \u00e2mbito de uma estrat\u00e9gia bem concebida, baseada na engenharia de manuten\u00e7\u00e3o, aplic\u00e1vel a qualquer sector e especialidade.<\/p>\n<p>A estrat\u00e9gia de manuten\u00e7\u00e3o 4.0 deve ser considerada como um cap\u00edtulo de um projeto global de digitaliza\u00e7\u00e3o. Centrando-nos na manuten\u00e7\u00e3o 4.0, devemos acrescentar que a digitaliza\u00e7\u00e3o deve ser uma ferramenta ao servi\u00e7o da estrat\u00e9gia, \u201cvamos digitalizar apenas o que funciona\u201d.<\/p>\n<p>Tendo em conta esta afirma\u00e7\u00e3o, e com base na nossa vasta experi\u00eancia, um \u201cestudo pr\u00e9vio do grau de maturidade para a mudan\u00e7a para a manuten\u00e7\u00e3o 4.0\u201d \u00e9 essencial como ponto de partida, no nosso caso utilizamos a metodologia EAC (estudos e an\u00e1lises no terreno), integrada como uma das nossas ferramentas de engenharia de manuten\u00e7\u00e3o do \u201cModelo Masa\u201d. Nestes EACs, distinguimos dois grandes blocos de objectivos da an\u00e1lise:<\/p>\n<ul>\n<li>A primeira \u00e9 composta por aspectos diretos da nossa estrat\u00e9gia de gest\u00e3o da manuten\u00e7\u00e3o concebida nas seguintes \u00e1reas:\n<ul>\n<li>Organiza\u00e7\u00e3o, pessoal e rela\u00e7\u00f5es<\/li>\n<li>Planeamento (prepara\u00e7\u00e3o), defini\u00e7\u00e3o de prioridades e prepara\u00e7\u00e3o do trabalho<\/li>\n<li>Engenharia de manuten\u00e7\u00e3o (planos e indicadores)<\/li>\n<li>Fator de utiliza\u00e7\u00e3o<\/li>\n<li>Armazenagem e compras<\/li>\n<\/ul>\n<\/li>\n<li>O segundo bloco \u00e9 composto por aspectos relacionados com as seguintes \u00e1reas tecnol\u00f3gicas do autodiagn\u00f3stico digital avan\u00e7ado: automatiza\u00e7\u00e3o, conetividade, aplica\u00e7\u00f5es e dados digitais, sem esquecer a rela\u00e7\u00e3o TI\/OT.<br \/>\nAp\u00f3s esta fase de an\u00e1lise e implementa\u00e7\u00e3o do plano de a\u00e7\u00e3o associado, a implementa\u00e7\u00e3o de ferramentas digitais para otimizar cada um dos processos do ciclo PDCA e a gest\u00e3o do sistema CMMS \u00e9 simplificada, garantindo a sua integra\u00e7\u00e3o no projeto global de Digitaliza\u00e7\u00e3o do nosso Cliente.<\/li>\n<\/ul>\n<p><img decoding=\"async\" class=\"wp-image-11889 alignleft\" src=\"https:\/\/masagrupo.com\/wp-content\/uploads\/2022\/01\/aem1.jpg\" alt=\"\" width=\"261\" height=\"196\" srcset=\"https:\/\/masagrupo.com\/wp-content\/uploads\/2022\/01\/aem1-200x150.jpg 200w, https:\/\/masagrupo.com\/wp-content\/uploads\/2022\/01\/aem1-300x225.jpg 300w, https:\/\/masagrupo.com\/wp-content\/uploads\/2022\/01\/aem1-400x300.jpg 400w, https:\/\/masagrupo.com\/wp-content\/uploads\/2022\/01\/aem1-600x450.jpg 600w, https:\/\/masagrupo.com\/wp-content\/uploads\/2022\/01\/aem1.jpg 650w\" sizes=\"(max-width: 261px) 100vw, 261px\" \/>Por \u00faltimo, \u00e9 importante salientar que, para o desenvolvimento de projectos de Digitaliza\u00e7\u00e3o, \u00e9 necess\u00e1ria a participa\u00e7\u00e3o das Empresas de Manuten\u00e7\u00e3o, que contam com Peritos T\u00e9cnicos na an\u00e1lise do grau de maturidade e Parceiros Tecnol\u00f3gicos, que proporcionam experi\u00eancia no desenvolvimento de plataformas de software (aplica\u00e7\u00f5es de mobilidade, desenvolvimento de interfaces com CMMSs...).<\/p>\n<p>Apoiaremos a nossa disserta\u00e7\u00e3o com algumas hist\u00f3rias de sucesso, nas quais implement\u00e1mos a nossa estrat\u00e9gia baseada no \u201cMODELO DE MASSA\u201d.<\/p>\n<\/div><div class=\"fusion-image-element\" style=\"--awb-aspect-ratio:16 \/ 9;--awb-caption-title-font-family:var(--h2_typography-font-family);--awb-caption-title-font-weight:var(--h2_typography-font-weight);--awb-caption-title-font-style:var(--h2_typography-font-style);--awb-caption-title-size:var(--h2_typography-font-size);--awb-caption-title-transform:var(--h2_typography-text-transform);--awb-caption-title-line-height:var(--h2_typography-line-height);--awb-caption-title-letter-spacing:var(--h2_typography-letter-spacing);\"><span class=\"fusion-imageframe imageframe-none imageframe-1 hover-type-none has-aspect-ratio\"><img decoding=\"async\" width=\"1200\" height=\"900\" title=\"aem2\" src=\"https:\/\/masagrupo.com\/wp-content\/uploads\/2022\/01\/aem2-1-1200x900.jpg\" class=\"img-responsive wp-image-11891 img-with-aspect-ratio\" data-parent-fit=\"cover\" data-parent-container=\".fusion-image-element\" alt srcset=\"https:\/\/masagrupo.com\/wp-content\/uploads\/2022\/01\/aem2-1-200x150.jpg 200w, https:\/\/masagrupo.com\/wp-content\/uploads\/2022\/01\/aem2-1-400x300.jpg 400w, https:\/\/masagrupo.com\/wp-content\/uploads\/2022\/01\/aem2-1-600x450.jpg 600w, https:\/\/masagrupo.com\/wp-content\/uploads\/2022\/01\/aem2-1-800x600.jpg 800w, https:\/\/masagrupo.com\/wp-content\/uploads\/2022\/01\/aem2-1-1200x900.jpg 1200w\" sizes=\"(max-width: 640px) 100vw, 1200px\" \/><\/span><\/div><\/div><\/div><\/div><\/div>","protected":false},"excerpt":{"rendered":"<p>Ponencia en Foro Multisectorial AEM de mantenimiento, Jos\u00e9 Luis Bernal y Jose Daniel Guirado: \u00abAN\u00c1LISIS DEL GRADO DE MADUREZ PARA EL CAMBIO\u00bb.<\/p>","protected":false},"author":2,"featured_media":7511,"comment_status":"closed","ping_status":"closed","sticky":false,"template":"","format":"standard","meta":{"footnotes":""},"categories":[1],"tags":[],"class_list":["post-7500","post","type-post","status-publish","format-standard","has-post-thumbnail","hentry","category-digitalizacion-del-mantenimiento"],"yoast_head":"<!-- This site is optimized with the Yoast SEO plugin v27.4 - https:\/\/yoast.com\/product\/yoast-seo-wordpress\/ -->\n<title>MASA en el Foro Multisectorial AEM de mantenimiento 2021 - Grupo Masa<\/title>\n<meta name=\"description\" content=\"Ponencia en Foro Multisectorial AEM de mantenimiento, Jos\u00e9 Luis Bernal y Jose Daniel Guirado: &quot;AN\u00c1LISIS DEL GRADO DE MADUREZ PARA EL CAMBIO&quot;.\" \/>\n<meta name=\"robots\" content=\"index, follow, max-snippet:-1, max-image-preview:large, max-video-preview:-1\" \/>\n<link rel=\"canonical\" href=\"https:\/\/masagrupo.com\/pt\/manutencao-no-ambiente-da-industria-4-0\/\" \/>\n<meta property=\"og:locale\" content=\"pt_PT\" \/>\n<meta property=\"og:type\" content=\"article\" \/>\n<meta property=\"og:title\" content=\"MASA en el Foro Multisectorial AEM de mantenimiento 2021 - Grupo Masa\" \/>\n<meta property=\"og:description\" content=\"Ponencia en Foro Multisectorial AEM de mantenimiento, Jos\u00e9 Luis Bernal y Jose Daniel Guirado: &quot;AN\u00c1LISIS DEL GRADO DE MADUREZ PARA EL CAMBIO&quot;.\" \/>\n<meta property=\"og:url\" content=\"https:\/\/masagrupo.com\/pt\/manutencao-no-ambiente-da-industria-4-0\/\" \/>\n<meta property=\"og:site_name\" content=\"Grupo Masa\" \/>\n<meta property=\"article:published_time\" content=\"2022-01-19T11:06:29+00:00\" \/>\n<meta property=\"article:modified_time\" content=\"2025-11-16T13:59:35+00:00\" \/>\n<meta property=\"og:image\" content=\"https:\/\/masagrupo.com\/wp-content\/uploads\/2022\/01\/IMG_4035-scaled-e1642594715920.jpg\" \/>\n\t<meta property=\"og:image:width\" content=\"909\" \/>\n\t<meta property=\"og:image:height\" content=\"682\" \/>\n\t<meta property=\"og:image:type\" content=\"image\/jpeg\" \/>\n<meta name=\"author\" content=\"Paloma Ar\u00edn\" \/>\n<meta name=\"twitter:card\" content=\"summary_large_image\" \/>\n<meta name=\"twitter:label1\" content=\"Written by\" \/>\n\t<meta name=\"twitter:data1\" content=\"Paloma Ar\u00edn\" \/>\n\t<meta name=\"twitter:label2\" content=\"Est. reading time\" \/>\n\t<meta name=\"twitter:data2\" content=\"3 minutes\" \/>\n<script type=\"application\/ld+json\" class=\"yoast-schema-graph\">{\"@context\":\"https:\\\/\\\/schema.org\",\"@graph\":[{\"@type\":\"Article\",\"@id\":\"https:\\\/\\\/masagrupo.com\\\/mantenimiento-en-el-entorno-de-la-industria-4-0\\\/#article\",\"isPartOf\":{\"@id\":\"https:\\\/\\\/masagrupo.com\\\/mantenimiento-en-el-entorno-de-la-industria-4-0\\\/\"},\"author\":{\"name\":\"Paloma Ar\u00edn\",\"@id\":\"https:\\\/\\\/masagrupo.com\\\/#\\\/schema\\\/person\\\/7067a848d602fff19af4f2172917fae3\"},\"headline\":\"MASA en el Foro Multisectorial AEM de mantenimiento 2021\",\"datePublished\":\"2022-01-19T11:06:29+00:00\",\"dateModified\":\"2025-11-16T13:59:35+00:00\",\"mainEntityOfPage\":{\"@id\":\"https:\\\/\\\/masagrupo.com\\\/mantenimiento-en-el-entorno-de-la-industria-4-0\\\/\"},\"wordCount\":896,\"image\":{\"@id\":\"https:\\\/\\\/masagrupo.com\\\/mantenimiento-en-el-entorno-de-la-industria-4-0\\\/#primaryimage\"},\"thumbnailUrl\":\"https:\\\/\\\/masagrupo.com\\\/wp-content\\\/uploads\\\/2022\\\/01\\\/IMG_4035-scaled-e1642594715920.jpg\",\"articleSection\":[\"Digitalizaci\u00f3n del Mantenimiento\"],\"inLanguage\":\"pt-PT\"},{\"@type\":\"WebPage\",\"@id\":\"https:\\\/\\\/masagrupo.com\\\/mantenimiento-en-el-entorno-de-la-industria-4-0\\\/\",\"url\":\"https:\\\/\\\/masagrupo.com\\\/mantenimiento-en-el-entorno-de-la-industria-4-0\\\/\",\"name\":\"MASA en el Foro Multisectorial AEM de mantenimiento 2021 - Grupo Masa\",\"isPartOf\":{\"@id\":\"https:\\\/\\\/masagrupo.com\\\/#website\"},\"primaryImageOfPage\":{\"@id\":\"https:\\\/\\\/masagrupo.com\\\/mantenimiento-en-el-entorno-de-la-industria-4-0\\\/#primaryimage\"},\"image\":{\"@id\":\"https:\\\/\\\/masagrupo.com\\\/mantenimiento-en-el-entorno-de-la-industria-4-0\\\/#primaryimage\"},\"thumbnailUrl\":\"https:\\\/\\\/masagrupo.com\\\/wp-content\\\/uploads\\\/2022\\\/01\\\/IMG_4035-scaled-e1642594715920.jpg\",\"datePublished\":\"2022-01-19T11:06:29+00:00\",\"dateModified\":\"2025-11-16T13:59:35+00:00\",\"author\":{\"@id\":\"https:\\\/\\\/masagrupo.com\\\/#\\\/schema\\\/person\\\/7067a848d602fff19af4f2172917fae3\"},\"description\":\"Ponencia en Foro Multisectorial AEM de mantenimiento, Jos\u00e9 Luis Bernal y Jose Daniel Guirado: \\\"AN\u00c1LISIS DEL GRADO DE MADUREZ PARA EL CAMBIO\\\".\",\"breadcrumb\":{\"@id\":\"https:\\\/\\\/masagrupo.com\\\/mantenimiento-en-el-entorno-de-la-industria-4-0\\\/#breadcrumb\"},\"inLanguage\":\"pt-PT\",\"potentialAction\":[{\"@type\":\"ReadAction\",\"target\":[\"https:\\\/\\\/masagrupo.com\\\/mantenimiento-en-el-entorno-de-la-industria-4-0\\\/\"]}]},{\"@type\":\"ImageObject\",\"inLanguage\":\"pt-PT\",\"@id\":\"https:\\\/\\\/masagrupo.com\\\/mantenimiento-en-el-entorno-de-la-industria-4-0\\\/#primaryimage\",\"url\":\"https:\\\/\\\/masagrupo.com\\\/wp-content\\\/uploads\\\/2022\\\/01\\\/IMG_4035-scaled-e1642594715920.jpg\",\"contentUrl\":\"https:\\\/\\\/masagrupo.com\\\/wp-content\\\/uploads\\\/2022\\\/01\\\/IMG_4035-scaled-e1642594715920.jpg\",\"width\":909,\"height\":682},{\"@type\":\"BreadcrumbList\",\"@id\":\"https:\\\/\\\/masagrupo.com\\\/mantenimiento-en-el-entorno-de-la-industria-4-0\\\/#breadcrumb\",\"itemListElement\":[{\"@type\":\"ListItem\",\"position\":1,\"name\":\"Portada\",\"item\":\"https:\\\/\\\/masagrupo.com\\\/\"},{\"@type\":\"ListItem\",\"position\":2,\"name\":\"MASA en el Foro Multisectorial AEM de mantenimiento 2021\"}]},{\"@type\":\"WebSite\",\"@id\":\"https:\\\/\\\/masagrupo.com\\\/#website\",\"url\":\"https:\\\/\\\/masagrupo.com\\\/\",\"name\":\"Grupo Masa\",\"description\":\"MASA es una empresa del Grupo ACS\",\"potentialAction\":[{\"@type\":\"SearchAction\",\"target\":{\"@type\":\"EntryPoint\",\"urlTemplate\":\"https:\\\/\\\/masagrupo.com\\\/?s={search_term_string}\"},\"query-input\":{\"@type\":\"PropertyValueSpecification\",\"valueRequired\":true,\"valueName\":\"search_term_string\"}}],\"inLanguage\":\"pt-PT\"},{\"@type\":\"Person\",\"@id\":\"https:\\\/\\\/masagrupo.com\\\/#\\\/schema\\\/person\\\/7067a848d602fff19af4f2172917fae3\",\"name\":\"Paloma Ar\u00edn\",\"image\":{\"@type\":\"ImageObject\",\"inLanguage\":\"pt-PT\",\"@id\":\"https:\\\/\\\/secure.gravatar.com\\\/avatar\\\/d707daeb8561bd35e0b9c01b797023daef352b68a03c8c613fe9cf9f178aa597?s=96&d=mm&r=g\",\"url\":\"https:\\\/\\\/secure.gravatar.com\\\/avatar\\\/d707daeb8561bd35e0b9c01b797023daef352b68a03c8c613fe9cf9f178aa597?s=96&d=mm&r=g\",\"contentUrl\":\"https:\\\/\\\/secure.gravatar.com\\\/avatar\\\/d707daeb8561bd35e0b9c01b797023daef352b68a03c8c613fe9cf9f178aa597?s=96&d=mm&r=g\",\"caption\":\"Paloma Ar\u00edn\"},\"url\":\"https:\\\/\\\/masagrupo.com\\\/pt\\\/author\\\/paloma-arin\\\/\"}]}<\/script>\n<!-- \/ Yoast SEO plugin. -->","yoast_head_json":{"title":"MASA no F\u00f3rum Multissectorial da AEM sobre Manuten\u00e7\u00e3o 2021 - Grupo Masa","description":"Apresenta\u00e7\u00e3o no F\u00f3rum Multissectorial AEM sobre manuten\u00e7\u00e3o, Jos\u00e9 Luis Bernal e Jos\u00e9 Daniel Guirado: \"AN\u00c1LISE DO GRAU DE MATURIDADE PARA A MUDAN\u00c7A\".","robots":{"index":"index","follow":"follow","max-snippet":"max-snippet:-1","max-image-preview":"max-image-preview:large","max-video-preview":"max-video-preview:-1"},"canonical":"https:\/\/masagrupo.com\/pt\/manutencao-no-ambiente-da-industria-4-0\/","og_locale":"pt_PT","og_type":"article","og_title":"MASA en el Foro Multisectorial AEM de mantenimiento 2021 - Grupo Masa","og_description":"Ponencia en Foro Multisectorial AEM de mantenimiento, Jos\u00e9 Luis Bernal y Jose Daniel Guirado: \"AN\u00c1LISIS DEL GRADO DE MADUREZ PARA EL CAMBIO\".","og_url":"https:\/\/masagrupo.com\/pt\/manutencao-no-ambiente-da-industria-4-0\/","og_site_name":"Grupo Masa","article_published_time":"2022-01-19T11:06:29+00:00","article_modified_time":"2025-11-16T13:59:35+00:00","og_image":[{"width":909,"height":682,"url":"https:\/\/masagrupo.com\/wp-content\/uploads\/2022\/01\/IMG_4035-scaled-e1642594715920.jpg","type":"image\/jpeg"}],"author":"Paloma Ar\u00edn","twitter_card":"summary_large_image","twitter_misc":{"Written by":"Paloma Ar\u00edn","Est. reading time":"3 minutes"},"schema":{"@context":"https:\/\/schema.org","@graph":[{"@type":"Article","@id":"https:\/\/masagrupo.com\/mantenimiento-en-el-entorno-de-la-industria-4-0\/#article","isPartOf":{"@id":"https:\/\/masagrupo.com\/mantenimiento-en-el-entorno-de-la-industria-4-0\/"},"author":{"name":"Paloma Ar\u00edn","@id":"https:\/\/masagrupo.com\/#\/schema\/person\/7067a848d602fff19af4f2172917fae3"},"headline":"MASA en el Foro Multisectorial AEM de mantenimiento 2021","datePublished":"2022-01-19T11:06:29+00:00","dateModified":"2025-11-16T13:59:35+00:00","mainEntityOfPage":{"@id":"https:\/\/masagrupo.com\/mantenimiento-en-el-entorno-de-la-industria-4-0\/"},"wordCount":896,"image":{"@id":"https:\/\/masagrupo.com\/mantenimiento-en-el-entorno-de-la-industria-4-0\/#primaryimage"},"thumbnailUrl":"https:\/\/masagrupo.com\/wp-content\/uploads\/2022\/01\/IMG_4035-scaled-e1642594715920.jpg","articleSection":["Digitalizaci\u00f3n del Mantenimiento"],"inLanguage":"pt-PT"},{"@type":"WebPage","@id":"https:\/\/masagrupo.com\/mantenimiento-en-el-entorno-de-la-industria-4-0\/","url":"https:\/\/masagrupo.com\/mantenimiento-en-el-entorno-de-la-industria-4-0\/","name":"MASA no F\u00f3rum Multissectorial da AEM sobre Manuten\u00e7\u00e3o 2021 - Grupo Masa","isPartOf":{"@id":"https:\/\/masagrupo.com\/#website"},"primaryImageOfPage":{"@id":"https:\/\/masagrupo.com\/mantenimiento-en-el-entorno-de-la-industria-4-0\/#primaryimage"},"image":{"@id":"https:\/\/masagrupo.com\/mantenimiento-en-el-entorno-de-la-industria-4-0\/#primaryimage"},"thumbnailUrl":"https:\/\/masagrupo.com\/wp-content\/uploads\/2022\/01\/IMG_4035-scaled-e1642594715920.jpg","datePublished":"2022-01-19T11:06:29+00:00","dateModified":"2025-11-16T13:59:35+00:00","author":{"@id":"https:\/\/masagrupo.com\/#\/schema\/person\/7067a848d602fff19af4f2172917fae3"},"description":"Apresenta\u00e7\u00e3o no F\u00f3rum Multissectorial AEM sobre manuten\u00e7\u00e3o, Jos\u00e9 Luis Bernal e Jos\u00e9 Daniel Guirado: \"AN\u00c1LISE DO GRAU DE MATURIDADE PARA A MUDAN\u00c7A\".","breadcrumb":{"@id":"https:\/\/masagrupo.com\/mantenimiento-en-el-entorno-de-la-industria-4-0\/#breadcrumb"},"inLanguage":"pt-PT","potentialAction":[{"@type":"ReadAction","target":["https:\/\/masagrupo.com\/mantenimiento-en-el-entorno-de-la-industria-4-0\/"]}]},{"@type":"ImageObject","inLanguage":"pt-PT","@id":"https:\/\/masagrupo.com\/mantenimiento-en-el-entorno-de-la-industria-4-0\/#primaryimage","url":"https:\/\/masagrupo.com\/wp-content\/uploads\/2022\/01\/IMG_4035-scaled-e1642594715920.jpg","contentUrl":"https:\/\/masagrupo.com\/wp-content\/uploads\/2022\/01\/IMG_4035-scaled-e1642594715920.jpg","width":909,"height":682},{"@type":"BreadcrumbList","@id":"https:\/\/masagrupo.com\/mantenimiento-en-el-entorno-de-la-industria-4-0\/#breadcrumb","itemListElement":[{"@type":"ListItem","position":1,"name":"Portada","item":"https:\/\/masagrupo.com\/"},{"@type":"ListItem","position":2,"name":"MASA en el Foro Multisectorial AEM de mantenimiento 2021"}]},{"@type":"WebSite","@id":"https:\/\/masagrupo.com\/#website","url":"https:\/\/masagrupo.com\/","name":"Grupo Masa","description":"A MASA \u00e9 uma empresa do Grupo ACS","potentialAction":[{"@type":"SearchAction","target":{"@type":"EntryPoint","urlTemplate":"https:\/\/masagrupo.com\/?s={search_term_string}"},"query-input":{"@type":"PropertyValueSpecification","valueRequired":true,"valueName":"search_term_string"}}],"inLanguage":"pt-PT"},{"@type":"Person","@id":"https:\/\/masagrupo.com\/#\/schema\/person\/7067a848d602fff19af4f2172917fae3","name":"Paloma Ar\u00edn","image":{"@type":"ImageObject","inLanguage":"pt-PT","@id":"https:\/\/secure.gravatar.com\/avatar\/d707daeb8561bd35e0b9c01b797023daef352b68a03c8c613fe9cf9f178aa597?s=96&d=mm&r=g","url":"https:\/\/secure.gravatar.com\/avatar\/d707daeb8561bd35e0b9c01b797023daef352b68a03c8c613fe9cf9f178aa597?s=96&d=mm&r=g","contentUrl":"https:\/\/secure.gravatar.com\/avatar\/d707daeb8561bd35e0b9c01b797023daef352b68a03c8c613fe9cf9f178aa597?s=96&d=mm&r=g","caption":"Paloma Ar\u00edn"},"url":"https:\/\/masagrupo.com\/pt\/author\/paloma-arin\/"}]}},"_links":{"self":[{"href":"https:\/\/masagrupo.com\/pt\/wp-json\/wp\/v2\/posts\/7500","targetHints":{"allow":["GET"]}}],"collection":[{"href":"https:\/\/masagrupo.com\/pt\/wp-json\/wp\/v2\/posts"}],"about":[{"href":"https:\/\/masagrupo.com\/pt\/wp-json\/wp\/v2\/types\/post"}],"author":[{"embeddable":true,"href":"https:\/\/masagrupo.com\/pt\/wp-json\/wp\/v2\/users\/2"}],"replies":[{"embeddable":true,"href":"https:\/\/masagrupo.com\/pt\/wp-json\/wp\/v2\/comments?post=7500"}],"version-history":[{"count":22,"href":"https:\/\/masagrupo.com\/pt\/wp-json\/wp\/v2\/posts\/7500\/revisions"}],"predecessor-version":[{"id":11894,"href":"https:\/\/masagrupo.com\/pt\/wp-json\/wp\/v2\/posts\/7500\/revisions\/11894"}],"wp:featuredmedia":[{"embeddable":true,"href":"https:\/\/masagrupo.com\/pt\/wp-json\/wp\/v2\/media\/7511"}],"wp:attachment":[{"href":"https:\/\/masagrupo.com\/pt\/wp-json\/wp\/v2\/media?parent=7500"}],"wp:term":[{"taxonomy":"category","embeddable":true,"href":"https:\/\/masagrupo.com\/pt\/wp-json\/wp\/v2\/categories?post=7500"},{"taxonomy":"post_tag","embeddable":true,"href":"https:\/\/masagrupo.com\/pt\/wp-json\/wp\/v2\/tags?post=7500"}],"curies":[{"name":"wp","href":"https:\/\/api.w.org\/{rel}","templated":true}]}}