{"id":7439,"date":"2021-11-16T19:29:14","date_gmt":"2021-11-16T18:29:14","guid":{"rendered":"http:\/\/masagrupo.com\/?p=7439"},"modified":"2025-11-16T15:04:20","modified_gmt":"2025-11-16T14:04:20","slug":"dia-mundial-da-qualidade-2","status":"publish","type":"post","link":"https:\/\/masagrupo.com\/pt\/dia-mundial-de-la-calidad\/","title":{"rendered":"Dia Mundial da Qualidade"},"content":{"rendered":"<div class=\"fusion-fullwidth fullwidth-box fusion-builder-row-1 fusion-flex-container has-pattern-background has-mask-background nonhundred-percent-fullwidth non-hundred-percent-height-scrolling\" style=\"--awb-border-radius-top-left:0px;--awb-border-radius-top-right:0px;--awb-border-radius-bottom-right:0px;--awb-border-radius-bottom-left:0px;--awb-flex-wrap:wrap;\" ><div class=\"fusion-builder-row fusion-row fusion-flex-align-items-flex-start fusion-flex-content-wrap\" style=\"max-width:1248px;margin-left: calc(-4% \/ 2 );margin-right: calc(-4% \/ 2 );\"><div class=\"fusion-layout-column fusion_builder_column fusion-builder-column-0 fusion_builder_column_1_1 1_1 fusion-flex-column\" style=\"--awb-bg-size:cover;--awb-width-large:100%;--awb-margin-top-large:0px;--awb-spacing-right-large:1.92%;--awb-margin-bottom-large:20px;--awb-spacing-left-large:1.92%;--awb-width-medium:100%;--awb-order-medium:0;--awb-spacing-right-medium:1.92%;--awb-spacing-left-medium:1.92%;--awb-width-small:100%;--awb-order-small:0;--awb-spacing-right-small:1.92%;--awb-spacing-left-small:1.92%;\"><div class=\"fusion-column-wrapper fusion-column-has-shadow fusion-flex-justify-content-flex-start fusion-content-layout-column\"><div class=\"fusion-text fusion-text-1\"><p>Na segunda quinta-feira de novembro, celebrou-se o Dia Mundial da Qualidade, com o objetivo de refletir sobre a relev\u00e2ncia da gest\u00e3o da qualidade no quotidiano e o desenvolvimento de processos, sistemas e resultados mais eficientes a n\u00edvel empresarial.<\/p>\n<p>A celebra\u00e7\u00e3o deste dia tem como objetivo sensibilizar as empresas e as autoridades p\u00fablicas para a cria\u00e7\u00e3o de uma vis\u00e3o estrat\u00e9gica da qualidade na gest\u00e3o, que tenha impacto na melhoria cont\u00ednua dos bens e servi\u00e7os.<\/p>\n<h2>Qual \u00e9 a origem do Dia Mundial da Qualidade?<\/h2>\n<p>Em 1989, o Chartered Quality Institute (anteriormente conhecido como Institute of Quality Assurance (IQA)) celebrou o primeiro Dia Mundial da Qualidade, com o objetivo de sensibilizar para a import\u00e2ncia da qualidade nas empresas e organiza\u00e7\u00f5es.<\/p>\n<p>Por outro lado, algumas fontes indicam que a Organiza\u00e7\u00e3o das Na\u00e7\u00f5es Unidas (ONU) promulgou este dia mundial em 1990. No entanto, n\u00e3o consta do seu s\u00edtio Web oficial.<\/p>\n<p>No Jap\u00e3o, novembro \u00e9 considerado o \u00abM\u00eas da Qualidade\u00bb desde 1959. Outros pa\u00edses do Oriente adoptaram esta data, enquanto algumas na\u00e7\u00f5es, como os Estados Unidos e o Canad\u00e1, a celebram em outubro.<\/p>\n<h2>Campanha 2021: Sustentabilidade: Melhorar os nossos produtos, as pessoas e o planeta<\/h2>\n<p>O tema da edi\u00e7\u00e3o deste ano do Dia Mundial 2021 (11\/11\/21) centrou-se na \u201cSustentabilidade: melhorar os nossos produtos, as pessoas e o planeta\".<\/p>\n<p>Esta campanha tem como objetivo integrar as expectativas e necessidades de sustentabilidade nos processos<\/p>\n<p>e planos, atrav\u00e9s do sistema de gest\u00e3o da organiza\u00e7\u00e3o. Tamb\u00e9m inova e estimula a conce\u00e7\u00e3o de produtos e servi\u00e7os comercialmente vi\u00e1veis e sustent\u00e1veis.<\/p>\n<p>As tr\u00eas lentes da sustentabilidade: Pessoas, Planeta e Neg\u00f3cios.<\/p>\n<p><img decoding=\"async\" class=\"size-full wp-image-11896 alignleft\" src=\"https:\/\/masagrupo.com\/wp-content\/uploads\/2021\/11\/futuro-sostenible.png\" alt=\"\" width=\"463\" height=\"482\" srcset=\"https:\/\/masagrupo.com\/wp-content\/uploads\/2021\/11\/futuro-sostenible-200x208.png 200w, https:\/\/masagrupo.com\/wp-content\/uploads\/2021\/11\/futuro-sostenible-288x300.png 288w, https:\/\/masagrupo.com\/wp-content\/uploads\/2021\/11\/futuro-sostenible-400x416.png 400w, https:\/\/masagrupo.com\/wp-content\/uploads\/2021\/11\/futuro-sostenible.png 463w\" sizes=\"(max-width: 463px) 100vw, 463px\" \/>As empresas est\u00e3o a avan\u00e7ar para um compromisso com a sustentabilidade utilizando um modelo centrado nas pessoas, no nosso planeta e no neg\u00f3cio. Quando estas lentes se sobrep\u00f5em, vemos oportunidades naturais para inovar, proteger e cultivar um futuro saud\u00e1vel. Quando integramos esta vis\u00e3o na forma como trabalhamos e vivemos, podemos resolver melhor os desafios mais dif\u00edceis de amanh\u00e3, sem comprometer a capacidade das gera\u00e7\u00f5es futuras de resolverem os seus pr\u00f3prios desafios.<\/p>\n<p>O sucesso da sociedade atual consiste em manter o equil\u00edbrio e a sustentabilidade entre o ambiente e o mundo social e econ\u00f3mico, de modo a satisfazer as necessidades do presente sem comprometer as necessidades das gera\u00e7\u00f5es futuras.<\/p>\n<p>Por esta raz\u00e3o, e para cumprir os princ\u00edpios do desenvolvimento sustent\u00e1vel, os requisitos legais s\u00e3o cada vez mais exigentes e levaram ao aparecimento de normas como a ISO, os Regulamentos e a UNE, para fornecer requisitos efectivos \u00e0s empresas para melhorarem a qualidade dos seus produtos e servi\u00e7os, reduzindo simultaneamente os impactos ambientais gerados.<\/p>\n<p>Al\u00e9m disso, na sequ\u00eancia do mandato conferido ao Pacto Global para sensibilizar e ajudar as organiza\u00e7\u00f5es a contribu\u00edrem para a nova agenda de desenvolvimento, os Objectivos de Desenvolvimento Sustent\u00e1vel (ODS) das Na\u00e7\u00f5es Unidas desempenham um papel essencial, proporcionando \u00e0s empresas um quadro universal e coerente para identificarem quais os objectivos e metas que podem influenciar e come\u00e7arem a implementar actividades e opera\u00e7\u00f5es que contribuam para o desenvolvimento sustent\u00e1vel, a n\u00edvel local e internacional.<\/p>\n<p>As empresas e organiza\u00e7\u00f5es de todo o mundo confiam nos sistemas de gest\u00e3o da qualidade e do ambiente como uma ferramenta fundamental para garantir a satisfa\u00e7\u00e3o dos clientes e a prote\u00e7\u00e3o do ambiente.<\/p>\n<h2>Conclus\u00f5es<\/h2>\n<p>Qualidade significa gerir e fazer bem as coisas, esfor\u00e7ando-se por ser melhor e mais eficiente todos os dias.<\/p>\n<p>A qualidade est\u00e1 nas pessoas, as pessoas s\u00e3o a qualidade.<\/p>\n<p>Todos os dias, todos n\u00f3s somos qualidade.<\/p>\n<p>#DCM2021<\/p>\n<\/div><div class=\"fusion-image-element\" style=\"--awb-caption-title-font-family:var(--h2_typography-font-family);--awb-caption-title-font-weight:var(--h2_typography-font-weight);--awb-caption-title-font-style:var(--h2_typography-font-style);--awb-caption-title-size:var(--h2_typography-font-size);--awb-caption-title-transform:var(--h2_typography-text-transform);--awb-caption-title-line-height:var(--h2_typography-line-height);--awb-caption-title-letter-spacing:var(--h2_typography-letter-spacing);\"><span class=\"fusion-imageframe imageframe-none imageframe-1 hover-type-none\"><img decoding=\"async\" width=\"822\" height=\"239\" title=\"objectivos de desenvolvimento sustent\u00e1vel\" src=\"https:\/\/masagrupo.com\/wp-content\/uploads\/2021\/11\/objetivos-desarrollo-sostenible.png\" alt class=\"img-responsive wp-image-11897\" srcset=\"https:\/\/masagrupo.com\/wp-content\/uploads\/2021\/11\/objetivos-desarrollo-sostenible-200x58.png 200w, https:\/\/masagrupo.com\/wp-content\/uploads\/2021\/11\/objetivos-desarrollo-sostenible-400x116.png 400w, https:\/\/masagrupo.com\/wp-content\/uploads\/2021\/11\/objetivos-desarrollo-sostenible-600x174.png 600w, https:\/\/masagrupo.com\/wp-content\/uploads\/2021\/11\/objetivos-desarrollo-sostenible-800x233.png 800w, https:\/\/masagrupo.com\/wp-content\/uploads\/2021\/11\/objetivos-desarrollo-sostenible.png 822w\" sizes=\"(max-width: 640px) 100vw, 822px\" \/><\/span><\/div><div class=\"fusion-image-element\" style=\"--awb-caption-title-font-family:var(--h2_typography-font-family);--awb-caption-title-font-weight:var(--h2_typography-font-weight);--awb-caption-title-font-style:var(--h2_typography-font-style);--awb-caption-title-size:var(--h2_typography-font-size);--awb-caption-title-transform:var(--h2_typography-text-transform);--awb-caption-title-line-height:var(--h2_typography-line-height);--awb-caption-title-letter-spacing:var(--h2_typography-letter-spacing);\"><span class=\"fusion-imageframe imageframe-none imageframe-2 hover-type-none\"><img decoding=\"async\" width=\"412\" height=\"122\" alt=\"Pessoas de qualidade\" title=\"imagem7\" src=\"https:\/\/masagrupo.com\/wp-content\/uploads\/2021\/11\/image7.png\" class=\"img-responsive wp-image-11898\" srcset=\"https:\/\/masagrupo.com\/wp-content\/uploads\/2021\/11\/image7-200x59.png 200w, https:\/\/masagrupo.com\/wp-content\/uploads\/2021\/11\/image7-400x118.png 400w, https:\/\/masagrupo.com\/wp-content\/uploads\/2021\/11\/image7.png 412w\" sizes=\"(max-width: 640px) 100vw, 412px\" \/><\/span><\/div><\/div><\/div><\/div><\/div>","protected":false},"excerpt":{"rendered":"<p>Na segunda quinta-feira de novembro, celebrou-se o Dia Mundial da Qualidade, com o objetivo de refletir sobre a relev\u00e2ncia da gest\u00e3o da qualidade no quotidiano e o desenvolvimento de processos, sistemas e resultados mais eficientes a n\u00edvel empresarial.<\/p>","protected":false},"author":2,"featured_media":7446,"comment_status":"closed","ping_status":"closed","sticky":false,"template":"","format":"standard","meta":{"footnotes":""},"categories":[83],"tags":[],"class_list":["post-7439","post","type-post","status-publish","format-standard","has-post-thumbnail","hentry","category-empresas-de-servicios-industriales"],"yoast_head":"<!-- This site is optimized with the Yoast SEO plugin v27.4 - https:\/\/yoast.com\/product\/yoast-seo-wordpress\/ -->\n<title>D\u00eda Mundial de la Calidad - Grupo Masa<\/title>\n<meta name=\"description\" content=\"El segundo jueves del mes de noviembre se celebr\u00f3 el D\u00eda Mundial de la Calidad, con la finalidad de reflexionar acerca de la relevancia de la gesti\u00f3n de la calidad en la vida cotidiana y el desarrollo de procesos, sistemas y resultados m\u00e1s eficientes a nivel empresarial.\" \/>\n<meta name=\"robots\" content=\"index, follow, max-snippet:-1, max-image-preview:large, max-video-preview:-1\" \/>\n<link rel=\"canonical\" href=\"https:\/\/masagrupo.com\/pt\/dia-mundial-da-qualidade-2\/\" \/>\n<meta property=\"og:locale\" content=\"pt_PT\" \/>\n<meta property=\"og:type\" content=\"article\" \/>\n<meta property=\"og:title\" content=\"D\u00eda Mundial de la Calidad - Grupo Masa\" \/>\n<meta property=\"og:description\" content=\"El segundo jueves del mes de noviembre se celebr\u00f3 el D\u00eda Mundial de la Calidad, con la finalidad de reflexionar acerca de la relevancia de la gesti\u00f3n de la calidad en la vida cotidiana y el desarrollo de procesos, sistemas y resultados m\u00e1s eficientes a nivel empresarial.\" \/>\n<meta property=\"og:url\" content=\"https:\/\/masagrupo.com\/pt\/dia-mundial-da-qualidade-2\/\" \/>\n<meta property=\"og:site_name\" content=\"Grupo Masa\" \/>\n<meta property=\"article:published_time\" content=\"2021-11-16T18:29:14+00:00\" \/>\n<meta property=\"article:modified_time\" content=\"2025-11-16T14:04:20+00:00\" \/>\n<meta property=\"og:image\" content=\"https:\/\/masagrupo.com\/wp-content\/uploads\/2021\/12\/image12.jpg\" \/>\n\t<meta property=\"og:image:width\" content=\"741\" \/>\n\t<meta property=\"og:image:height\" content=\"752\" \/>\n\t<meta property=\"og:image:type\" content=\"image\/jpeg\" \/>\n<meta name=\"author\" content=\"Paloma Ar\u00edn\" \/>\n<meta name=\"twitter:card\" content=\"summary_large_image\" \/>\n<meta name=\"twitter:label1\" content=\"Written by\" \/>\n\t<meta name=\"twitter:data1\" content=\"Paloma Ar\u00edn\" \/>\n\t<meta name=\"twitter:label2\" content=\"Est. reading time\" \/>\n\t<meta name=\"twitter:data2\" content=\"4 minutes\" \/>\n<script type=\"application\/ld+json\" class=\"yoast-schema-graph\">{\"@context\":\"https:\\\/\\\/schema.org\",\"@graph\":[{\"@type\":\"Article\",\"@id\":\"https:\\\/\\\/masagrupo.com\\\/dia-mundial-de-la-calidad\\\/#article\",\"isPartOf\":{\"@id\":\"https:\\\/\\\/masagrupo.com\\\/dia-mundial-de-la-calidad\\\/\"},\"author\":{\"name\":\"Paloma Ar\u00edn\",\"@id\":\"https:\\\/\\\/masagrupo.com\\\/#\\\/schema\\\/person\\\/7067a848d602fff19af4f2172917fae3\"},\"headline\":\"D\u00eda Mundial de la Calidad\",\"datePublished\":\"2021-11-16T18:29:14+00:00\",\"dateModified\":\"2025-11-16T14:04:20+00:00\",\"mainEntityOfPage\":{\"@id\":\"https:\\\/\\\/masagrupo.com\\\/dia-mundial-de-la-calidad\\\/\"},\"wordCount\":2321,\"image\":{\"@id\":\"https:\\\/\\\/masagrupo.com\\\/dia-mundial-de-la-calidad\\\/#primaryimage\"},\"thumbnailUrl\":\"https:\\\/\\\/masagrupo.com\\\/wp-content\\\/uploads\\\/2021\\\/12\\\/image12.jpg\",\"articleSection\":[\"Servicios Industriales - Grupo Masa\"],\"inLanguage\":\"pt-PT\"},{\"@type\":\"WebPage\",\"@id\":\"https:\\\/\\\/masagrupo.com\\\/dia-mundial-de-la-calidad\\\/\",\"url\":\"https:\\\/\\\/masagrupo.com\\\/dia-mundial-de-la-calidad\\\/\",\"name\":\"D\u00eda Mundial de la Calidad - Grupo Masa\",\"isPartOf\":{\"@id\":\"https:\\\/\\\/masagrupo.com\\\/#website\"},\"primaryImageOfPage\":{\"@id\":\"https:\\\/\\\/masagrupo.com\\\/dia-mundial-de-la-calidad\\\/#primaryimage\"},\"image\":{\"@id\":\"https:\\\/\\\/masagrupo.com\\\/dia-mundial-de-la-calidad\\\/#primaryimage\"},\"thumbnailUrl\":\"https:\\\/\\\/masagrupo.com\\\/wp-content\\\/uploads\\\/2021\\\/12\\\/image12.jpg\",\"datePublished\":\"2021-11-16T18:29:14+00:00\",\"dateModified\":\"2025-11-16T14:04:20+00:00\",\"author\":{\"@id\":\"https:\\\/\\\/masagrupo.com\\\/#\\\/schema\\\/person\\\/7067a848d602fff19af4f2172917fae3\"},\"description\":\"El segundo jueves del mes de noviembre se celebr\u00f3 el D\u00eda Mundial de la Calidad, con la finalidad de reflexionar acerca de la relevancia de la gesti\u00f3n de la calidad en la vida cotidiana y el desarrollo de procesos, sistemas y resultados m\u00e1s eficientes a nivel empresarial.\",\"breadcrumb\":{\"@id\":\"https:\\\/\\\/masagrupo.com\\\/dia-mundial-de-la-calidad\\\/#breadcrumb\"},\"inLanguage\":\"pt-PT\",\"potentialAction\":[{\"@type\":\"ReadAction\",\"target\":[\"https:\\\/\\\/masagrupo.com\\\/dia-mundial-de-la-calidad\\\/\"]}]},{\"@type\":\"ImageObject\",\"inLanguage\":\"pt-PT\",\"@id\":\"https:\\\/\\\/masagrupo.com\\\/dia-mundial-de-la-calidad\\\/#primaryimage\",\"url\":\"https:\\\/\\\/masagrupo.com\\\/wp-content\\\/uploads\\\/2021\\\/12\\\/image12.jpg\",\"contentUrl\":\"https:\\\/\\\/masagrupo.com\\\/wp-content\\\/uploads\\\/2021\\\/12\\\/image12.jpg\",\"width\":741,\"height\":752},{\"@type\":\"BreadcrumbList\",\"@id\":\"https:\\\/\\\/masagrupo.com\\\/dia-mundial-de-la-calidad\\\/#breadcrumb\",\"itemListElement\":[{\"@type\":\"ListItem\",\"position\":1,\"name\":\"Portada\",\"item\":\"https:\\\/\\\/masagrupo.com\\\/\"},{\"@type\":\"ListItem\",\"position\":2,\"name\":\"D\u00eda Mundial de la Calidad\"}]},{\"@type\":\"WebSite\",\"@id\":\"https:\\\/\\\/masagrupo.com\\\/#website\",\"url\":\"https:\\\/\\\/masagrupo.com\\\/\",\"name\":\"Grupo Masa\",\"description\":\"MASA es una empresa del Grupo ACS\",\"potentialAction\":[{\"@type\":\"SearchAction\",\"target\":{\"@type\":\"EntryPoint\",\"urlTemplate\":\"https:\\\/\\\/masagrupo.com\\\/?s={search_term_string}\"},\"query-input\":{\"@type\":\"PropertyValueSpecification\",\"valueRequired\":true,\"valueName\":\"search_term_string\"}}],\"inLanguage\":\"pt-PT\"},{\"@type\":\"Person\",\"@id\":\"https:\\\/\\\/masagrupo.com\\\/#\\\/schema\\\/person\\\/7067a848d602fff19af4f2172917fae3\",\"name\":\"Paloma Ar\u00edn\",\"image\":{\"@type\":\"ImageObject\",\"inLanguage\":\"pt-PT\",\"@id\":\"https:\\\/\\\/secure.gravatar.com\\\/avatar\\\/d707daeb8561bd35e0b9c01b797023daef352b68a03c8c613fe9cf9f178aa597?s=96&d=mm&r=g\",\"url\":\"https:\\\/\\\/secure.gravatar.com\\\/avatar\\\/d707daeb8561bd35e0b9c01b797023daef352b68a03c8c613fe9cf9f178aa597?s=96&d=mm&r=g\",\"contentUrl\":\"https:\\\/\\\/secure.gravatar.com\\\/avatar\\\/d707daeb8561bd35e0b9c01b797023daef352b68a03c8c613fe9cf9f178aa597?s=96&d=mm&r=g\",\"caption\":\"Paloma Ar\u00edn\"},\"url\":\"https:\\\/\\\/masagrupo.com\\\/pt\\\/author\\\/paloma-arin\\\/\"}]}<\/script>\n<!-- \/ Yoast SEO plugin. -->","yoast_head_json":{"title":"Dia Mundial da Qualidade - Grupo Masa","description":"Na segunda quinta-feira de novembro, celebrou-se o Dia Mundial da Qualidade, com o objetivo de refletir sobre a relev\u00e2ncia da gest\u00e3o da qualidade no quotidiano e o desenvolvimento de processos, sistemas e resultados mais eficientes a n\u00edvel empresarial.","robots":{"index":"index","follow":"follow","max-snippet":"max-snippet:-1","max-image-preview":"max-image-preview:large","max-video-preview":"max-video-preview:-1"},"canonical":"https:\/\/masagrupo.com\/pt\/dia-mundial-da-qualidade-2\/","og_locale":"pt_PT","og_type":"article","og_title":"D\u00eda Mundial de la Calidad - Grupo Masa","og_description":"El segundo jueves del mes de noviembre se celebr\u00f3 el D\u00eda Mundial de la Calidad, con la finalidad de reflexionar acerca de la relevancia de la gesti\u00f3n de la calidad en la vida cotidiana y el desarrollo de procesos, sistemas y resultados m\u00e1s eficientes a nivel empresarial.","og_url":"https:\/\/masagrupo.com\/pt\/dia-mundial-da-qualidade-2\/","og_site_name":"Grupo Masa","article_published_time":"2021-11-16T18:29:14+00:00","article_modified_time":"2025-11-16T14:04:20+00:00","og_image":[{"width":741,"height":752,"url":"https:\/\/masagrupo.com\/wp-content\/uploads\/2021\/12\/image12.jpg","type":"image\/jpeg"}],"author":"Paloma Ar\u00edn","twitter_card":"summary_large_image","twitter_misc":{"Written by":"Paloma Ar\u00edn","Est. reading time":"4 minutes"},"schema":{"@context":"https:\/\/schema.org","@graph":[{"@type":"Article","@id":"https:\/\/masagrupo.com\/dia-mundial-de-la-calidad\/#article","isPartOf":{"@id":"https:\/\/masagrupo.com\/dia-mundial-de-la-calidad\/"},"author":{"name":"Paloma Ar\u00edn","@id":"https:\/\/masagrupo.com\/#\/schema\/person\/7067a848d602fff19af4f2172917fae3"},"headline":"D\u00eda Mundial de la Calidad","datePublished":"2021-11-16T18:29:14+00:00","dateModified":"2025-11-16T14:04:20+00:00","mainEntityOfPage":{"@id":"https:\/\/masagrupo.com\/dia-mundial-de-la-calidad\/"},"wordCount":2321,"image":{"@id":"https:\/\/masagrupo.com\/dia-mundial-de-la-calidad\/#primaryimage"},"thumbnailUrl":"https:\/\/masagrupo.com\/wp-content\/uploads\/2021\/12\/image12.jpg","articleSection":["Servicios Industriales - Grupo Masa"],"inLanguage":"pt-PT"},{"@type":"WebPage","@id":"https:\/\/masagrupo.com\/dia-mundial-de-la-calidad\/","url":"https:\/\/masagrupo.com\/dia-mundial-de-la-calidad\/","name":"Dia Mundial da Qualidade - Grupo Masa","isPartOf":{"@id":"https:\/\/masagrupo.com\/#website"},"primaryImageOfPage":{"@id":"https:\/\/masagrupo.com\/dia-mundial-de-la-calidad\/#primaryimage"},"image":{"@id":"https:\/\/masagrupo.com\/dia-mundial-de-la-calidad\/#primaryimage"},"thumbnailUrl":"https:\/\/masagrupo.com\/wp-content\/uploads\/2021\/12\/image12.jpg","datePublished":"2021-11-16T18:29:14+00:00","dateModified":"2025-11-16T14:04:20+00:00","author":{"@id":"https:\/\/masagrupo.com\/#\/schema\/person\/7067a848d602fff19af4f2172917fae3"},"description":"Na segunda quinta-feira de novembro, celebrou-se o Dia Mundial da Qualidade, com o objetivo de refletir sobre a relev\u00e2ncia da gest\u00e3o da qualidade no quotidiano e o desenvolvimento de processos, sistemas e resultados mais eficientes a n\u00edvel empresarial.","breadcrumb":{"@id":"https:\/\/masagrupo.com\/dia-mundial-de-la-calidad\/#breadcrumb"},"inLanguage":"pt-PT","potentialAction":[{"@type":"ReadAction","target":["https:\/\/masagrupo.com\/dia-mundial-de-la-calidad\/"]}]},{"@type":"ImageObject","inLanguage":"pt-PT","@id":"https:\/\/masagrupo.com\/dia-mundial-de-la-calidad\/#primaryimage","url":"https:\/\/masagrupo.com\/wp-content\/uploads\/2021\/12\/image12.jpg","contentUrl":"https:\/\/masagrupo.com\/wp-content\/uploads\/2021\/12\/image12.jpg","width":741,"height":752},{"@type":"BreadcrumbList","@id":"https:\/\/masagrupo.com\/dia-mundial-de-la-calidad\/#breadcrumb","itemListElement":[{"@type":"ListItem","position":1,"name":"Portada","item":"https:\/\/masagrupo.com\/"},{"@type":"ListItem","position":2,"name":"D\u00eda Mundial de la Calidad"}]},{"@type":"WebSite","@id":"https:\/\/masagrupo.com\/#website","url":"https:\/\/masagrupo.com\/","name":"Grupo Masa","description":"A MASA \u00e9 uma empresa do Grupo ACS","potentialAction":[{"@type":"SearchAction","target":{"@type":"EntryPoint","urlTemplate":"https:\/\/masagrupo.com\/?s={search_term_string}"},"query-input":{"@type":"PropertyValueSpecification","valueRequired":true,"valueName":"search_term_string"}}],"inLanguage":"pt-PT"},{"@type":"Person","@id":"https:\/\/masagrupo.com\/#\/schema\/person\/7067a848d602fff19af4f2172917fae3","name":"Paloma Ar\u00edn","image":{"@type":"ImageObject","inLanguage":"pt-PT","@id":"https:\/\/secure.gravatar.com\/avatar\/d707daeb8561bd35e0b9c01b797023daef352b68a03c8c613fe9cf9f178aa597?s=96&d=mm&r=g","url":"https:\/\/secure.gravatar.com\/avatar\/d707daeb8561bd35e0b9c01b797023daef352b68a03c8c613fe9cf9f178aa597?s=96&d=mm&r=g","contentUrl":"https:\/\/secure.gravatar.com\/avatar\/d707daeb8561bd35e0b9c01b797023daef352b68a03c8c613fe9cf9f178aa597?s=96&d=mm&r=g","caption":"Paloma Ar\u00edn"},"url":"https:\/\/masagrupo.com\/pt\/author\/paloma-arin\/"}]}},"_links":{"self":[{"href":"https:\/\/masagrupo.com\/pt\/wp-json\/wp\/v2\/posts\/7439","targetHints":{"allow":["GET"]}}],"collection":[{"href":"https:\/\/masagrupo.com\/pt\/wp-json\/wp\/v2\/posts"}],"about":[{"href":"https:\/\/masagrupo.com\/pt\/wp-json\/wp\/v2\/types\/post"}],"author":[{"embeddable":true,"href":"https:\/\/masagrupo.com\/pt\/wp-json\/wp\/v2\/users\/2"}],"replies":[{"embeddable":true,"href":"https:\/\/masagrupo.com\/pt\/wp-json\/wp\/v2\/comments?post=7439"}],"version-history":[{"count":10,"href":"https:\/\/masagrupo.com\/pt\/wp-json\/wp\/v2\/posts\/7439\/revisions"}],"predecessor-version":[{"id":11899,"href":"https:\/\/masagrupo.com\/pt\/wp-json\/wp\/v2\/posts\/7439\/revisions\/11899"}],"wp:featuredmedia":[{"embeddable":true,"href":"https:\/\/masagrupo.com\/pt\/wp-json\/wp\/v2\/media\/7446"}],"wp:attachment":[{"href":"https:\/\/masagrupo.com\/pt\/wp-json\/wp\/v2\/media?parent=7439"}],"wp:term":[{"taxonomy":"category","embeddable":true,"href":"https:\/\/masagrupo.com\/pt\/wp-json\/wp\/v2\/categories?post=7439"},{"taxonomy":"post_tag","embeddable":true,"href":"https:\/\/masagrupo.com\/pt\/wp-json\/wp\/v2\/tags?post=7439"}],"curies":[{"name":"wp","href":"https:\/\/api.w.org\/{rel}","templated":true}]}}