{"id":7180,"date":"2021-09-02T17:06:17","date_gmt":"2021-09-02T15:06:17","guid":{"rendered":"http:\/\/masagrupo.com\/?p=7180"},"modified":"2025-11-16T15:17:44","modified_gmt":"2025-11-16T14:17:44","slug":"no-proximo-dia-22-de-setembro-temos-uma-data-imperdivel-o-1o-forum-nacional-da-industria-auxiliar","status":"publish","type":"post","link":"https:\/\/masagrupo.com\/pt\/el-proximo-22-de-septiembre-tenemos-una-cita-ineludible-el-i-foro-nacional-de-industria-auxiliar\/","title":{"rendered":"NO DIA 22 DE SETEMBRO TEMOS UMA DATA IMPERD\u00cdVEL: O 1\u00ba F\u00d3RUM NACIONAL DA IND\u00daSTRIA AUXILIAR."},"content":{"rendered":"<p style=\"text-align: center;\">Os objectivos desta iniciativa s\u00e3o <strong>impulsionar a promo\u00e7\u00e3o e a comercializa\u00e7\u00e3o comercial do sector auxiliar;<\/strong> <strong>oferecer \u00e0s empresas um evento \u00fanico<\/strong> onde se apresentar e atrair a aten\u00e7\u00e3o de intermedi\u00e1rios nacionais e internacionais; <strong>incentivar o trabalho em rede<\/strong>, um ponto de encontro profissional entre as empresas e o sector p\u00fablico\/misto, e as ind\u00fastrias auxiliares e associadas; e <strong>criar um espa\u00e7o de conhecimento e de divulga\u00e7\u00e3o do sector dos auxiliares.<\/strong><\/p>\n<p><strong><img decoding=\"async\" class=\"wp-image-11911 alignleft\" src=\"https:\/\/masagrupo.com\/wp-content\/uploads\/2021\/09\/Captura-de-pantalla-2021-09-02-a-las-11.34.47-1.png\" alt=\"\" width=\"277\" height=\"337\" srcset=\"https:\/\/masagrupo.com\/wp-content\/uploads\/2021\/09\/Captura-de-pantalla-2021-09-02-a-las-11.34.47-1-200x243.png 200w, https:\/\/masagrupo.com\/wp-content\/uploads\/2021\/09\/Captura-de-pantalla-2021-09-02-a-las-11.34.47-1-247x300.png 247w, https:\/\/masagrupo.com\/wp-content\/uploads\/2021\/09\/Captura-de-pantalla-2021-09-02-a-las-11.34.47-1-400x487.png 400w, https:\/\/masagrupo.com\/wp-content\/uploads\/2021\/09\/Captura-de-pantalla-2021-09-02-a-las-11.34.47-1.png 586w\" sizes=\"(max-width: 277px) 100vw, 277px\" \/>Grupo Masa<\/strong> participar\u00e1 ativamente neste evento, uma iniciativa inovadora e muito necess\u00e1ria nestes tempos dif\u00edceis. Os seus <strong>Diretor de RH<\/strong> , <strong>Carlos L\u00f3pez de las Heras<\/strong>, colocar\u00e1 os seus conhecimentos \u00e0 disposi\u00e7\u00e3o dos participantes num workshop sobre \u201cForma\u00e7\u00e3o profissional e procura de emprego\u201d. Tamb\u00e9m <strong>Francisco Javier Almandoz R\u00edos, Diretor do MASA Tarragona e Presidente da AEST<\/strong> colaborar\u00e1 no encontro com uma confer\u00eancia intitulada \u201cA ind\u00fastria auxiliar de Tarragona. Um caso de sucesso na colabora\u00e7\u00e3o com a ind\u00fastria de tractores\u201d, e num workshop sobre \u201cCondi\u00e7\u00f5es e requisitos de acesso \u00e0s empresas de tractores\u201d.\u201d<\/p>\n<p>Para a celebra\u00e7\u00e3o da confer\u00eancia, ser\u00e3o criadas diferentes sec\u00e7\u00f5es na Casa Col\u00f3n com uma <strong>\u2018Espa\u00e7o do conhecimento\u2019<\/strong>, que acolher\u00e1 confer\u00eancias e workshops destinados a requalificar o sector em \u00e1reas-chave: inova\u00e7\u00e3o, produto, marketing, qualidade, forma\u00e7\u00e3o, coopera\u00e7\u00e3o, etc.<\/p>\n<p>Haver\u00e1 tamb\u00e9m um\u2018<strong>Acolhimento institucional e espa\u00e7o de trabalho\u2019.\u2019<\/strong> para a localiza\u00e7\u00e3o de entidades p\u00fablicas e privadas que ofere\u00e7am produtos e servi\u00e7os relacionados com as ind\u00fastrias auxiliares dos sectores acima mencionados. Facilitar\u00e1 o conhecimento da ind\u00fastria motriz e dos recursos existentes para permitir o desenvolvimento da ind\u00fastria auxiliar.<\/p>\n<p><img decoding=\"async\" class=\"alignnone size-fusion-1200 wp-image-11912\" src=\"https:\/\/masagrupo.com\/wp-content\/uploads\/2021\/09\/actividades-1200x1132.png\" alt=\"\" width=\"1200\" height=\"1132\" srcset=\"https:\/\/masagrupo.com\/wp-content\/uploads\/2021\/09\/actividades-200x189.png 200w, https:\/\/masagrupo.com\/wp-content\/uploads\/2021\/09\/actividades-300x283.png 300w, https:\/\/masagrupo.com\/wp-content\/uploads\/2021\/09\/actividades-400x377.png 400w, https:\/\/masagrupo.com\/wp-content\/uploads\/2021\/09\/actividades-600x566.png 600w, https:\/\/masagrupo.com\/wp-content\/uploads\/2021\/09\/actividades-768x724.png 768w, https:\/\/masagrupo.com\/wp-content\/uploads\/2021\/09\/actividades-800x755.png 800w, https:\/\/masagrupo.com\/wp-content\/uploads\/2021\/09\/actividades-1024x966.png 1024w, https:\/\/masagrupo.com\/wp-content\/uploads\/2021\/09\/actividades-1200x1132.png 1200w, https:\/\/masagrupo.com\/wp-content\/uploads\/2021\/09\/actividades.png 1284w\" sizes=\"(max-width: 1200px) 100vw, 1200px\" \/><\/p>\n<p>O \u00ab<strong>Espa\u00e7o comercial \/ Redes\u00bb.\u00bb <\/strong>acolher\u00e1 encontros comerciais e\/ou de coopera\u00e7\u00e3o b2b. Haver\u00e1 dois tipos de reuni\u00f5es, algumas das quais ser\u00e3o programadas e organizadas pelos organizadores, e reuni\u00f5es casuais geradas pelo trabalho em rede do evento.<\/p>\n<p>Est\u00e1 aberto o per\u00edodo de inscri\u00e7\u00e3o para participar nesta iniciativa organizada pela C\u00e2mara Municipal de Huelva com um vasto leque de colaboradores, entre os quais a Diputaci\u00f3n Foral, a Associa\u00e7\u00e3o de Ind\u00fastrias Qu\u00edmicas e Energ\u00e9ticas de Base (AIQBe), a Federa\u00e7\u00e3o Patronal de Huelva (FOE), a C\u00e2mara Oficial de Com\u00e9rcio, Ind\u00fastria, Servi\u00e7os e Navega\u00e7\u00e3o de Huelva, o Porto, a Universidade de Huelva, os sindicatos CCOO e UGT, a Funda\u00e7\u00e3o Cepsa, a Funda\u00e7\u00e3o Cobre Atl\u00e2ntico, a Associa\u00e7\u00e3o de Empresas de Constru\u00e7\u00e3o Met\u00e1lica (ASECOM) e a Associa\u00e7\u00e3o Provincial de Empresas do Setor Ambiental (AESA).<\/p>\n<p>Na Web <strong><a href=\"http:\/\/www.foroindustriaauxiliar.com\" target=\"_blank\" rel=\"noopener\">www.foroindustriaauxiliar.com<\/a>\u00a0<\/strong> o formul\u00e1rio de inscri\u00e7\u00e3o e o conte\u00fado do programa desta primeira edi\u00e7\u00e3o est\u00e3o dispon\u00edveis.<\/p>\n<p>&nbsp;<\/p>","protected":false},"excerpt":{"rendered":"<p>Os objectivos desta iniciativa s\u00e3o: fomentar a promo\u00e7\u00e3o e a comercializa\u00e7\u00e3o da ind\u00fastria auxiliar; oferecer \u00e0s empresas um evento \u00fanico onde se possam apresentar e atrair a aten\u00e7\u00e3o de intermedi\u00e1rios nacionais e internacionais; fomentar o trabalho em rede, um ponto de encontro profissional entre as empresas e o sector p\u00fablico\/misto, a ind\u00fastria auxiliar e o sector associado; e criar um espa\u00e7o de conhecimento e de divulga\u00e7\u00e3o da ind\u00fastria auxiliar.<\/p>","protected":false},"author":2,"featured_media":7184,"comment_status":"closed","ping_status":"closed","sticky":false,"template":"","format":"standard","meta":{"footnotes":""},"categories":[1],"tags":[],"class_list":["post-7180","post","type-post","status-publish","format-standard","has-post-thumbnail","hentry","category-digitalizacion-del-mantenimiento"],"yoast_head":"<!-- This site is optimized with the Yoast SEO plugin v27.4 - https:\/\/yoast.com\/product\/yoast-seo-wordpress\/ -->\n<title>EL PR\u00d3XIMO 22 DE SEPTIEMBRE TENEMOS UNA CITA INELUDIBLE: EL I FORO NACIONAL DE INDUSTRIA AUXILIAR - Grupo Masa<\/title>\n<meta name=\"description\" content=\"El pr\u00f3ximo 22 de septiembre, Grupo Masa empresa de servicios industriales,tiene una cita ineludible en el Foro Nacional de Industria Auxiliar\" \/>\n<meta name=\"robots\" content=\"index, follow, max-snippet:-1, max-image-preview:large, max-video-preview:-1\" \/>\n<link rel=\"canonical\" href=\"https:\/\/masagrupo.com\/pt\/no-proximo-dia-22-de-setembro-temos-uma-data-imperdivel-o-1o-forum-nacional-da-industria-auxiliar\/\" \/>\n<meta property=\"og:locale\" content=\"pt_PT\" \/>\n<meta property=\"og:type\" content=\"article\" \/>\n<meta property=\"og:title\" content=\"EL PR\u00d3XIMO 22 DE SEPTIEMBRE TENEMOS UNA CITA INELUDIBLE: EL I FORO NACIONAL DE INDUSTRIA AUXILIAR - Grupo Masa\" \/>\n<meta property=\"og:description\" content=\"El pr\u00f3ximo 22 de septiembre, Grupo Masa empresa de servicios industriales,tiene una cita ineludible en el Foro Nacional de Industria Auxiliar\" \/>\n<meta property=\"og:url\" content=\"https:\/\/masagrupo.com\/pt\/no-proximo-dia-22-de-setembro-temos-uma-data-imperdivel-o-1o-forum-nacional-da-industria-auxiliar\/\" \/>\n<meta property=\"og:site_name\" content=\"Grupo Masa\" \/>\n<meta property=\"article:published_time\" content=\"2021-09-02T15:06:17+00:00\" \/>\n<meta property=\"article:modified_time\" content=\"2025-11-16T14:17:44+00:00\" \/>\n<meta property=\"og:image\" content=\"https:\/\/masagrupo.com\/wp-content\/uploads\/2021\/09\/Captura-de-pantalla-2021-09-02-a-las-11.33.48.png\" \/>\n\t<meta property=\"og:image:width\" content=\"1485\" \/>\n\t<meta property=\"og:image:height\" content=\"814\" \/>\n\t<meta property=\"og:image:type\" content=\"image\/png\" \/>\n<meta name=\"author\" content=\"Paloma Ar\u00edn\" \/>\n<meta name=\"twitter:card\" content=\"summary_large_image\" \/>\n<meta name=\"twitter:label1\" content=\"Written by\" \/>\n\t<meta name=\"twitter:data1\" content=\"Paloma Ar\u00edn\" \/>\n\t<meta name=\"twitter:label2\" content=\"Est. reading time\" \/>\n\t<meta name=\"twitter:data2\" content=\"8 minutes\" \/>\n<script type=\"application\/ld+json\" class=\"yoast-schema-graph\">{\"@context\":\"https:\\\/\\\/schema.org\",\"@graph\":[{\"@type\":\"Article\",\"@id\":\"https:\\\/\\\/masagrupo.com\\\/el-proximo-22-de-septiembre-tenemos-una-cita-ineludible-el-i-foro-nacional-de-industria-auxiliar\\\/#article\",\"isPartOf\":{\"@id\":\"https:\\\/\\\/masagrupo.com\\\/el-proximo-22-de-septiembre-tenemos-una-cita-ineludible-el-i-foro-nacional-de-industria-auxiliar\\\/\"},\"author\":{\"name\":\"Paloma Ar\u00edn\",\"@id\":\"https:\\\/\\\/masagrupo.com\\\/#\\\/schema\\\/person\\\/7067a848d602fff19af4f2172917fae3\"},\"headline\":\"EL PR\u00d3XIMO 22 DE SEPTIEMBRE TENEMOS UNA CITA INELUDIBLE: EL I FORO NACIONAL DE INDUSTRIA AUXILIAR\",\"datePublished\":\"2021-09-02T15:06:17+00:00\",\"dateModified\":\"2025-11-16T14:17:44+00:00\",\"mainEntityOfPage\":{\"@id\":\"https:\\\/\\\/masagrupo.com\\\/el-proximo-22-de-septiembre-tenemos-una-cita-ineludible-el-i-foro-nacional-de-industria-auxiliar\\\/\"},\"wordCount\":468,\"image\":{\"@id\":\"https:\\\/\\\/masagrupo.com\\\/el-proximo-22-de-septiembre-tenemos-una-cita-ineludible-el-i-foro-nacional-de-industria-auxiliar\\\/#primaryimage\"},\"thumbnailUrl\":\"https:\\\/\\\/masagrupo.com\\\/wp-content\\\/uploads\\\/2021\\\/09\\\/Captura-de-pantalla-2021-09-02-a-las-11.33.48.png\",\"articleSection\":[\"Digitalizaci\u00f3n del Mantenimiento\"],\"inLanguage\":\"pt-PT\"},{\"@type\":\"WebPage\",\"@id\":\"https:\\\/\\\/masagrupo.com\\\/el-proximo-22-de-septiembre-tenemos-una-cita-ineludible-el-i-foro-nacional-de-industria-auxiliar\\\/\",\"url\":\"https:\\\/\\\/masagrupo.com\\\/el-proximo-22-de-septiembre-tenemos-una-cita-ineludible-el-i-foro-nacional-de-industria-auxiliar\\\/\",\"name\":\"EL PR\u00d3XIMO 22 DE SEPTIEMBRE TENEMOS UNA CITA INELUDIBLE: EL I FORO NACIONAL DE INDUSTRIA AUXILIAR - Grupo Masa\",\"isPartOf\":{\"@id\":\"https:\\\/\\\/masagrupo.com\\\/#website\"},\"primaryImageOfPage\":{\"@id\":\"https:\\\/\\\/masagrupo.com\\\/el-proximo-22-de-septiembre-tenemos-una-cita-ineludible-el-i-foro-nacional-de-industria-auxiliar\\\/#primaryimage\"},\"image\":{\"@id\":\"https:\\\/\\\/masagrupo.com\\\/el-proximo-22-de-septiembre-tenemos-una-cita-ineludible-el-i-foro-nacional-de-industria-auxiliar\\\/#primaryimage\"},\"thumbnailUrl\":\"https:\\\/\\\/masagrupo.com\\\/wp-content\\\/uploads\\\/2021\\\/09\\\/Captura-de-pantalla-2021-09-02-a-las-11.33.48.png\",\"datePublished\":\"2021-09-02T15:06:17+00:00\",\"dateModified\":\"2025-11-16T14:17:44+00:00\",\"author\":{\"@id\":\"https:\\\/\\\/masagrupo.com\\\/#\\\/schema\\\/person\\\/7067a848d602fff19af4f2172917fae3\"},\"description\":\"El pr\u00f3ximo 22 de septiembre, Grupo Masa empresa de servicios industriales,tiene una cita ineludible en el Foro Nacional de Industria Auxiliar\",\"breadcrumb\":{\"@id\":\"https:\\\/\\\/masagrupo.com\\\/el-proximo-22-de-septiembre-tenemos-una-cita-ineludible-el-i-foro-nacional-de-industria-auxiliar\\\/#breadcrumb\"},\"inLanguage\":\"pt-PT\",\"potentialAction\":[{\"@type\":\"ReadAction\",\"target\":[\"https:\\\/\\\/masagrupo.com\\\/el-proximo-22-de-septiembre-tenemos-una-cita-ineludible-el-i-foro-nacional-de-industria-auxiliar\\\/\"]}]},{\"@type\":\"ImageObject\",\"inLanguage\":\"pt-PT\",\"@id\":\"https:\\\/\\\/masagrupo.com\\\/el-proximo-22-de-septiembre-tenemos-una-cita-ineludible-el-i-foro-nacional-de-industria-auxiliar\\\/#primaryimage\",\"url\":\"https:\\\/\\\/masagrupo.com\\\/wp-content\\\/uploads\\\/2021\\\/09\\\/Captura-de-pantalla-2021-09-02-a-las-11.33.48.png\",\"contentUrl\":\"https:\\\/\\\/masagrupo.com\\\/wp-content\\\/uploads\\\/2021\\\/09\\\/Captura-de-pantalla-2021-09-02-a-las-11.33.48.png\",\"width\":1485,\"height\":814,\"caption\":\"FORO DE INDUSTRIA AUXILIAR - Servicios industriales\"},{\"@type\":\"BreadcrumbList\",\"@id\":\"https:\\\/\\\/masagrupo.com\\\/el-proximo-22-de-septiembre-tenemos-una-cita-ineludible-el-i-foro-nacional-de-industria-auxiliar\\\/#breadcrumb\",\"itemListElement\":[{\"@type\":\"ListItem\",\"position\":1,\"name\":\"Portada\",\"item\":\"https:\\\/\\\/masagrupo.com\\\/\"},{\"@type\":\"ListItem\",\"position\":2,\"name\":\"EL PR\u00d3XIMO 22 DE SEPTIEMBRE TENEMOS UNA CITA INELUDIBLE: EL I FORO NACIONAL DE INDUSTRIA AUXILIAR\"}]},{\"@type\":\"WebSite\",\"@id\":\"https:\\\/\\\/masagrupo.com\\\/#website\",\"url\":\"https:\\\/\\\/masagrupo.com\\\/\",\"name\":\"Grupo Masa\",\"description\":\"MASA es una empresa del Grupo ACS\",\"potentialAction\":[{\"@type\":\"SearchAction\",\"target\":{\"@type\":\"EntryPoint\",\"urlTemplate\":\"https:\\\/\\\/masagrupo.com\\\/?s={search_term_string}\"},\"query-input\":{\"@type\":\"PropertyValueSpecification\",\"valueRequired\":true,\"valueName\":\"search_term_string\"}}],\"inLanguage\":\"pt-PT\"},{\"@type\":\"Person\",\"@id\":\"https:\\\/\\\/masagrupo.com\\\/#\\\/schema\\\/person\\\/7067a848d602fff19af4f2172917fae3\",\"name\":\"Paloma Ar\u00edn\",\"image\":{\"@type\":\"ImageObject\",\"inLanguage\":\"pt-PT\",\"@id\":\"https:\\\/\\\/secure.gravatar.com\\\/avatar\\\/d707daeb8561bd35e0b9c01b797023daef352b68a03c8c613fe9cf9f178aa597?s=96&d=mm&r=g\",\"url\":\"https:\\\/\\\/secure.gravatar.com\\\/avatar\\\/d707daeb8561bd35e0b9c01b797023daef352b68a03c8c613fe9cf9f178aa597?s=96&d=mm&r=g\",\"contentUrl\":\"https:\\\/\\\/secure.gravatar.com\\\/avatar\\\/d707daeb8561bd35e0b9c01b797023daef352b68a03c8c613fe9cf9f178aa597?s=96&d=mm&r=g\",\"caption\":\"Paloma Ar\u00edn\"},\"url\":\"https:\\\/\\\/masagrupo.com\\\/pt\\\/author\\\/paloma-arin\\\/\"}]}<\/script>\n<!-- \/ Yoast SEO plugin. -->","yoast_head_json":{"title":"NO PR\u00d3XIMO DIA 22 DE SETEMBRO TEMOS UM EVENTO INELUDIVEL: O 1\u00ba F\u00d3RUM NACIONAL DA IND\u00daSTRIA AUXILIAR - Grupo Masa","description":"No dia 22 de setembro, o Grupo Masa, empresa de servi\u00e7os industriais, tem um encontro imperd\u00edvel no F\u00f3rum Nacional da Ind\u00fastria Auxiliar.","robots":{"index":"index","follow":"follow","max-snippet":"max-snippet:-1","max-image-preview":"max-image-preview:large","max-video-preview":"max-video-preview:-1"},"canonical":"https:\/\/masagrupo.com\/pt\/no-proximo-dia-22-de-setembro-temos-uma-data-imperdivel-o-1o-forum-nacional-da-industria-auxiliar\/","og_locale":"pt_PT","og_type":"article","og_title":"EL PR\u00d3XIMO 22 DE SEPTIEMBRE TENEMOS UNA CITA INELUDIBLE: EL I FORO NACIONAL DE INDUSTRIA AUXILIAR - Grupo Masa","og_description":"El pr\u00f3ximo 22 de septiembre, Grupo Masa empresa de servicios industriales,tiene una cita ineludible en el Foro Nacional de Industria Auxiliar","og_url":"https:\/\/masagrupo.com\/pt\/no-proximo-dia-22-de-setembro-temos-uma-data-imperdivel-o-1o-forum-nacional-da-industria-auxiliar\/","og_site_name":"Grupo Masa","article_published_time":"2021-09-02T15:06:17+00:00","article_modified_time":"2025-11-16T14:17:44+00:00","og_image":[{"width":1485,"height":814,"url":"https:\/\/masagrupo.com\/wp-content\/uploads\/2021\/09\/Captura-de-pantalla-2021-09-02-a-las-11.33.48.png","type":"image\/png"}],"author":"Paloma Ar\u00edn","twitter_card":"summary_large_image","twitter_misc":{"Written by":"Paloma Ar\u00edn","Est. reading time":"8 minutes"},"schema":{"@context":"https:\/\/schema.org","@graph":[{"@type":"Article","@id":"https:\/\/masagrupo.com\/el-proximo-22-de-septiembre-tenemos-una-cita-ineludible-el-i-foro-nacional-de-industria-auxiliar\/#article","isPartOf":{"@id":"https:\/\/masagrupo.com\/el-proximo-22-de-septiembre-tenemos-una-cita-ineludible-el-i-foro-nacional-de-industria-auxiliar\/"},"author":{"name":"Paloma Ar\u00edn","@id":"https:\/\/masagrupo.com\/#\/schema\/person\/7067a848d602fff19af4f2172917fae3"},"headline":"EL PR\u00d3XIMO 22 DE SEPTIEMBRE TENEMOS UNA CITA INELUDIBLE: EL I FORO NACIONAL DE INDUSTRIA AUXILIAR","datePublished":"2021-09-02T15:06:17+00:00","dateModified":"2025-11-16T14:17:44+00:00","mainEntityOfPage":{"@id":"https:\/\/masagrupo.com\/el-proximo-22-de-septiembre-tenemos-una-cita-ineludible-el-i-foro-nacional-de-industria-auxiliar\/"},"wordCount":468,"image":{"@id":"https:\/\/masagrupo.com\/el-proximo-22-de-septiembre-tenemos-una-cita-ineludible-el-i-foro-nacional-de-industria-auxiliar\/#primaryimage"},"thumbnailUrl":"https:\/\/masagrupo.com\/wp-content\/uploads\/2021\/09\/Captura-de-pantalla-2021-09-02-a-las-11.33.48.png","articleSection":["Digitalizaci\u00f3n del Mantenimiento"],"inLanguage":"pt-PT"},{"@type":"WebPage","@id":"https:\/\/masagrupo.com\/el-proximo-22-de-septiembre-tenemos-una-cita-ineludible-el-i-foro-nacional-de-industria-auxiliar\/","url":"https:\/\/masagrupo.com\/el-proximo-22-de-septiembre-tenemos-una-cita-ineludible-el-i-foro-nacional-de-industria-auxiliar\/","name":"NO PR\u00d3XIMO DIA 22 DE SETEMBRO TEMOS UM EVENTO INELUDIVEL: O 1\u00ba F\u00d3RUM NACIONAL DA IND\u00daSTRIA AUXILIAR - Grupo Masa","isPartOf":{"@id":"https:\/\/masagrupo.com\/#website"},"primaryImageOfPage":{"@id":"https:\/\/masagrupo.com\/el-proximo-22-de-septiembre-tenemos-una-cita-ineludible-el-i-foro-nacional-de-industria-auxiliar\/#primaryimage"},"image":{"@id":"https:\/\/masagrupo.com\/el-proximo-22-de-septiembre-tenemos-una-cita-ineludible-el-i-foro-nacional-de-industria-auxiliar\/#primaryimage"},"thumbnailUrl":"https:\/\/masagrupo.com\/wp-content\/uploads\/2021\/09\/Captura-de-pantalla-2021-09-02-a-las-11.33.48.png","datePublished":"2021-09-02T15:06:17+00:00","dateModified":"2025-11-16T14:17:44+00:00","author":{"@id":"https:\/\/masagrupo.com\/#\/schema\/person\/7067a848d602fff19af4f2172917fae3"},"description":"No dia 22 de setembro, o Grupo Masa, empresa de servi\u00e7os industriais, tem um encontro imperd\u00edvel no F\u00f3rum Nacional da Ind\u00fastria Auxiliar.","breadcrumb":{"@id":"https:\/\/masagrupo.com\/el-proximo-22-de-septiembre-tenemos-una-cita-ineludible-el-i-foro-nacional-de-industria-auxiliar\/#breadcrumb"},"inLanguage":"pt-PT","potentialAction":[{"@type":"ReadAction","target":["https:\/\/masagrupo.com\/el-proximo-22-de-septiembre-tenemos-una-cita-ineludible-el-i-foro-nacional-de-industria-auxiliar\/"]}]},{"@type":"ImageObject","inLanguage":"pt-PT","@id":"https:\/\/masagrupo.com\/el-proximo-22-de-septiembre-tenemos-una-cita-ineludible-el-i-foro-nacional-de-industria-auxiliar\/#primaryimage","url":"https:\/\/masagrupo.com\/wp-content\/uploads\/2021\/09\/Captura-de-pantalla-2021-09-02-a-las-11.33.48.png","contentUrl":"https:\/\/masagrupo.com\/wp-content\/uploads\/2021\/09\/Captura-de-pantalla-2021-09-02-a-las-11.33.48.png","width":1485,"height":814,"caption":"FORO DE INDUSTRIA AUXILIAR - Servicios industriales"},{"@type":"BreadcrumbList","@id":"https:\/\/masagrupo.com\/el-proximo-22-de-septiembre-tenemos-una-cita-ineludible-el-i-foro-nacional-de-industria-auxiliar\/#breadcrumb","itemListElement":[{"@type":"ListItem","position":1,"name":"Portada","item":"https:\/\/masagrupo.com\/"},{"@type":"ListItem","position":2,"name":"EL PR\u00d3XIMO 22 DE SEPTIEMBRE TENEMOS UNA CITA INELUDIBLE: EL I FORO NACIONAL DE INDUSTRIA AUXILIAR"}]},{"@type":"WebSite","@id":"https:\/\/masagrupo.com\/#website","url":"https:\/\/masagrupo.com\/","name":"Grupo Masa","description":"A MASA \u00e9 uma empresa do Grupo ACS","potentialAction":[{"@type":"SearchAction","target":{"@type":"EntryPoint","urlTemplate":"https:\/\/masagrupo.com\/?s={search_term_string}"},"query-input":{"@type":"PropertyValueSpecification","valueRequired":true,"valueName":"search_term_string"}}],"inLanguage":"pt-PT"},{"@type":"Person","@id":"https:\/\/masagrupo.com\/#\/schema\/person\/7067a848d602fff19af4f2172917fae3","name":"Paloma Ar\u00edn","image":{"@type":"ImageObject","inLanguage":"pt-PT","@id":"https:\/\/secure.gravatar.com\/avatar\/d707daeb8561bd35e0b9c01b797023daef352b68a03c8c613fe9cf9f178aa597?s=96&d=mm&r=g","url":"https:\/\/secure.gravatar.com\/avatar\/d707daeb8561bd35e0b9c01b797023daef352b68a03c8c613fe9cf9f178aa597?s=96&d=mm&r=g","contentUrl":"https:\/\/secure.gravatar.com\/avatar\/d707daeb8561bd35e0b9c01b797023daef352b68a03c8c613fe9cf9f178aa597?s=96&d=mm&r=g","caption":"Paloma Ar\u00edn"},"url":"https:\/\/masagrupo.com\/pt\/author\/paloma-arin\/"}]}},"_links":{"self":[{"href":"https:\/\/masagrupo.com\/pt\/wp-json\/wp\/v2\/posts\/7180","targetHints":{"allow":["GET"]}}],"collection":[{"href":"https:\/\/masagrupo.com\/pt\/wp-json\/wp\/v2\/posts"}],"about":[{"href":"https:\/\/masagrupo.com\/pt\/wp-json\/wp\/v2\/types\/post"}],"author":[{"embeddable":true,"href":"https:\/\/masagrupo.com\/pt\/wp-json\/wp\/v2\/users\/2"}],"replies":[{"embeddable":true,"href":"https:\/\/masagrupo.com\/pt\/wp-json\/wp\/v2\/comments?post=7180"}],"version-history":[{"count":20,"href":"https:\/\/masagrupo.com\/pt\/wp-json\/wp\/v2\/posts\/7180\/revisions"}],"predecessor-version":[{"id":11913,"href":"https:\/\/masagrupo.com\/pt\/wp-json\/wp\/v2\/posts\/7180\/revisions\/11913"}],"wp:featuredmedia":[{"embeddable":true,"href":"https:\/\/masagrupo.com\/pt\/wp-json\/wp\/v2\/media\/7184"}],"wp:attachment":[{"href":"https:\/\/masagrupo.com\/pt\/wp-json\/wp\/v2\/media?parent=7180"}],"wp:term":[{"taxonomy":"category","embeddable":true,"href":"https:\/\/masagrupo.com\/pt\/wp-json\/wp\/v2\/categories?post=7180"},{"taxonomy":"post_tag","embeddable":true,"href":"https:\/\/masagrupo.com\/pt\/wp-json\/wp\/v2\/tags?post=7180"}],"curies":[{"name":"wp","href":"https:\/\/api.w.org\/{rel}","templated":true}]}}