{"id":5845,"date":"2020-10-05T17:00:00","date_gmt":"2020-10-05T15:00:00","guid":{"rendered":"http:\/\/masagrupo.com\/?p=5845"},"modified":"2025-11-17T13:14:27","modified_gmt":"2025-11-17T12:14:27","slug":"massa-certificada-iso","status":"publish","type":"post","link":"https:\/\/masagrupo.com\/pt\/masa-certificada-en-la-norma-iso\/","title":{"rendered":"MASA ISO 50.001 CERTIFICADA NOS SEUS ESCRIT\u00d3RIOS DE BARCELONA E MADRID."},"content":{"rendered":"<div class=\"fusion-fullwidth fullwidth-box fusion-builder-row-1 fusion-flex-container has-pattern-background has-mask-background nonhundred-percent-fullwidth non-hundred-percent-height-scrolling\" style=\"--awb-border-radius-top-left:0px;--awb-border-radius-top-right:0px;--awb-border-radius-bottom-right:0px;--awb-border-radius-bottom-left:0px;--awb-flex-wrap:wrap;\" ><div class=\"fusion-builder-row fusion-row fusion-flex-align-items-flex-start fusion-flex-content-wrap\" style=\"max-width:1248px;margin-left: calc(-4% \/ 2 );margin-right: calc(-4% \/ 2 );\"><div class=\"fusion-layout-column fusion_builder_column fusion-builder-column-0 fusion_builder_column_1_1 1_1 fusion-flex-column\" style=\"--awb-bg-size:cover;--awb-width-large:100%;--awb-margin-top-large:0px;--awb-spacing-right-large:1.92%;--awb-margin-bottom-large:20px;--awb-spacing-left-large:1.92%;--awb-width-medium:100%;--awb-order-medium:0;--awb-spacing-right-medium:1.92%;--awb-spacing-left-medium:1.92%;--awb-width-small:100%;--awb-order-small:0;--awb-spacing-right-small:1.92%;--awb-spacing-left-small:1.92%;\"><div class=\"fusion-column-wrapper fusion-column-has-shadow fusion-flex-justify-content-flex-start fusion-content-layout-column\"><div class=\"fusion-title title fusion-title-1 fusion-sep-none fusion-title-text fusion-title-size-two\" style=\"--awb-text-color:var(--awb-color8);\"><h2 class=\"fusion-title-heading title-heading-left\" style=\"margin:0;\">Esta certifica\u00e7\u00e3o garante o cumprimento dos requisitos de gest\u00e3o do consumo de energia, conduzindo a poupan\u00e7as vis\u00edveis no consumo de energia.<\/h2><\/div><div class=\"fusion-text fusion-text-1\"><p>Desde 2016, a MASA, empresa de servi\u00e7os industriais, optou por um sistema de gest\u00e3o energ\u00e9tica com o objetivo de conhecer o consumo de energia das suas instala\u00e7\u00f5es, procurando tanto cumprir os requisitos legais como melhorar o seu desempenho.<\/p>\n<p>Num contexto global que exige uma rea\u00e7\u00e3o imediata ao consumo descontrolado de recursos naturais, <a href=\"https:\/\/masagrupo.com\/pt\/empresa\/\">GRUPO MASA<\/a> cumpre a sua responsabilidade de propor e aplicar medidas para reduzir o seu consumo.<\/p>\n<p>Para isso, desenvolveu o projeto energ\u00e9tico principalmente em duas instala\u00e7\u00f5es, os escrit\u00f3rios do GRUPO MASA de Barcelona na Gran V\u00eda e os escrit\u00f3rios madrilenos de Edificaci\u00f3n na rua T\u00e9llez. MASA procura, por um lado, poupar energia e, por outro, dar visibilidade aos resultados obtidos, demonstrando que as medidas s\u00e3o eficazes e podem ser aplicadas em qualquer instala\u00e7\u00e3o. Assim, MASA obteve a certifica\u00e7\u00e3o ISO 50.001 nos referidos escrit\u00f3rios. Esta certifica\u00e7\u00e3o garante o cumprimento dos requisitos de gest\u00e3o do consumo energ\u00e9tico, o que se traduz numa poupan\u00e7a vis\u00edvel no consumo de energia.<\/p>\n<p>O gr\u00e1fico seguinte mostra a evolu\u00e7\u00e3o do consumo nos escrit\u00f3rios da T\u00e9llez ao longo do ano, apresentando o consumo mensal acumulado para cada ano desde 2017. De notar que estes escrit\u00f3rios iniciaram a sua certifica\u00e7\u00e3o em 2019, altura em que os resultados alcan\u00e7ados come\u00e7am a ser observados. Por outro lado, ap\u00f3s o ano an\u00f3malo de 2020, n\u00e3o se podem tirar conclus\u00f5es reais sobre o desempenho energ\u00e9tico ap\u00f3s as medidas tomadas, uma vez que estiveram desocupados durante v\u00e1rios meses do ano.<\/p>\n<\/div><div class=\"fusion-image-element\" style=\"text-align:center;--awb-caption-title-font-family:var(--h2_typography-font-family);--awb-caption-title-font-weight:var(--h2_typography-font-weight);--awb-caption-title-font-style:var(--h2_typography-font-style);--awb-caption-title-size:var(--h2_typography-font-size);--awb-caption-title-transform:var(--h2_typography-text-transform);--awb-caption-title-line-height:var(--h2_typography-line-height);--awb-caption-title-letter-spacing:var(--h2_typography-letter-spacing);\"><span class=\"fusion-imageframe imageframe-none imageframe-1 hover-type-none\"><img decoding=\"async\" width=\"571\" height=\"366\" title=\"Gr\u00e1ficoISO50_1\" src=\"https:\/\/masagrupo.com\/wp-content\/uploads\/2020\/10\/GraficaISO50_1-1.jpg\" alt class=\"img-responsive wp-image-11973\" srcset=\"https:\/\/masagrupo.com\/wp-content\/uploads\/2020\/10\/GraficaISO50_1-1-200x128.jpg 200w, https:\/\/masagrupo.com\/wp-content\/uploads\/2020\/10\/GraficaISO50_1-1-400x256.jpg 400w, https:\/\/masagrupo.com\/wp-content\/uploads\/2020\/10\/GraficaISO50_1-1.jpg 571w\" sizes=\"(max-width: 640px) 100vw, 571px\" \/><\/span><\/div><div class=\"fusion-text fusion-text-2\"><p>Da mesma forma, a evolu\u00e7\u00e3o do consumo mensal acumulado nos escrit\u00f3rios da Gran V\u00eda, que foram certificados desde o final de 2016, tamb\u00e9m \u00e9 mostrada. \u00c9 evidente que o consumo dos escrit\u00f3rios foi reduzido progressivamente atrav\u00e9s das medidas implementadas, reduzindo o consumo em mais de 10% em rela\u00e7\u00e3o ao ano anterior em cada um dos anos em que o projeto foi realizado. Da mesma forma, o ano de 2020 exigir\u00e1 uma an\u00e1lise detalhada, pois os escrit\u00f3rios n\u00e3o foram ocupados em regime normal devido \u00e0 situa\u00e7\u00e3o gerada pelo COVID-19.<\/p>\n<\/div><div class=\"fusion-image-element\" style=\"text-align:center;--awb-caption-title-font-family:var(--h2_typography-font-family);--awb-caption-title-font-weight:var(--h2_typography-font-weight);--awb-caption-title-font-style:var(--h2_typography-font-style);--awb-caption-title-size:var(--h2_typography-font-size);--awb-caption-title-transform:var(--h2_typography-text-transform);--awb-caption-title-line-height:var(--h2_typography-line-height);--awb-caption-title-letter-spacing:var(--h2_typography-letter-spacing);\"><span class=\"fusion-imageframe imageframe-none imageframe-2 hover-type-none\"><img decoding=\"async\" width=\"571\" height=\"366\" title=\"Gr\u00e1ficoISO50_2\" src=\"https:\/\/masagrupo.com\/wp-content\/uploads\/2020\/10\/GraficaISO50_2.jpg\" alt class=\"img-responsive wp-image-11974\" srcset=\"https:\/\/masagrupo.com\/wp-content\/uploads\/2020\/10\/GraficaISO50_2-200x128.jpg 200w, https:\/\/masagrupo.com\/wp-content\/uploads\/2020\/10\/GraficaISO50_2-400x256.jpg 400w, https:\/\/masagrupo.com\/wp-content\/uploads\/2020\/10\/GraficaISO50_2.jpg 571w\" sizes=\"(max-width: 640px) 100vw, 571px\" \/><\/span><\/div><div class=\"fusion-text fusion-text-3\"><p><strong>OBJECTIVOS ENERG\u00c9TICOS<\/strong><\/p>\n<p>Para alcan\u00e7ar estes resultados, a t\u00f3nica foi colocada em:<\/p>\n<ul>\n<li>Controlo dos sistemas de ar condicionado, estabelecimento de hor\u00e1rios e temperaturas de refer\u00eancia, bem como controlo da sua desativa\u00e7\u00e3o quando n\u00e3o s\u00e3o necess\u00e1rios.<\/li>\n<li>Controlo dos sistemas de ilumina\u00e7\u00e3o, implementa\u00e7\u00e3o da ilumina\u00e7\u00e3o por zonas e substitui\u00e7\u00e3o das tecnologias de ilumina\u00e7\u00e3o por outras mais eficientes (sensores de presen\u00e7a, temporizadores, ilumina\u00e7\u00e3o LED, etc.).<\/li>\n<\/ul>\n<p>No\u00a0<strong>Gabinetes de T\u00e9llez,<\/strong>\u00a0na sequ\u00eancia da substitui\u00e7\u00e3o de todos os ecr\u00e3s fluorescentes por ecr\u00e3s LED, est\u00e3o a ser realizados trabalhos de instala\u00e7\u00e3o de sensores de presen\u00e7a nas \u00e1reas comuns para evitar que se liguem quando n\u00e3o est\u00e1 ningu\u00e9m presente.<\/p>\n<p>Estima-se que estas medidas poupem 6.000 kWh\/ano e tenham um per\u00edodo de retorno de 1,92 anos.<\/p>\n<p>Emiss\u00f5es de CO2 \u00abevitadas\u00bb: 1,98 tCO2\/ano<\/p>\n<p>Atualmente, no\u00a0<strong>Escrit\u00f3rios da Gran V\u00eda<\/strong>\u00a0A ilumina\u00e7\u00e3o fluorescente est\u00e1 a ser progressivamente substitu\u00edda por ilumina\u00e7\u00e3o LED em todas as \u00e1reas de escrit\u00f3rios e a ilumina\u00e7\u00e3o est\u00e1 a ser sectorizada por postos de trabalho.<\/p>\n<p>Com este objetivo, estima-se uma poupan\u00e7a de 3 000 kWh\/ano e um per\u00edodo de recupera\u00e7\u00e3o de 0,14 anos.<\/p>\n<p>Emiss\u00f5es de CO2 \u00abevitadas\u00bb: 0,96 tCO2\/ano<\/p>\n<\/div><div class=\"fusion-image-element\" style=\"--awb-caption-title-font-family:var(--h2_typography-font-family);--awb-caption-title-font-weight:var(--h2_typography-font-weight);--awb-caption-title-font-style:var(--h2_typography-font-style);--awb-caption-title-size:var(--h2_typography-font-size);--awb-caption-title-transform:var(--h2_typography-text-transform);--awb-caption-title-line-height:var(--h2_typography-line-height);--awb-caption-title-letter-spacing:var(--h2_typography-letter-spacing);\"><span class=\"fusion-imageframe imageframe-none imageframe-3 hover-type-none\"><img decoding=\"async\" width=\"276\" height=\"189\" title=\"Gr\u00e1ficoISO50_3\" src=\"https:\/\/masagrupo.com\/wp-content\/uploads\/2020\/10\/GraficaISO50_3.jpg\" alt class=\"img-responsive wp-image-11975\" srcset=\"https:\/\/masagrupo.com\/wp-content\/uploads\/2020\/10\/GraficaISO50_3-200x137.jpg 200w, https:\/\/masagrupo.com\/wp-content\/uploads\/2020\/10\/GraficaISO50_3.jpg 276w\" sizes=\"(max-width: 640px) 100vw, 276px\" \/><\/span><\/div><\/div><\/div><\/div><\/div>","protected":false},"excerpt":{"rendered":"<p>Esta certifica\u00e7\u00e3o garante o cumprimento dos requisitos de gest\u00e3o do consumo de energia, conduzindo a poupan\u00e7as vis\u00edveis no consumo de energia.<\/p>","protected":false},"author":1,"featured_media":5908,"comment_status":"closed","ping_status":"closed","sticky":false,"template":"","format":"standard","meta":{"footnotes":""},"categories":[84],"tags":[],"class_list":["post-5845","post","type-post","status-publish","format-standard","has-post-thumbnail","hentry","category-grupo-masa"],"yoast_head":"<!-- This site is optimized with the Yoast SEO plugin v27.4 - https:\/\/yoast.com\/product\/yoast-seo-wordpress\/ -->\n<title>GRUPO MASA CERTIFICADA EN LA NORMA ISO<\/title>\n<meta name=\"description\" content=\"Grupo Masa, empresa de servicios industriales integrales, ha sido certificada en la norma ISO, demostrando la eficacia de la gesti\u00f3n de la energ\u00eda.\" \/>\n<meta name=\"robots\" content=\"index, follow, max-snippet:-1, max-image-preview:large, max-video-preview:-1\" \/>\n<link rel=\"canonical\" href=\"https:\/\/masagrupo.com\/pt\/massa-certificada-iso\/\" \/>\n<meta property=\"og:locale\" content=\"pt_PT\" \/>\n<meta property=\"og:type\" content=\"article\" \/>\n<meta property=\"og:title\" content=\"GRUPO MASA CERTIFICADA EN LA NORMA ISO\" \/>\n<meta property=\"og:description\" content=\"Grupo Masa, empresa de servicios industriales integrales, ha sido certificada en la norma ISO, demostrando la eficacia de la gesti\u00f3n de la energ\u00eda.\" \/>\n<meta property=\"og:url\" content=\"https:\/\/masagrupo.com\/pt\/massa-certificada-iso\/\" \/>\n<meta property=\"og:site_name\" content=\"Grupo Masa\" \/>\n<meta property=\"article:published_time\" content=\"2020-10-05T15:00:00+00:00\" \/>\n<meta property=\"article:modified_time\" content=\"2025-11-17T12:14:27+00:00\" \/>\n<meta property=\"og:image\" content=\"https:\/\/masagrupo.com\/wp-content\/uploads\/2021\/01\/post-ISO.jpg\" \/>\n\t<meta property=\"og:image:width\" content=\"900\" \/>\n\t<meta property=\"og:image:height\" content=\"600\" \/>\n\t<meta property=\"og:image:type\" content=\"image\/jpeg\" \/>\n<meta name=\"author\" content=\"wpusrmasa\" \/>\n<meta name=\"twitter:card\" content=\"summary_large_image\" \/>\n<meta name=\"twitter:label1\" content=\"Written by\" \/>\n\t<meta name=\"twitter:data1\" content=\"wpusrmasa\" \/>\n\t<meta name=\"twitter:label2\" content=\"Est. reading time\" \/>\n\t<meta name=\"twitter:data2\" content=\"4 minutes\" \/>\n<script type=\"application\/ld+json\" class=\"yoast-schema-graph\">{\"@context\":\"https:\\\/\\\/schema.org\",\"@graph\":[{\"@type\":\"Article\",\"@id\":\"https:\\\/\\\/masagrupo.com\\\/masa-certificada-en-la-norma-iso\\\/#article\",\"isPartOf\":{\"@id\":\"https:\\\/\\\/masagrupo.com\\\/masa-certificada-en-la-norma-iso\\\/\"},\"author\":{\"name\":\"wpusrmasa\",\"@id\":\"https:\\\/\\\/masagrupo.com\\\/#\\\/schema\\\/person\\\/ad509334dfed7f3add3a1c0c841a79b1\"},\"headline\":\"MASA CERTIFICADA EN LA NORMA ISO 50.001 EN SUS OFICINAS DE BARCELONA Y MADRID\",\"datePublished\":\"2020-10-05T15:00:00+00:00\",\"dateModified\":\"2025-11-17T12:14:27+00:00\",\"mainEntityOfPage\":{\"@id\":\"https:\\\/\\\/masagrupo.com\\\/masa-certificada-en-la-norma-iso\\\/\"},\"wordCount\":3102,\"image\":{\"@id\":\"https:\\\/\\\/masagrupo.com\\\/masa-certificada-en-la-norma-iso\\\/#primaryimage\"},\"thumbnailUrl\":\"https:\\\/\\\/masagrupo.com\\\/wp-content\\\/uploads\\\/2021\\\/01\\\/post-ISO.jpg\",\"articleSection\":[\"Grupo Masa\"],\"inLanguage\":\"pt-PT\"},{\"@type\":\"WebPage\",\"@id\":\"https:\\\/\\\/masagrupo.com\\\/masa-certificada-en-la-norma-iso\\\/\",\"url\":\"https:\\\/\\\/masagrupo.com\\\/masa-certificada-en-la-norma-iso\\\/\",\"name\":\"GRUPO MASA CERTIFICADA EN LA NORMA ISO\",\"isPartOf\":{\"@id\":\"https:\\\/\\\/masagrupo.com\\\/#website\"},\"primaryImageOfPage\":{\"@id\":\"https:\\\/\\\/masagrupo.com\\\/masa-certificada-en-la-norma-iso\\\/#primaryimage\"},\"image\":{\"@id\":\"https:\\\/\\\/masagrupo.com\\\/masa-certificada-en-la-norma-iso\\\/#primaryimage\"},\"thumbnailUrl\":\"https:\\\/\\\/masagrupo.com\\\/wp-content\\\/uploads\\\/2021\\\/01\\\/post-ISO.jpg\",\"datePublished\":\"2020-10-05T15:00:00+00:00\",\"dateModified\":\"2025-11-17T12:14:27+00:00\",\"author\":{\"@id\":\"https:\\\/\\\/masagrupo.com\\\/#\\\/schema\\\/person\\\/ad509334dfed7f3add3a1c0c841a79b1\"},\"description\":\"Grupo Masa, empresa de servicios industriales integrales, ha sido certificada en la norma ISO, demostrando la eficacia de la gesti\u00f3n de la energ\u00eda.\",\"breadcrumb\":{\"@id\":\"https:\\\/\\\/masagrupo.com\\\/masa-certificada-en-la-norma-iso\\\/#breadcrumb\"},\"inLanguage\":\"pt-PT\",\"potentialAction\":[{\"@type\":\"ReadAction\",\"target\":[\"https:\\\/\\\/masagrupo.com\\\/masa-certificada-en-la-norma-iso\\\/\"]}]},{\"@type\":\"ImageObject\",\"inLanguage\":\"pt-PT\",\"@id\":\"https:\\\/\\\/masagrupo.com\\\/masa-certificada-en-la-norma-iso\\\/#primaryimage\",\"url\":\"https:\\\/\\\/masagrupo.com\\\/wp-content\\\/uploads\\\/2021\\\/01\\\/post-ISO.jpg\",\"contentUrl\":\"https:\\\/\\\/masagrupo.com\\\/wp-content\\\/uploads\\\/2021\\\/01\\\/post-ISO.jpg\",\"width\":900,\"height\":600,\"caption\":\"MASA CERTIFICADA EN LA NORMA ISO\"},{\"@type\":\"BreadcrumbList\",\"@id\":\"https:\\\/\\\/masagrupo.com\\\/masa-certificada-en-la-norma-iso\\\/#breadcrumb\",\"itemListElement\":[{\"@type\":\"ListItem\",\"position\":1,\"name\":\"Portada\",\"item\":\"https:\\\/\\\/masagrupo.com\\\/\"},{\"@type\":\"ListItem\",\"position\":2,\"name\":\"MASA CERTIFICADA EN LA NORMA ISO 50.001 EN SUS OFICINAS DE BARCELONA Y MADRID\"}]},{\"@type\":\"WebSite\",\"@id\":\"https:\\\/\\\/masagrupo.com\\\/#website\",\"url\":\"https:\\\/\\\/masagrupo.com\\\/\",\"name\":\"Grupo Masa\",\"description\":\"MASA es una empresa del Grupo ACS\",\"potentialAction\":[{\"@type\":\"SearchAction\",\"target\":{\"@type\":\"EntryPoint\",\"urlTemplate\":\"https:\\\/\\\/masagrupo.com\\\/?s={search_term_string}\"},\"query-input\":{\"@type\":\"PropertyValueSpecification\",\"valueRequired\":true,\"valueName\":\"search_term_string\"}}],\"inLanguage\":\"pt-PT\"},{\"@type\":\"Person\",\"@id\":\"https:\\\/\\\/masagrupo.com\\\/#\\\/schema\\\/person\\\/ad509334dfed7f3add3a1c0c841a79b1\",\"name\":\"wpusrmasa\",\"image\":{\"@type\":\"ImageObject\",\"inLanguage\":\"pt-PT\",\"@id\":\"https:\\\/\\\/secure.gravatar.com\\\/avatar\\\/c74af4ac740e51611af247b790751ef972aef0b67a5a92b3e82ca6e38dfa0e85?s=96&d=mm&r=g\",\"url\":\"https:\\\/\\\/secure.gravatar.com\\\/avatar\\\/c74af4ac740e51611af247b790751ef972aef0b67a5a92b3e82ca6e38dfa0e85?s=96&d=mm&r=g\",\"contentUrl\":\"https:\\\/\\\/secure.gravatar.com\\\/avatar\\\/c74af4ac740e51611af247b790751ef972aef0b67a5a92b3e82ca6e38dfa0e85?s=96&d=mm&r=g\",\"caption\":\"wpusrmasa\"},\"url\":\"https:\\\/\\\/masagrupo.com\\\/pt\\\/author\\\/wpusrmasa\\\/\"}]}<\/script>\n<!-- \/ Yoast SEO plugin. -->","yoast_head_json":{"title":"GRUPO DE MASSA CERTIFICADO ISO","description":"O Grupo Masa, empresa de servi\u00e7os industriais integrais, foi certificado na norma ISO, demonstrando a efic\u00e1cia da sua gest\u00e3o energ\u00e9tica.","robots":{"index":"index","follow":"follow","max-snippet":"max-snippet:-1","max-image-preview":"max-image-preview:large","max-video-preview":"max-video-preview:-1"},"canonical":"https:\/\/masagrupo.com\/pt\/massa-certificada-iso\/","og_locale":"pt_PT","og_type":"article","og_title":"GRUPO MASA CERTIFICADA EN LA NORMA ISO","og_description":"Grupo Masa, empresa de servicios industriales integrales, ha sido certificada en la norma ISO, demostrando la eficacia de la gesti\u00f3n de la energ\u00eda.","og_url":"https:\/\/masagrupo.com\/pt\/massa-certificada-iso\/","og_site_name":"Grupo Masa","article_published_time":"2020-10-05T15:00:00+00:00","article_modified_time":"2025-11-17T12:14:27+00:00","og_image":[{"width":900,"height":600,"url":"https:\/\/masagrupo.com\/wp-content\/uploads\/2021\/01\/post-ISO.jpg","type":"image\/jpeg"}],"author":"wpusrmasa","twitter_card":"summary_large_image","twitter_misc":{"Written by":"wpusrmasa","Est. reading time":"4 minutes"},"schema":{"@context":"https:\/\/schema.org","@graph":[{"@type":"Article","@id":"https:\/\/masagrupo.com\/masa-certificada-en-la-norma-iso\/#article","isPartOf":{"@id":"https:\/\/masagrupo.com\/masa-certificada-en-la-norma-iso\/"},"author":{"name":"wpusrmasa","@id":"https:\/\/masagrupo.com\/#\/schema\/person\/ad509334dfed7f3add3a1c0c841a79b1"},"headline":"MASA CERTIFICADA EN LA NORMA ISO 50.001 EN SUS OFICINAS DE BARCELONA Y MADRID","datePublished":"2020-10-05T15:00:00+00:00","dateModified":"2025-11-17T12:14:27+00:00","mainEntityOfPage":{"@id":"https:\/\/masagrupo.com\/masa-certificada-en-la-norma-iso\/"},"wordCount":3102,"image":{"@id":"https:\/\/masagrupo.com\/masa-certificada-en-la-norma-iso\/#primaryimage"},"thumbnailUrl":"https:\/\/masagrupo.com\/wp-content\/uploads\/2021\/01\/post-ISO.jpg","articleSection":["Grupo Masa"],"inLanguage":"pt-PT"},{"@type":"WebPage","@id":"https:\/\/masagrupo.com\/masa-certificada-en-la-norma-iso\/","url":"https:\/\/masagrupo.com\/masa-certificada-en-la-norma-iso\/","name":"GRUPO DE MASSA CERTIFICADO ISO","isPartOf":{"@id":"https:\/\/masagrupo.com\/#website"},"primaryImageOfPage":{"@id":"https:\/\/masagrupo.com\/masa-certificada-en-la-norma-iso\/#primaryimage"},"image":{"@id":"https:\/\/masagrupo.com\/masa-certificada-en-la-norma-iso\/#primaryimage"},"thumbnailUrl":"https:\/\/masagrupo.com\/wp-content\/uploads\/2021\/01\/post-ISO.jpg","datePublished":"2020-10-05T15:00:00+00:00","dateModified":"2025-11-17T12:14:27+00:00","author":{"@id":"https:\/\/masagrupo.com\/#\/schema\/person\/ad509334dfed7f3add3a1c0c841a79b1"},"description":"O Grupo Masa, empresa de servi\u00e7os industriais integrais, foi certificado na norma ISO, demonstrando a efic\u00e1cia da sua gest\u00e3o energ\u00e9tica.","breadcrumb":{"@id":"https:\/\/masagrupo.com\/masa-certificada-en-la-norma-iso\/#breadcrumb"},"inLanguage":"pt-PT","potentialAction":[{"@type":"ReadAction","target":["https:\/\/masagrupo.com\/masa-certificada-en-la-norma-iso\/"]}]},{"@type":"ImageObject","inLanguage":"pt-PT","@id":"https:\/\/masagrupo.com\/masa-certificada-en-la-norma-iso\/#primaryimage","url":"https:\/\/masagrupo.com\/wp-content\/uploads\/2021\/01\/post-ISO.jpg","contentUrl":"https:\/\/masagrupo.com\/wp-content\/uploads\/2021\/01\/post-ISO.jpg","width":900,"height":600,"caption":"MASA CERTIFICADA EN LA NORMA ISO"},{"@type":"BreadcrumbList","@id":"https:\/\/masagrupo.com\/masa-certificada-en-la-norma-iso\/#breadcrumb","itemListElement":[{"@type":"ListItem","position":1,"name":"Portada","item":"https:\/\/masagrupo.com\/"},{"@type":"ListItem","position":2,"name":"MASA CERTIFICADA EN LA NORMA ISO 50.001 EN SUS OFICINAS DE BARCELONA Y MADRID"}]},{"@type":"WebSite","@id":"https:\/\/masagrupo.com\/#website","url":"https:\/\/masagrupo.com\/","name":"Grupo Masa","description":"A MASA \u00e9 uma empresa do Grupo ACS","potentialAction":[{"@type":"SearchAction","target":{"@type":"EntryPoint","urlTemplate":"https:\/\/masagrupo.com\/?s={search_term_string}"},"query-input":{"@type":"PropertyValueSpecification","valueRequired":true,"valueName":"search_term_string"}}],"inLanguage":"pt-PT"},{"@type":"Person","@id":"https:\/\/masagrupo.com\/#\/schema\/person\/ad509334dfed7f3add3a1c0c841a79b1","name":"wpusrmasa","image":{"@type":"ImageObject","inLanguage":"pt-PT","@id":"https:\/\/secure.gravatar.com\/avatar\/c74af4ac740e51611af247b790751ef972aef0b67a5a92b3e82ca6e38dfa0e85?s=96&d=mm&r=g","url":"https:\/\/secure.gravatar.com\/avatar\/c74af4ac740e51611af247b790751ef972aef0b67a5a92b3e82ca6e38dfa0e85?s=96&d=mm&r=g","contentUrl":"https:\/\/secure.gravatar.com\/avatar\/c74af4ac740e51611af247b790751ef972aef0b67a5a92b3e82ca6e38dfa0e85?s=96&d=mm&r=g","caption":"wpusrmasa"},"url":"https:\/\/masagrupo.com\/pt\/author\/wpusrmasa\/"}]}},"_links":{"self":[{"href":"https:\/\/masagrupo.com\/pt\/wp-json\/wp\/v2\/posts\/5845","targetHints":{"allow":["GET"]}}],"collection":[{"href":"https:\/\/masagrupo.com\/pt\/wp-json\/wp\/v2\/posts"}],"about":[{"href":"https:\/\/masagrupo.com\/pt\/wp-json\/wp\/v2\/types\/post"}],"author":[{"embeddable":true,"href":"https:\/\/masagrupo.com\/pt\/wp-json\/wp\/v2\/users\/1"}],"replies":[{"embeddable":true,"href":"https:\/\/masagrupo.com\/pt\/wp-json\/wp\/v2\/comments?post=5845"}],"version-history":[{"count":14,"href":"https:\/\/masagrupo.com\/pt\/wp-json\/wp\/v2\/posts\/5845\/revisions"}],"predecessor-version":[{"id":11977,"href":"https:\/\/masagrupo.com\/pt\/wp-json\/wp\/v2\/posts\/5845\/revisions\/11977"}],"wp:featuredmedia":[{"embeddable":true,"href":"https:\/\/masagrupo.com\/pt\/wp-json\/wp\/v2\/media\/5908"}],"wp:attachment":[{"href":"https:\/\/masagrupo.com\/pt\/wp-json\/wp\/v2\/media?parent=5845"}],"wp:term":[{"taxonomy":"category","embeddable":true,"href":"https:\/\/masagrupo.com\/pt\/wp-json\/wp\/v2\/categories?post=5845"},{"taxonomy":"post_tag","embeddable":true,"href":"https:\/\/masagrupo.com\/pt\/wp-json\/wp\/v2\/tags?post=5845"}],"curies":[{"name":"wp","href":"https:\/\/api.w.org\/{rel}","templated":true}]}}