{"id":10182,"date":"2025-02-05T19:41:54","date_gmt":"2025-02-05T18:41:54","guid":{"rendered":"http:\/\/masagrupo.com\/?p=10182"},"modified":"2025-11-14T16:53:21","modified_gmt":"2025-11-14T15:53:21","slug":"a-masa-promove-a-seguranca-no-trabalho-com-o-seu-dia-da-seguranca-no-ilboc-cartagena","status":"publish","type":"post","link":"https:\/\/masagrupo.com\/pt\/masa-impulsa-la-seguridad-laboral-con-sus-jornadas-safety-day-en-ilboc-cartagena\/","title":{"rendered":"MASA promove a seguran\u00e7a no trabalho com o seu Dia da Seguran\u00e7a no ILBOC Cartagena"},"content":{"rendered":"<p><div class=\"fusion-fullwidth fullwidth-box fusion-builder-row-1 fusion-flex-container has-pattern-background has-mask-background nonhundred-percent-fullwidth non-hundred-percent-height-scrolling\" style=\"--awb-border-radius-top-left:0px;--awb-border-radius-top-right:0px;--awb-border-radius-bottom-right:0px;--awb-border-radius-bottom-left:0px;--awb-flex-wrap:wrap;\" ><div class=\"fusion-builder-row fusion-row fusion-flex-align-items-flex-start fusion-flex-content-wrap\" style=\"max-width:1248px;margin-left: calc(-4% \/ 2 );margin-right: calc(-4% \/ 2 );\"><div class=\"fusion-layout-column fusion_builder_column fusion-builder-column-0 fusion_builder_column_1_1 1_1 fusion-flex-column\" style=\"--awb-bg-size:cover;--awb-width-large:100%;--awb-margin-top-large:0px;--awb-spacing-right-large:1.92%;--awb-margin-bottom-large:20px;--awb-spacing-left-large:1.92%;--awb-width-medium:100%;--awb-order-medium:0;--awb-spacing-right-medium:1.92%;--awb-spacing-left-medium:1.92%;--awb-width-small:100%;--awb-order-small:0;--awb-spacing-right-small:1.92%;--awb-spacing-left-small:1.92%;\"><div class=\"fusion-column-wrapper fusion-column-has-shadow fusion-flex-justify-content-flex-start fusion-content-layout-column\"><div class=\"fusion-title title fusion-title-1 fusion-sep-none fusion-title-text fusion-title-size-two\" style=\"--awb-text-color:var(--awb-color8);--awb-font-size:38px;\"><h2 class=\"fusion-title-heading title-heading-left\" style=\"margin:0;font-size:1em;\">Uma iniciativa para refor\u00e7ar a cultura da preven\u00e7\u00e3o e da sensibiliza\u00e7\u00e3o dos trabalhadores.<\/h2><\/div><div class=\"fusion-text fusion-text-1\"><p>Numa a\u00e7\u00e3o conjunta para refor\u00e7ar a cultura de seguran\u00e7a no trabalho, MASA realizou as suas sess\u00f5es participativas do Dia da Seguran\u00e7a nas instala\u00e7\u00f5es da ILBOC em Cartagena. Estas sess\u00f5es, realizadas nos dias 30 e 31 de janeiro, contaram com a participa\u00e7\u00e3o de 33 funcion\u00e1rios de MASA e com a colabora\u00e7\u00e3o ativa da dire\u00e7\u00e3o da ILBOC.<\/p>\n<\/div><\/div><\/div><\/div><\/div><div class=\"fusion-fullwidth fullwidth-box fusion-builder-row-2 fusion-flex-container has-pattern-background has-mask-background nonhundred-percent-fullwidth non-hundred-percent-height-scrolling\" style=\"--awb-border-radius-top-left:0px;--awb-border-radius-top-right:0px;--awb-border-radius-bottom-right:0px;--awb-border-radius-bottom-left:0px;--awb-flex-wrap:wrap;\" ><div class=\"fusion-builder-row fusion-row fusion-flex-align-items-center fusion-flex-content-wrap\" style=\"max-width:1248px;margin-left: calc(-4% \/ 2 );margin-right: calc(-4% \/ 2 );\"><div class=\"fusion-layout-column fusion_builder_column fusion-builder-column-1 fusion_builder_column_1_4 1_4 fusion-flex-column\" style=\"--awb-bg-size:cover;--awb-width-large:25%;--awb-margin-top-large:0px;--awb-spacing-right-large:7.68%;--awb-margin-bottom-large:20px;--awb-spacing-left-large:7.68%;--awb-width-medium:25%;--awb-order-medium:0;--awb-spacing-right-medium:7.68%;--awb-spacing-left-medium:7.68%;--awb-width-small:100%;--awb-order-small:0;--awb-spacing-right-small:1.92%;--awb-spacing-left-small:1.92%;\"><div class=\"fusion-column-wrapper fusion-column-has-shadow fusion-flex-justify-content-flex-start fusion-content-layout-column\"><div class=\"fusion-image-element\" style=\"--awb-caption-title-font-family:var(--h2_typography-font-family);--awb-caption-title-font-weight:var(--h2_typography-font-weight);--awb-caption-title-font-style:var(--h2_typography-font-style);--awb-caption-title-size:var(--h2_typography-font-size);--awb-caption-title-transform:var(--h2_typography-text-transform);--awb-caption-title-line-height:var(--h2_typography-line-height);--awb-caption-title-letter-spacing:var(--h2_typography-letter-spacing);\"><span class=\"fusion-imageframe imageframe-none imageframe-1 hover-type-none\"><img decoding=\"async\" width=\"400\" height=\"402\" alt=\"Seguran\u00e7a no trabalho na Masa\" title=\"seguran\u00e7a-trabalho-massa2\" src=\"https:\/\/masagrupo.com\/wp-content\/uploads\/2025\/02\/seguridad-laboral-masa2-400x402.jpg\" class=\"img-responsive wp-image-11641\" srcset=\"https:\/\/masagrupo.com\/wp-content\/uploads\/2025\/02\/seguridad-laboral-masa2-200x201.jpg 200w, https:\/\/masagrupo.com\/wp-content\/uploads\/2025\/02\/seguridad-laboral-masa2-400x402.jpg 400w, https:\/\/masagrupo.com\/wp-content\/uploads\/2025\/02\/seguridad-laboral-masa2-600x603.jpg 600w, https:\/\/masagrupo.com\/wp-content\/uploads\/2025\/02\/seguridad-laboral-masa2-800x804.jpg 800w, https:\/\/masagrupo.com\/wp-content\/uploads\/2025\/02\/seguridad-laboral-masa2-1200x1206.jpg 1200w\" sizes=\"(max-width: 640px) 100vw, 400px\" \/><\/span><\/div><\/div><\/div><div class=\"fusion-layout-column fusion_builder_column fusion-builder-column-2 fusion_builder_column_3_4 3_4 fusion-flex-column\" style=\"--awb-bg-size:cover;--awb-width-large:75%;--awb-margin-top-large:0px;--awb-spacing-right-large:2.56%;--awb-margin-bottom-large:20px;--awb-spacing-left-large:2.56%;--awb-width-medium:75%;--awb-order-medium:0;--awb-spacing-right-medium:2.56%;--awb-spacing-left-medium:2.56%;--awb-width-small:100%;--awb-order-small:0;--awb-spacing-right-small:1.92%;--awb-spacing-left-small:1.92%;\"><div class=\"fusion-column-wrapper fusion-column-has-shadow fusion-flex-justify-content-flex-start fusion-content-layout-column\"><div class=\"fusion-text fusion-text-2\"><p>As jornadas centraram-se em workshops pr\u00e1ticos destinados a sensibilizar para os comportamentos de risco e a promover pr\u00e1ticas seguras no ambiente de trabalho. Estas actividades visam deixar uma impress\u00e3o duradoura na mentalidade dos trabalhadores, fomentando atitudes proactivas em rela\u00e7\u00e3o \u00e0 seguran\u00e7a e alcan\u00e7ando melhorias mensur\u00e1veis nos comportamentos di\u00e1rios.<\/p>\n<p>Para al\u00e9m do refor\u00e7o da cultura de seguran\u00e7a, estas sess\u00f5es serviram para refor\u00e7ar a colabora\u00e7\u00e3o entre a empresa colaboradora e o cliente, bem como com os subempreiteiros, em mat\u00e9ria de Seguran\u00e7a e Sa\u00fade. Destaca-se a participa\u00e7\u00e3o da equipa de montagem de andaimes, cujo contributo foi fundamental para o sucesso das actividades.<\/p>\n<\/div><\/div><\/div><\/div><\/div><div class=\"fusion-fullwidth fullwidth-box fusion-builder-row-3 fusion-flex-container has-pattern-background has-mask-background nonhundred-percent-fullwidth non-hundred-percent-height-scrolling\" style=\"--awb-border-radius-top-left:0px;--awb-border-radius-top-right:0px;--awb-border-radius-bottom-right:0px;--awb-border-radius-bottom-left:0px;--awb-flex-wrap:wrap;\" ><div class=\"fusion-builder-row fusion-row fusion-flex-align-items-flex-start fusion-flex-content-wrap\" style=\"max-width:1248px;margin-left: calc(-4% \/ 2 );margin-right: calc(-4% \/ 2 );\"><div class=\"fusion-layout-column fusion_builder_column fusion-builder-column-3 fusion_builder_column_1_1 1_1 fusion-flex-column\" style=\"--awb-bg-size:cover;--awb-width-large:100%;--awb-margin-top-large:0px;--awb-spacing-right-large:1.92%;--awb-margin-bottom-large:20px;--awb-spacing-left-large:1.92%;--awb-width-medium:100%;--awb-order-medium:0;--awb-spacing-right-medium:1.92%;--awb-spacing-left-medium:1.92%;--awb-width-small:100%;--awb-order-small:0;--awb-spacing-right-small:1.92%;--awb-spacing-left-small:1.92%;\"><div class=\"fusion-column-wrapper fusion-column-has-shadow fusion-flex-justify-content-flex-start fusion-content-layout-column\"><div class=\"fusion-image-element\" style=\"--awb-aspect-ratio:21 \/ 9;--awb-caption-title-font-family:var(--h2_typography-font-family);--awb-caption-title-font-weight:var(--h2_typography-font-weight);--awb-caption-title-font-style:var(--h2_typography-font-style);--awb-caption-title-size:var(--h2_typography-font-size);--awb-caption-title-transform:var(--h2_typography-text-transform);--awb-caption-title-line-height:var(--h2_typography-line-height);--awb-caption-title-letter-spacing:var(--h2_typography-letter-spacing);\"><span class=\"fusion-imageframe imageframe-none imageframe-2 hover-type-none has-aspect-ratio\"><img decoding=\"async\" width=\"1024\" height=\"569\" alt=\"Seguran\u00e7a no trabalho Grupo Masa\" title=\"seguran\u00e7a-trabalho-massa4\" src=\"https:\/\/masagrupo.com\/wp-content\/uploads\/2025\/02\/seguridad-laboral-masa4-1024x569.jpg\" class=\"img-responsive wp-image-11644 img-with-aspect-ratio\" data-parent-fit=\"cover\" data-parent-container=\".fusion-image-element\" srcset=\"https:\/\/masagrupo.com\/wp-content\/uploads\/2025\/02\/seguridad-laboral-masa4-200x111.jpg 200w, https:\/\/masagrupo.com\/wp-content\/uploads\/2025\/02\/seguridad-laboral-masa4-400x222.jpg 400w, https:\/\/masagrupo.com\/wp-content\/uploads\/2025\/02\/seguridad-laboral-masa4-600x333.jpg 600w, https:\/\/masagrupo.com\/wp-content\/uploads\/2025\/02\/seguridad-laboral-masa4-800x444.jpg 800w, https:\/\/masagrupo.com\/wp-content\/uploads\/2025\/02\/seguridad-laboral-masa4-1200x667.jpg 1200w\" sizes=\"(max-width: 640px) 100vw, 1200px\" \/><\/span><\/div><\/div><\/div><\/div><\/div><div class=\"fusion-fullwidth fullwidth-box fusion-builder-row-4 fusion-flex-container has-pattern-background has-mask-background nonhundred-percent-fullwidth non-hundred-percent-height-scrolling\" style=\"--awb-border-radius-top-left:0px;--awb-border-radius-top-right:0px;--awb-border-radius-bottom-right:0px;--awb-border-radius-bottom-left:0px;--awb-flex-wrap:wrap;\" ><div class=\"fusion-builder-row fusion-row fusion-flex-align-items-center fusion-flex-content-wrap\" style=\"max-width:1248px;margin-left: calc(-4% \/ 2 );margin-right: calc(-4% \/ 2 );\"><div class=\"fusion-layout-column fusion_builder_column fusion-builder-column-4 fusion_builder_column_3_5 3_5 fusion-flex-column\" style=\"--awb-bg-size:cover;--awb-width-large:60%;--awb-margin-top-large:0px;--awb-spacing-right-large:3.2%;--awb-margin-bottom-large:20px;--awb-spacing-left-large:3.2%;--awb-width-medium:60%;--awb-order-medium:0;--awb-spacing-right-medium:3.2%;--awb-spacing-left-medium:3.2%;--awb-width-small:100%;--awb-order-small:0;--awb-spacing-right-small:1.92%;--awb-spacing-left-small:1.92%;\"><div class=\"fusion-column-wrapper fusion-column-has-shadow fusion-flex-justify-content-flex-start fusion-content-layout-column\"><div class=\"fusion-text fusion-text-3\"><p>Os participantes manifestaram o seu apre\u00e7o pela iniciativa, valorizando sobretudo a oportunidade de participarem em din\u00e2micas que refor\u00e7am a import\u00e2ncia da seguran\u00e7a no trabalho. A colabora\u00e7\u00e3o e disponibilidade da ILBOC e da sua dire\u00e7\u00e3o foram essenciais para o sucesso do desenvolvimento dos workshops, demonstrando o empenho partilhado por ambas as entidades na seguran\u00e7a e bem-estar dos seus colaboradores.<\/p>\n<p>A ILBOC (Iberian Lube Base Oils Company), \u00e9 uma empresa criada em 2012, detida em 30% pela Repsol Petr\u00f3leo e em 70% pela SK Enmove. Localizada em Cartagena, dedica-se \u00e0 produ\u00e7\u00e3o de bases lubrificantes de alta qualidade, sendo uma refer\u00eancia no sector. ilboc.com<\/p>\n<p>O MASA reafirma o seu compromisso com a seguran\u00e7a no trabalho e agradece a todos os participantes pela sua dedica\u00e7\u00e3o e esfor\u00e7o nesta confer\u00eancia.<\/p>\n<\/div><\/div><\/div><div class=\"fusion-layout-column fusion_builder_column fusion-builder-column-5 fusion_builder_column_2_5 2_5 fusion-flex-column\" style=\"--awb-bg-size:cover;--awb-width-large:40%;--awb-margin-top-large:0px;--awb-spacing-right-large:4.8%;--awb-margin-bottom-large:20px;--awb-spacing-left-large:4.8%;--awb-width-medium:40%;--awb-order-medium:0;--awb-spacing-right-medium:4.8%;--awb-spacing-left-medium:4.8%;--awb-width-small:100%;--awb-order-small:0;--awb-spacing-right-small:1.92%;--awb-spacing-left-small:1.92%;\"><div class=\"fusion-column-wrapper fusion-column-has-shadow fusion-flex-justify-content-flex-start fusion-content-layout-column\"><div class=\"fusion-image-element\" style=\"--awb-aspect-ratio:1 \/ 1;--awb-object-position:49% 53%;--awb-caption-title-font-family:var(--h2_typography-font-family);--awb-caption-title-font-weight:var(--h2_typography-font-weight);--awb-caption-title-font-style:var(--h2_typography-font-style);--awb-caption-title-size:var(--h2_typography-font-size);--awb-caption-title-transform:var(--h2_typography-text-transform);--awb-caption-title-line-height:var(--h2_typography-line-height);--awb-caption-title-letter-spacing:var(--h2_typography-letter-spacing);\"><span class=\"fusion-imageframe imageframe-none imageframe-3 hover-type-none has-aspect-ratio\"><img decoding=\"async\" width=\"400\" height=\"533\" title=\"seguran\u00e7a-trabalho-massa5\" src=\"https:\/\/masagrupo.com\/wp-content\/uploads\/2025\/02\/seguridad-laboral-masa5-400x533.jpg\" class=\"img-responsive wp-image-11643 img-with-aspect-ratio\" data-parent-fit=\"cover\" data-parent-container=\".fusion-image-element\" alt srcset=\"https:\/\/masagrupo.com\/wp-content\/uploads\/2025\/02\/seguridad-laboral-masa5-200x267.jpg 200w, https:\/\/masagrupo.com\/wp-content\/uploads\/2025\/02\/seguridad-laboral-masa5-400x533.jpg 400w, https:\/\/masagrupo.com\/wp-content\/uploads\/2025\/02\/seguridad-laboral-masa5-600x800.jpg 600w, https:\/\/masagrupo.com\/wp-content\/uploads\/2025\/02\/seguridad-laboral-masa5-800x1067.jpg 800w, https:\/\/masagrupo.com\/wp-content\/uploads\/2025\/02\/seguridad-laboral-masa5-1200x1600.jpg 1200w, https:\/\/masagrupo.com\/wp-content\/uploads\/2025\/02\/seguridad-laboral-masa5.jpg 1920w\" sizes=\"(max-width: 640px) 100vw, 600px\" \/><\/span><\/div><\/div><\/div><\/div><\/div><div class=\"fusion-fullwidth fullwidth-box fusion-builder-row-5 fusion-flex-container has-pattern-background has-mask-background nonhundred-percent-fullwidth non-hundred-percent-height-scrolling\" style=\"--awb-border-radius-top-left:0px;--awb-border-radius-top-right:0px;--awb-border-radius-bottom-right:0px;--awb-border-radius-bottom-left:0px;--awb-flex-wrap:wrap;\" ><div class=\"fusion-builder-row fusion-row fusion-flex-align-items-flex-start fusion-flex-content-wrap\" style=\"max-width:1248px;margin-left: calc(-4% \/ 2 );margin-right: calc(-4% \/ 2 );\"><div class=\"fusion-layout-column fusion_builder_column fusion-builder-column-6 fusion_builder_column_1_1 1_1 fusion-flex-column\" style=\"--awb-bg-size:cover;--awb-width-large:100%;--awb-margin-top-large:0px;--awb-spacing-right-large:1.92%;--awb-margin-bottom-large:20px;--awb-spacing-left-large:1.92%;--awb-width-medium:100%;--awb-order-medium:0;--awb-spacing-right-medium:1.92%;--awb-spacing-left-medium:1.92%;--awb-width-small:100%;--awb-order-small:0;--awb-spacing-right-small:1.92%;--awb-spacing-left-small:1.92%;\"><div class=\"fusion-column-wrapper fusion-column-has-shadow fusion-flex-justify-content-flex-start fusion-content-layout-column\"><div class=\"fusion-image-element\" style=\"--awb-caption-title-font-family:var(--h2_typography-font-family);--awb-caption-title-font-weight:var(--h2_typography-font-weight);--awb-caption-title-font-style:var(--h2_typography-font-style);--awb-caption-title-size:var(--h2_typography-font-size);--awb-caption-title-transform:var(--h2_typography-text-transform);--awb-caption-title-line-height:var(--h2_typography-line-height);--awb-caption-title-letter-spacing:var(--h2_typography-letter-spacing);\"><span class=\"fusion-imageframe imageframe-none imageframe-4 hover-type-none\"><img decoding=\"async\" width=\"1200\" height=\"541\" alt=\"Reuni\u00e3o &quot;Zero acidentes de trabalho\" title=\"seguran\u00e7a-trabalho-massa6\" src=\"https:\/\/masagrupo.com\/wp-content\/uploads\/2025\/02\/seguridad-laboral-masa6-1200x541.jpg\" class=\"img-responsive wp-image-11642\" srcset=\"https:\/\/masagrupo.com\/wp-content\/uploads\/2025\/02\/seguridad-laboral-masa6-200x90.jpg 200w, https:\/\/masagrupo.com\/wp-content\/uploads\/2025\/02\/seguridad-laboral-masa6-400x180.jpg 400w, https:\/\/masagrupo.com\/wp-content\/uploads\/2025\/02\/seguridad-laboral-masa6-600x270.jpg 600w, https:\/\/masagrupo.com\/wp-content\/uploads\/2025\/02\/seguridad-laboral-masa6-800x361.jpg 800w, https:\/\/masagrupo.com\/wp-content\/uploads\/2025\/02\/seguridad-laboral-masa6-1200x541.jpg 1200w\" sizes=\"(max-width: 640px) 100vw, 1200px\" \/><\/span><\/div><\/div><\/div><\/div><\/div><\/p>","protected":false},"excerpt":{"rendered":"<p>Numa iniciativa conjunta para refor\u00e7ar a cultura de seguran\u00e7a no trabalho, MASA realizou as suas sess\u00f5es participativas do Dia da Seguran\u00e7a nas instala\u00e7\u00f5es da ILBOC em Cartagena. Estas sess\u00f5es, realizadas nos dias 30 e 31 de janeiro, contaram com a presen\u00e7a de 33 funcion\u00e1rios de MASA e com a colabora\u00e7\u00e3o ativa da dire\u00e7\u00e3o da ILBOC.<\/p>","protected":false},"author":2,"featured_media":10198,"comment_status":"closed","ping_status":"closed","sticky":false,"template":"","format":"standard","meta":{"footnotes":""},"categories":[1,91],"tags":[],"class_list":["post-10182","post","type-post","status-publish","format-standard","has-post-thumbnail","hentry","category-digitalizacion-del-mantenimiento","category-noticias"],"yoast_head":"<!-- This site is optimized with the Yoast SEO plugin v27.4 - https:\/\/yoast.com\/product\/yoast-seo-wordpress\/ -->\n<title>MASA impulsa la seguridad laboral con sus jornadas Safety Day en ILBOC Cartagena - Grupo Masa<\/title>\n<meta name=\"robots\" content=\"index, follow, max-snippet:-1, max-image-preview:large, max-video-preview:-1\" \/>\n<link rel=\"canonical\" href=\"https:\/\/masagrupo.com\/pt\/a-masa-promove-a-seguranca-no-trabalho-com-o-seu-dia-da-seguranca-no-ilboc-cartagena\/\" \/>\n<meta property=\"og:locale\" content=\"pt_PT\" \/>\n<meta property=\"og:type\" content=\"article\" \/>\n<meta property=\"og:title\" content=\"MASA impulsa la seguridad laboral con sus jornadas Safety Day en ILBOC Cartagena - Grupo Masa\" \/>\n<meta property=\"og:description\" content=\"En una iniciativa conjunta para fortalecer la cultura de seguridad laboral, MASA llev\u00f3 a cabo sus jornadas participativas Safety Day en las instalaciones de ILBOC, Cartagena. Estas sesiones, celebradas el 30 y 31 de enero, contaron con la participaci\u00f3n de 33 empleados de MASA y la colaboraci\u00f3n activa del equipo directivo de ILBOC.\" \/>\n<meta property=\"og:url\" content=\"https:\/\/masagrupo.com\/pt\/a-masa-promove-a-seguranca-no-trabalho-com-o-seu-dia-da-seguranca-no-ilboc-cartagena\/\" \/>\n<meta property=\"og:site_name\" content=\"Grupo Masa\" \/>\n<meta property=\"article:published_time\" content=\"2025-02-05T18:41:54+00:00\" \/>\n<meta property=\"article:modified_time\" content=\"2025-11-14T15:53:21+00:00\" \/>\n<meta property=\"og:image\" content=\"https:\/\/masagrupo.com\/wp-content\/uploads\/2025\/02\/GRUPO_30-V2-scaled-e1738837748588.jpg\" \/>\n\t<meta property=\"og:image:width\" content=\"1113\" \/>\n\t<meta property=\"og:image:height\" content=\"517\" \/>\n\t<meta property=\"og:image:type\" content=\"image\/jpeg\" \/>\n<meta name=\"author\" content=\"Paloma Ar\u00edn\" \/>\n<meta name=\"twitter:card\" content=\"summary_large_image\" \/>\n<meta name=\"twitter:label1\" content=\"Written by\" \/>\n\t<meta name=\"twitter:data1\" content=\"Paloma Ar\u00edn\" \/>\n\t<meta name=\"twitter:label2\" content=\"Est. reading time\" \/>\n\t<meta name=\"twitter:data2\" content=\"3 minutes\" \/>\n<script type=\"application\/ld+json\" class=\"yoast-schema-graph\">{\"@context\":\"https:\\\/\\\/schema.org\",\"@graph\":[{\"@type\":\"Article\",\"@id\":\"https:\\\/\\\/masagrupo.com\\\/masa-impulsa-la-seguridad-laboral-con-sus-jornadas-safety-day-en-ilboc-cartagena\\\/#article\",\"isPartOf\":{\"@id\":\"https:\\\/\\\/masagrupo.com\\\/masa-impulsa-la-seguridad-laboral-con-sus-jornadas-safety-day-en-ilboc-cartagena\\\/\"},\"author\":{\"name\":\"Paloma Ar\u00edn\",\"@id\":\"https:\\\/\\\/masagrupo.com\\\/#\\\/schema\\\/person\\\/7067a848d602fff19af4f2172917fae3\"},\"headline\":\"MASA impulsa la seguridad laboral con sus jornadas Safety Day en ILBOC Cartagena\",\"datePublished\":\"2025-02-05T18:41:54+00:00\",\"dateModified\":\"2025-11-14T15:53:21+00:00\",\"mainEntityOfPage\":{\"@id\":\"https:\\\/\\\/masagrupo.com\\\/masa-impulsa-la-seguridad-laboral-con-sus-jornadas-safety-day-en-ilboc-cartagena\\\/\"},\"wordCount\":7853,\"image\":{\"@id\":\"https:\\\/\\\/masagrupo.com\\\/masa-impulsa-la-seguridad-laboral-con-sus-jornadas-safety-day-en-ilboc-cartagena\\\/#primaryimage\"},\"thumbnailUrl\":\"https:\\\/\\\/masagrupo.com\\\/wp-content\\\/uploads\\\/2025\\\/02\\\/GRUPO_30-V2-scaled-e1738837748588.jpg\",\"articleSection\":[\"Digitalizaci\u00f3n del Mantenimiento\",\"NOTICIAS\"],\"inLanguage\":\"pt-PT\"},{\"@type\":\"WebPage\",\"@id\":\"https:\\\/\\\/masagrupo.com\\\/masa-impulsa-la-seguridad-laboral-con-sus-jornadas-safety-day-en-ilboc-cartagena\\\/\",\"url\":\"https:\\\/\\\/masagrupo.com\\\/masa-impulsa-la-seguridad-laboral-con-sus-jornadas-safety-day-en-ilboc-cartagena\\\/\",\"name\":\"MASA impulsa la seguridad laboral con sus jornadas Safety Day en ILBOC Cartagena - Grupo Masa\",\"isPartOf\":{\"@id\":\"https:\\\/\\\/masagrupo.com\\\/#website\"},\"primaryImageOfPage\":{\"@id\":\"https:\\\/\\\/masagrupo.com\\\/masa-impulsa-la-seguridad-laboral-con-sus-jornadas-safety-day-en-ilboc-cartagena\\\/#primaryimage\"},\"image\":{\"@id\":\"https:\\\/\\\/masagrupo.com\\\/masa-impulsa-la-seguridad-laboral-con-sus-jornadas-safety-day-en-ilboc-cartagena\\\/#primaryimage\"},\"thumbnailUrl\":\"https:\\\/\\\/masagrupo.com\\\/wp-content\\\/uploads\\\/2025\\\/02\\\/GRUPO_30-V2-scaled-e1738837748588.jpg\",\"datePublished\":\"2025-02-05T18:41:54+00:00\",\"dateModified\":\"2025-11-14T15:53:21+00:00\",\"author\":{\"@id\":\"https:\\\/\\\/masagrupo.com\\\/#\\\/schema\\\/person\\\/7067a848d602fff19af4f2172917fae3\"},\"breadcrumb\":{\"@id\":\"https:\\\/\\\/masagrupo.com\\\/masa-impulsa-la-seguridad-laboral-con-sus-jornadas-safety-day-en-ilboc-cartagena\\\/#breadcrumb\"},\"inLanguage\":\"pt-PT\",\"potentialAction\":[{\"@type\":\"ReadAction\",\"target\":[\"https:\\\/\\\/masagrupo.com\\\/masa-impulsa-la-seguridad-laboral-con-sus-jornadas-safety-day-en-ilboc-cartagena\\\/\"]}]},{\"@type\":\"ImageObject\",\"inLanguage\":\"pt-PT\",\"@id\":\"https:\\\/\\\/masagrupo.com\\\/masa-impulsa-la-seguridad-laboral-con-sus-jornadas-safety-day-en-ilboc-cartagena\\\/#primaryimage\",\"url\":\"https:\\\/\\\/masagrupo.com\\\/wp-content\\\/uploads\\\/2025\\\/02\\\/GRUPO_30-V2-scaled-e1738837748588.jpg\",\"contentUrl\":\"https:\\\/\\\/masagrupo.com\\\/wp-content\\\/uploads\\\/2025\\\/02\\\/GRUPO_30-V2-scaled-e1738837748588.jpg\",\"width\":1113,\"height\":517,\"caption\":\"En una iniciativa conjunta para fortalecer la cultura de seguridad laboral, MASA llev\u00f3 a cabo sus jornadas participativas Safety Day en las instalaciones de ILBOC, Cartagena. Estas sesiones, celebradas el 30 y 31 de enero, contaron con la participaci\u00f3n de 33 empleados de MASA y la colaboraci\u00f3n activa del equipo directivo de ILBOC.\"},{\"@type\":\"BreadcrumbList\",\"@id\":\"https:\\\/\\\/masagrupo.com\\\/masa-impulsa-la-seguridad-laboral-con-sus-jornadas-safety-day-en-ilboc-cartagena\\\/#breadcrumb\",\"itemListElement\":[{\"@type\":\"ListItem\",\"position\":1,\"name\":\"Portada\",\"item\":\"https:\\\/\\\/masagrupo.com\\\/\"},{\"@type\":\"ListItem\",\"position\":2,\"name\":\"MASA impulsa la seguridad laboral con sus jornadas Safety Day en ILBOC Cartagena\"}]},{\"@type\":\"WebSite\",\"@id\":\"https:\\\/\\\/masagrupo.com\\\/#website\",\"url\":\"https:\\\/\\\/masagrupo.com\\\/\",\"name\":\"Grupo Masa\",\"description\":\"MASA es una empresa del Grupo ACS\",\"potentialAction\":[{\"@type\":\"SearchAction\",\"target\":{\"@type\":\"EntryPoint\",\"urlTemplate\":\"https:\\\/\\\/masagrupo.com\\\/?s={search_term_string}\"},\"query-input\":{\"@type\":\"PropertyValueSpecification\",\"valueRequired\":true,\"valueName\":\"search_term_string\"}}],\"inLanguage\":\"pt-PT\"},{\"@type\":\"Person\",\"@id\":\"https:\\\/\\\/masagrupo.com\\\/#\\\/schema\\\/person\\\/7067a848d602fff19af4f2172917fae3\",\"name\":\"Paloma Ar\u00edn\",\"image\":{\"@type\":\"ImageObject\",\"inLanguage\":\"pt-PT\",\"@id\":\"https:\\\/\\\/secure.gravatar.com\\\/avatar\\\/d707daeb8561bd35e0b9c01b797023daef352b68a03c8c613fe9cf9f178aa597?s=96&d=mm&r=g\",\"url\":\"https:\\\/\\\/secure.gravatar.com\\\/avatar\\\/d707daeb8561bd35e0b9c01b797023daef352b68a03c8c613fe9cf9f178aa597?s=96&d=mm&r=g\",\"contentUrl\":\"https:\\\/\\\/secure.gravatar.com\\\/avatar\\\/d707daeb8561bd35e0b9c01b797023daef352b68a03c8c613fe9cf9f178aa597?s=96&d=mm&r=g\",\"caption\":\"Paloma Ar\u00edn\"},\"url\":\"https:\\\/\\\/masagrupo.com\\\/pt\\\/author\\\/paloma-arin\\\/\"}]}<\/script>\n<!-- \/ Yoast SEO plugin. -->","yoast_head_json":{"title":"MASA promove a seguran\u00e7a no trabalho com o seu Dia da Seguran\u00e7a na ILBOC Cartagena - Grupo Masa","robots":{"index":"index","follow":"follow","max-snippet":"max-snippet:-1","max-image-preview":"max-image-preview:large","max-video-preview":"max-video-preview:-1"},"canonical":"https:\/\/masagrupo.com\/pt\/a-masa-promove-a-seguranca-no-trabalho-com-o-seu-dia-da-seguranca-no-ilboc-cartagena\/","og_locale":"pt_PT","og_type":"article","og_title":"MASA impulsa la seguridad laboral con sus jornadas Safety Day en ILBOC Cartagena - Grupo Masa","og_description":"En una iniciativa conjunta para fortalecer la cultura de seguridad laboral, MASA llev\u00f3 a cabo sus jornadas participativas Safety Day en las instalaciones de ILBOC, Cartagena. Estas sesiones, celebradas el 30 y 31 de enero, contaron con la participaci\u00f3n de 33 empleados de MASA y la colaboraci\u00f3n activa del equipo directivo de ILBOC.","og_url":"https:\/\/masagrupo.com\/pt\/a-masa-promove-a-seguranca-no-trabalho-com-o-seu-dia-da-seguranca-no-ilboc-cartagena\/","og_site_name":"Grupo Masa","article_published_time":"2025-02-05T18:41:54+00:00","article_modified_time":"2025-11-14T15:53:21+00:00","og_image":[{"width":1113,"height":517,"url":"https:\/\/masagrupo.com\/wp-content\/uploads\/2025\/02\/GRUPO_30-V2-scaled-e1738837748588.jpg","type":"image\/jpeg"}],"author":"Paloma Ar\u00edn","twitter_card":"summary_large_image","twitter_misc":{"Written by":"Paloma Ar\u00edn","Est. reading time":"3 minutes"},"schema":{"@context":"https:\/\/schema.org","@graph":[{"@type":"Article","@id":"https:\/\/masagrupo.com\/masa-impulsa-la-seguridad-laboral-con-sus-jornadas-safety-day-en-ilboc-cartagena\/#article","isPartOf":{"@id":"https:\/\/masagrupo.com\/masa-impulsa-la-seguridad-laboral-con-sus-jornadas-safety-day-en-ilboc-cartagena\/"},"author":{"name":"Paloma Ar\u00edn","@id":"https:\/\/masagrupo.com\/#\/schema\/person\/7067a848d602fff19af4f2172917fae3"},"headline":"MASA impulsa la seguridad laboral con sus jornadas Safety Day en ILBOC Cartagena","datePublished":"2025-02-05T18:41:54+00:00","dateModified":"2025-11-14T15:53:21+00:00","mainEntityOfPage":{"@id":"https:\/\/masagrupo.com\/masa-impulsa-la-seguridad-laboral-con-sus-jornadas-safety-day-en-ilboc-cartagena\/"},"wordCount":7853,"image":{"@id":"https:\/\/masagrupo.com\/masa-impulsa-la-seguridad-laboral-con-sus-jornadas-safety-day-en-ilboc-cartagena\/#primaryimage"},"thumbnailUrl":"https:\/\/masagrupo.com\/wp-content\/uploads\/2025\/02\/GRUPO_30-V2-scaled-e1738837748588.jpg","articleSection":["Digitalizaci\u00f3n del Mantenimiento","NOTICIAS"],"inLanguage":"pt-PT"},{"@type":"WebPage","@id":"https:\/\/masagrupo.com\/masa-impulsa-la-seguridad-laboral-con-sus-jornadas-safety-day-en-ilboc-cartagena\/","url":"https:\/\/masagrupo.com\/masa-impulsa-la-seguridad-laboral-con-sus-jornadas-safety-day-en-ilboc-cartagena\/","name":"MASA promove a seguran\u00e7a no trabalho com o seu Dia da Seguran\u00e7a na ILBOC Cartagena - Grupo Masa","isPartOf":{"@id":"https:\/\/masagrupo.com\/#website"},"primaryImageOfPage":{"@id":"https:\/\/masagrupo.com\/masa-impulsa-la-seguridad-laboral-con-sus-jornadas-safety-day-en-ilboc-cartagena\/#primaryimage"},"image":{"@id":"https:\/\/masagrupo.com\/masa-impulsa-la-seguridad-laboral-con-sus-jornadas-safety-day-en-ilboc-cartagena\/#primaryimage"},"thumbnailUrl":"https:\/\/masagrupo.com\/wp-content\/uploads\/2025\/02\/GRUPO_30-V2-scaled-e1738837748588.jpg","datePublished":"2025-02-05T18:41:54+00:00","dateModified":"2025-11-14T15:53:21+00:00","author":{"@id":"https:\/\/masagrupo.com\/#\/schema\/person\/7067a848d602fff19af4f2172917fae3"},"breadcrumb":{"@id":"https:\/\/masagrupo.com\/masa-impulsa-la-seguridad-laboral-con-sus-jornadas-safety-day-en-ilboc-cartagena\/#breadcrumb"},"inLanguage":"pt-PT","potentialAction":[{"@type":"ReadAction","target":["https:\/\/masagrupo.com\/masa-impulsa-la-seguridad-laboral-con-sus-jornadas-safety-day-en-ilboc-cartagena\/"]}]},{"@type":"ImageObject","inLanguage":"pt-PT","@id":"https:\/\/masagrupo.com\/masa-impulsa-la-seguridad-laboral-con-sus-jornadas-safety-day-en-ilboc-cartagena\/#primaryimage","url":"https:\/\/masagrupo.com\/wp-content\/uploads\/2025\/02\/GRUPO_30-V2-scaled-e1738837748588.jpg","contentUrl":"https:\/\/masagrupo.com\/wp-content\/uploads\/2025\/02\/GRUPO_30-V2-scaled-e1738837748588.jpg","width":1113,"height":517,"caption":"En una iniciativa conjunta para fortalecer la cultura de seguridad laboral, MASA llev\u00f3 a cabo sus jornadas participativas Safety Day en las instalaciones de ILBOC, Cartagena. Estas sesiones, celebradas el 30 y 31 de enero, contaron con la participaci\u00f3n de 33 empleados de MASA y la colaboraci\u00f3n activa del equipo directivo de ILBOC."},{"@type":"BreadcrumbList","@id":"https:\/\/masagrupo.com\/masa-impulsa-la-seguridad-laboral-con-sus-jornadas-safety-day-en-ilboc-cartagena\/#breadcrumb","itemListElement":[{"@type":"ListItem","position":1,"name":"Portada","item":"https:\/\/masagrupo.com\/"},{"@type":"ListItem","position":2,"name":"MASA impulsa la seguridad laboral con sus jornadas Safety Day en ILBOC Cartagena"}]},{"@type":"WebSite","@id":"https:\/\/masagrupo.com\/#website","url":"https:\/\/masagrupo.com\/","name":"Grupo Masa","description":"A MASA \u00e9 uma empresa do Grupo ACS","potentialAction":[{"@type":"SearchAction","target":{"@type":"EntryPoint","urlTemplate":"https:\/\/masagrupo.com\/?s={search_term_string}"},"query-input":{"@type":"PropertyValueSpecification","valueRequired":true,"valueName":"search_term_string"}}],"inLanguage":"pt-PT"},{"@type":"Person","@id":"https:\/\/masagrupo.com\/#\/schema\/person\/7067a848d602fff19af4f2172917fae3","name":"Paloma Ar\u00edn","image":{"@type":"ImageObject","inLanguage":"pt-PT","@id":"https:\/\/secure.gravatar.com\/avatar\/d707daeb8561bd35e0b9c01b797023daef352b68a03c8c613fe9cf9f178aa597?s=96&d=mm&r=g","url":"https:\/\/secure.gravatar.com\/avatar\/d707daeb8561bd35e0b9c01b797023daef352b68a03c8c613fe9cf9f178aa597?s=96&d=mm&r=g","contentUrl":"https:\/\/secure.gravatar.com\/avatar\/d707daeb8561bd35e0b9c01b797023daef352b68a03c8c613fe9cf9f178aa597?s=96&d=mm&r=g","caption":"Paloma Ar\u00edn"},"url":"https:\/\/masagrupo.com\/pt\/author\/paloma-arin\/"}]}},"_links":{"self":[{"href":"https:\/\/masagrupo.com\/pt\/wp-json\/wp\/v2\/posts\/10182","targetHints":{"allow":["GET"]}}],"collection":[{"href":"https:\/\/masagrupo.com\/pt\/wp-json\/wp\/v2\/posts"}],"about":[{"href":"https:\/\/masagrupo.com\/pt\/wp-json\/wp\/v2\/types\/post"}],"author":[{"embeddable":true,"href":"https:\/\/masagrupo.com\/pt\/wp-json\/wp\/v2\/users\/2"}],"replies":[{"embeddable":true,"href":"https:\/\/masagrupo.com\/pt\/wp-json\/wp\/v2\/comments?post=10182"}],"version-history":[{"count":24,"href":"https:\/\/masagrupo.com\/pt\/wp-json\/wp\/v2\/posts\/10182\/revisions"}],"predecessor-version":[{"id":11691,"href":"https:\/\/masagrupo.com\/pt\/wp-json\/wp\/v2\/posts\/10182\/revisions\/11691"}],"wp:featuredmedia":[{"embeddable":true,"href":"https:\/\/masagrupo.com\/pt\/wp-json\/wp\/v2\/media\/10198"}],"wp:attachment":[{"href":"https:\/\/masagrupo.com\/pt\/wp-json\/wp\/v2\/media?parent=10182"}],"wp:term":[{"taxonomy":"category","embeddable":true,"href":"https:\/\/masagrupo.com\/pt\/wp-json\/wp\/v2\/categories?post=10182"},{"taxonomy":"post_tag","embeddable":true,"href":"https:\/\/masagrupo.com\/pt\/wp-json\/wp\/v2\/tags?post=10182"}],"curies":[{"name":"wp","href":"https:\/\/api.w.org\/{rel}","templated":true}]}}