{"id":10063,"date":"2025-01-27T13:11:52","date_gmt":"2025-01-27T12:11:52","guid":{"rendered":"http:\/\/masagrupo.com\/?p=10063"},"modified":"2025-11-14T16:51:54","modified_gmt":"2025-11-14T15:51:54","slug":"a-masa-estara-presente-no-ii-congresso-nacional-de-hidrogenio-verde-em-huelva","status":"publish","type":"post","link":"https:\/\/masagrupo.com\/pt\/masa-estara-presente-en-el-ii-congreso-nacional-de-hidrogeno-verde-en-huelva\/","title":{"rendered":"MASA estar\u00e1 presente no II Congresso Nacional de Hidrog\u00e9nio Verde em Huelva"},"content":{"rendered":"<p><div class=\"fusion-fullwidth fullwidth-box fusion-builder-row-1 fusion-flex-container nonhundred-percent-fullwidth non-hundred-percent-height-scrolling\" style=\"--awb-border-radius-top-left:0px;--awb-border-radius-top-right:0px;--awb-border-radius-bottom-right:0px;--awb-border-radius-bottom-left:0px;--awb-flex-wrap:wrap;\" ><div class=\"fusion-builder-row fusion-row fusion-flex-align-items-flex-start fusion-flex-content-wrap\" style=\"max-width:1248px;margin-left: calc(-4% \/ 2 );margin-right: calc(-4% \/ 2 );\"><div class=\"fusion-layout-column fusion_builder_column fusion-builder-column-0 fusion_builder_column_1_1 1_1 fusion-flex-column\" style=\"--awb-bg-blend:overlay;--awb-bg-size:cover;--awb-width-large:100%;--awb-margin-top-large:0px;--awb-spacing-right-large:1.92%;--awb-margin-bottom-large:0px;--awb-spacing-left-large:1.92%;--awb-width-medium:100%;--awb-spacing-right-medium:1.92%;--awb-spacing-left-medium:1.92%;--awb-width-small:100%;--awb-spacing-right-small:1.92%;--awb-spacing-left-small:1.92%;\"><div class=\"fusion-column-wrapper fusion-flex-justify-content-flex-start fusion-content-layout-column\"><div class=\"fusion-title title fusion-title-1 fusion-sep-none fusion-title-text fusion-title-size-two\" style=\"--awb-text-color:var(--awb-color8);--awb-font-size:28px;\"><h2 class=\"fusion-title-heading title-heading-left\" style=\"margin:0;font-size:1em;\">Patrocinador de prata num evento fundamental para a transi\u00e7\u00e3o energ\u00e9tica<\/h2><\/div><div class=\"fusion-title title fusion-title-2 fusion-sep-none fusion-title-text fusion-title-size-three\" style=\"--awb-text-color:var(--awb-color8);--awb-font-size:20px;\"><h3 class=\"fusion-title-heading title-heading-left\" style=\"margin:0;font-size:1em;\">MASA participar\u00e1, como patrocinador prata, no II Congresso Nacional de Hidrog\u00e9nio Verde, que ter\u00e1 lugar em Huelva de 4 a 6 de fevereiro. Este evento re\u00fane os principais actores do sector energ\u00e9tico num esfor\u00e7o conjunto para promover o desenvolvimento do hidrog\u00e9nio verde como uma das chaves para a transi\u00e7\u00e3o energ\u00e9tica global.<\/h3><\/div><div class=\"fusion-image-element\" style=\"--awb-caption-title-font-family:var(--h2_typography-font-family);--awb-caption-title-font-weight:var(--h2_typography-font-weight);--awb-caption-title-font-style:var(--h2_typography-font-style);--awb-caption-title-size:var(--h2_typography-font-size);--awb-caption-title-transform:var(--h2_typography-text-transform);--awb-caption-title-line-height:var(--h2_typography-line-height);--awb-caption-title-letter-spacing:var(--h2_typography-letter-spacing);\"><span class=\"fusion-imageframe imageframe-none imageframe-1 hover-type-none\"><img decoding=\"async\" width=\"1200\" height=\"601\" alt=\"A energia que se soma\" title=\"soma de energia\" src=\"https:\/\/masagrupo.com\/wp-content\/uploads\/2025\/01\/energia-suma-1200x601.jpg\" class=\"img-responsive wp-image-11652\" srcset=\"https:\/\/masagrupo.com\/wp-content\/uploads\/2025\/01\/energia-suma-200x100.jpg 200w, https:\/\/masagrupo.com\/wp-content\/uploads\/2025\/01\/energia-suma-400x200.jpg 400w, https:\/\/masagrupo.com\/wp-content\/uploads\/2025\/01\/energia-suma-600x300.jpg 600w, https:\/\/masagrupo.com\/wp-content\/uploads\/2025\/01\/energia-suma-800x401.jpg 800w, https:\/\/masagrupo.com\/wp-content\/uploads\/2025\/01\/energia-suma-1200x601.jpg 1200w, https:\/\/masagrupo.com\/wp-content\/uploads\/2025\/01\/energia-suma.jpg 1442w\" sizes=\"(max-width: 640px) 100vw, 1200px\" \/><\/span><\/div><div class=\"fusion-text fusion-text-1\"><div class=\"tatsu-module tatsu-text-block-wrap tatsu-SJVenlHdkx\">\n<div class=\"tatsu-text-inner tatsu-align-center clearfix\">\n<p>O hidrog\u00e9nio verde imp\u00f4s-se como uma solu\u00e7\u00e3o essencial para descarbonizar o planeta e alcan\u00e7ar os objectivos clim\u00e1ticos estabelecidos pela Uni\u00e3o Europeia e pelo Governo espanhol para 2050. Neste contexto, o II Congresso Nacional do Hidrog\u00e9nio Verde posicionou-se como o principal f\u00f3rum de debate e networking deste sector energ\u00e9tico, com a participa\u00e7\u00e3o de mais de 600 assistentes e 300 empresas nacionais e internacionais.<\/p>\n<\/div>\n<\/div>\n<\/div><div class=\"fusion-image-element\" style=\"--awb-caption-title-font-family:var(--h2_typography-font-family);--awb-caption-title-font-weight:var(--h2_typography-font-weight);--awb-caption-title-font-style:var(--h2_typography-font-style);--awb-caption-title-size:var(--h2_typography-font-size);--awb-caption-title-transform:var(--h2_typography-text-transform);--awb-caption-title-line-height:var(--h2_typography-line-height);--awb-caption-title-letter-spacing:var(--h2_typography-letter-spacing);\"><span class=\"fusion-imageframe imageframe-none imageframe-2 hover-type-none\"><img decoding=\"async\" width=\"1200\" height=\"736\" alt=\"Masa no congresso nacional sobre hidrog\u00e9nio verde\" title=\"mapa-congresso-massa\" src=\"https:\/\/masagrupo.com\/wp-content\/uploads\/2025\/01\/mapa-congreso-masa-1200x736.jpg\" class=\"img-responsive wp-image-11650\" srcset=\"https:\/\/masagrupo.com\/wp-content\/uploads\/2025\/01\/mapa-congreso-masa-200x123.jpg 200w, https:\/\/masagrupo.com\/wp-content\/uploads\/2025\/01\/mapa-congreso-masa-400x245.jpg 400w, https:\/\/masagrupo.com\/wp-content\/uploads\/2025\/01\/mapa-congreso-masa-600x368.jpg 600w, https:\/\/masagrupo.com\/wp-content\/uploads\/2025\/01\/mapa-congreso-masa-800x490.jpg 800w, https:\/\/masagrupo.com\/wp-content\/uploads\/2025\/01\/mapa-congreso-masa-1200x736.jpg 1200w, https:\/\/masagrupo.com\/wp-content\/uploads\/2025\/01\/mapa-congreso-masa.jpg 1729w\" sizes=\"(max-width: 640px) 100vw, 1200px\" \/><\/span><\/div><div class=\"fusion-text fusion-text-2 awb-text-cols fusion-text-columns-2\" style=\"--awb-columns:2;--awb-column-spacing:2em;--awb-column-min-width:100px;\"><div class=\"tatsu-column tatsu-bg-overlay tatsu-one-half tatsu-column-image-none tatsu-column-effect-none tatsu-BJaVJZS_kl\" data-parallax-speed=\"0\">\n<div class=\"tatsu-column-inner\">\n<div class=\"tatsu-column-pad-wrap\">\n<div class=\"tatsu-column-pad\">\n<div class=\"tatsu-module tatsu-text-block-wrap tatsu-S1rI1-ru1l\">\n<div class=\"tatsu-text-inner tatsu-align-center clearfix\">\n<p>A presen\u00e7a da MASA como patrocinador de prata e expositor sublinha o nosso forte compromisso com a sustentabilidade e a inova\u00e7\u00e3o no sector da energia. O nosso stand servir\u00e1 como espa\u00e7o de encontro para partilhar solu\u00e7\u00f5es e servi\u00e7os que contribuam para o desenvolvimento e implementa\u00e7\u00e3o do hidrog\u00e9nio verde. Al\u00e9m disso, a equipa da MASA participar\u00e1 em actividades de networking e reuni\u00f5es B2B, refor\u00e7ando alian\u00e7as estrat\u00e9gicas que promovam projectos sustent\u00e1veis e eficientes.<\/p>\n<\/div>\n<\/div>\n<\/div>\n<\/div>\n<div class=\"tatsu-column-bg-image-wrap\">\n<div class=\"tatsu-column-bg-image tatsu-bg-lazyload tatsu-bg-lazyloaded\" data-src=\"\"><\/div>\n<\/div>\n<div class=\"tatsu-overlay tatsu-column-overlay tatsu-animate-none\"><\/div>\n<\/div>\n<\/div>\n<div class=\"tatsu-column tatsu-bg-overlay tatsu-one-half tatsu-column-image-none tatsu-column-effect-none tatsu-Byg6E1bSOJx\" data-parallax-speed=\"0\">\n<div class=\"tatsu-column-inner\">\n<div class=\"tatsu-column-pad-wrap\">\n<div class=\"tatsu-column-pad\">\n<div class=\"tatsu-module tatsu-text-block-wrap tatsu-S1sw1-S_1e\">\n<div class=\"tatsu-text-inner tatsu-align-center clearfix\">\n<p>O hidrog\u00e9nio verde \u00e9 uma das ferramentas mais promissoras para avan\u00e7ar para um futuro energ\u00e9tico limpo e sustent\u00e1vel. Na MASA, estamos orgulhosos de fazer parte de um evento desta magnitude e de contribuir com a nossa experi\u00eancia e inova\u00e7\u00e3o para o desenvolvimento de solu\u00e7\u00f5es que beneficiem a sociedade e o planeta.<\/p>\n<\/div>\n<\/div>\n<\/div>\n<\/div>\n<\/div>\n<\/div>\n<\/div><div class=\"fusion-image-element\" style=\"--awb-caption-title-font-family:var(--h2_typography-font-family);--awb-caption-title-font-weight:var(--h2_typography-font-weight);--awb-caption-title-font-style:var(--h2_typography-font-style);--awb-caption-title-size:var(--h2_typography-font-size);--awb-caption-title-transform:var(--h2_typography-text-transform);--awb-caption-title-line-height:var(--h2_typography-line-height);--awb-caption-title-letter-spacing:var(--h2_typography-letter-spacing);\"><span class=\"fusion-imageframe imageframe-none imageframe-3 hover-type-none\"><img decoding=\"async\" width=\"1116\" height=\"554\" alt=\"Masa no congresso nacional sobre hidrog\u00e9nio verde\" title=\"reuni\u00f5es\" src=\"https:\/\/masagrupo.com\/wp-content\/uploads\/2025\/01\/encuentros.jpg\" class=\"img-responsive wp-image-11649\" srcset=\"https:\/\/masagrupo.com\/wp-content\/uploads\/2025\/01\/encuentros-200x99.jpg 200w, https:\/\/masagrupo.com\/wp-content\/uploads\/2025\/01\/encuentros-400x199.jpg 400w, https:\/\/masagrupo.com\/wp-content\/uploads\/2025\/01\/encuentros-600x298.jpg 600w, https:\/\/masagrupo.com\/wp-content\/uploads\/2025\/01\/encuentros-800x397.jpg 800w, https:\/\/masagrupo.com\/wp-content\/uploads\/2025\/01\/encuentros.jpg 1116w\" sizes=\"(max-width: 640px) 100vw, 1116px\" \/><\/span><\/div><div class=\"fusion-text fusion-text-3\"><div class=\"tatsu-column-pad-wrap\">\n<div class=\"tatsu-column-pad\">\n<div class=\"tatsu-module tatsu-text-block-wrap tatsu-HJRhJWBOJg\">\n<div class=\"tatsu-text-inner tatsu-align-center clearfix\">\n<p>O II Congresso Nacional de Hidrog\u00e9nio Verde converteu-se numa refer\u00eancia para profissionais e institui\u00e7\u00f5es comprometidas com a transi\u00e7\u00e3o energ\u00e9tica. No MASA, reafirmamos a nossa dedica\u00e7\u00e3o em liderar projectos que construam um futuro mais limpo e eficiente.<\/p>\n<\/div>\n<\/div>\n<\/div>\n<\/div>\n<\/div><\/div><\/div><\/div><\/div><div class=\"fusion-fullwidth fullwidth-box fusion-builder-row-2 fusion-flex-container has-pattern-background has-mask-background nonhundred-percent-fullwidth non-hundred-percent-height-scrolling\" style=\"--awb-border-radius-top-left:0px;--awb-border-radius-top-right:0px;--awb-border-radius-bottom-right:0px;--awb-border-radius-bottom-left:0px;--awb-flex-wrap:wrap;\" ><div class=\"fusion-builder-row fusion-row fusion-flex-align-items-flex-start fusion-flex-content-wrap\" style=\"max-width:1248px;margin-left: calc(-4% \/ 2 );margin-right: calc(-4% \/ 2 );\"><div class=\"fusion-layout-column fusion_builder_column fusion-builder-column-1 fusion_builder_column_1_2 1_2 fusion-flex-column\" style=\"--awb-bg-size:cover;--awb-width-large:50%;--awb-margin-top-large:0px;--awb-spacing-right-large:3.84%;--awb-margin-bottom-large:20px;--awb-spacing-left-large:3.84%;--awb-width-medium:50%;--awb-order-medium:0;--awb-spacing-right-medium:3.84%;--awb-spacing-left-medium:3.84%;--awb-width-small:100%;--awb-order-small:0;--awb-spacing-right-small:1.92%;--awb-spacing-left-small:1.92%;\"><div class=\"fusion-column-wrapper fusion-column-has-shadow fusion-flex-justify-content-flex-start fusion-content-layout-column\"><div class=\"fusion-image-element\" style=\"--awb-caption-title-font-family:var(--h2_typography-font-family);--awb-caption-title-font-weight:var(--h2_typography-font-weight);--awb-caption-title-font-style:var(--h2_typography-font-style);--awb-caption-title-size:var(--h2_typography-font-size);--awb-caption-title-transform:var(--h2_typography-text-transform);--awb-caption-title-line-height:var(--h2_typography-line-height);--awb-caption-title-letter-spacing:var(--h2_typography-letter-spacing);\"><span class=\"fusion-imageframe imageframe-none imageframe-4 hover-type-none\"><img decoding=\"async\" width=\"1172\" height=\"834\" title=\"congresso\" src=\"https:\/\/masagrupo.com\/wp-content\/uploads\/2025\/01\/congreso.jpg\" alt class=\"img-responsive wp-image-11651\" srcset=\"https:\/\/masagrupo.com\/wp-content\/uploads\/2025\/01\/congreso-200x142.jpg 200w, https:\/\/masagrupo.com\/wp-content\/uploads\/2025\/01\/congreso-400x285.jpg 400w, https:\/\/masagrupo.com\/wp-content\/uploads\/2025\/01\/congreso-600x427.jpg 600w, https:\/\/masagrupo.com\/wp-content\/uploads\/2025\/01\/congreso-800x569.jpg 800w, https:\/\/masagrupo.com\/wp-content\/uploads\/2025\/01\/congreso.jpg 1172w\" sizes=\"(max-width: 640px) 100vw, 600px\" \/><\/span><\/div><\/div><\/div><div class=\"fusion-layout-column fusion_builder_column fusion-builder-column-2 fusion_builder_column_1_2 1_2 fusion-flex-column\" style=\"--awb-bg-size:cover;--awb-width-large:50%;--awb-margin-top-large:0px;--awb-spacing-right-large:3.84%;--awb-margin-bottom-large:20px;--awb-spacing-left-large:3.84%;--awb-width-medium:50%;--awb-order-medium:0;--awb-spacing-right-medium:3.84%;--awb-spacing-left-medium:3.84%;--awb-width-small:100%;--awb-order-small:0;--awb-spacing-right-small:1.92%;--awb-spacing-left-small:1.92%;\"><div class=\"fusion-column-wrapper fusion-column-has-shadow fusion-flex-justify-content-flex-start fusion-content-layout-column\"><div class=\"fusion-text fusion-text-4\"><p>Para mais informa\u00e7\u00f5es sobre as nossas actividades no congresso:<\/p>\n<p><a href=\"https:\/\/congresohidrogenoverde.com\/\" target=\"_blank\" rel=\"noopener\"><strong>https:\/\/congresohidrogenoverde.com\/<\/strong><\/a><\/p>\n<\/div><\/div><\/div><\/div><\/div><\/p>","protected":false},"excerpt":{"rendered":"<p>MASA participar\u00e1, como patrocinador prata, no II Congresso Nacional de Hidrog\u00e9nio Verde, que ter\u00e1 lugar em Huelva de 4 a 6 de fevereiro. Este evento re\u00fane os principais actores do sector energ\u00e9tico num esfor\u00e7o conjunto para promover o desenvolvimento do hidrog\u00e9nio verde como uma das chaves para a transi\u00e7\u00e3o energ\u00e9tica global.<\/p>","protected":false},"author":2,"featured_media":10098,"comment_status":"closed","ping_status":"closed","sticky":false,"template":"","format":"standard","meta":{"footnotes":""},"categories":[91],"tags":[],"class_list":["post-10063","post","type-post","status-publish","format-standard","has-post-thumbnail","hentry","category-noticias"],"yoast_head":"<!-- This site is optimized with the Yoast SEO plugin v27.4 - https:\/\/yoast.com\/product\/yoast-seo-wordpress\/ -->\n<title>MASA estar\u00e1 presente en el II Congreso Nacional de Hidr\u00f3geno Verde en Huelva - Grupo Masa<\/title>\n<meta name=\"robots\" content=\"index, follow, max-snippet:-1, max-image-preview:large, max-video-preview:-1\" \/>\n<link rel=\"canonical\" href=\"https:\/\/masagrupo.com\/pt\/a-masa-estara-presente-no-ii-congresso-nacional-de-hidrogenio-verde-em-huelva\/\" \/>\n<meta property=\"og:locale\" content=\"pt_PT\" \/>\n<meta property=\"og:type\" content=\"article\" \/>\n<meta property=\"og:title\" content=\"MASA estar\u00e1 presente en el II Congreso Nacional de Hidr\u00f3geno Verde en Huelva - Grupo Masa\" \/>\n<meta property=\"og:description\" content=\"MASA participar\u00e1, como patrocinador plata, en el II Congreso Nacional de Hidr\u00f3geno Verde, que se celebrar\u00e1 en Huelva del 4 al 6 de febrero. Este evento re\u00fane a los principales actores del sector energ\u00e9tico en un esfuerzo conjunto por impulsar el desarrollo del hidr\u00f3geno verde como una de las claves de la transici\u00f3n energ\u00e9tica global.\" \/>\n<meta property=\"og:url\" content=\"https:\/\/masagrupo.com\/pt\/a-masa-estara-presente-no-ii-congresso-nacional-de-hidrogenio-verde-em-huelva\/\" \/>\n<meta property=\"og:site_name\" content=\"Grupo Masa\" \/>\n<meta property=\"article:published_time\" content=\"2025-01-27T12:11:52+00:00\" \/>\n<meta property=\"article:modified_time\" content=\"2025-11-14T15:51:54+00:00\" \/>\n<meta property=\"og:image\" content=\"https:\/\/masagrupo.com\/wp-content\/uploads\/2025\/01\/Captura-de-pantalla-2025-01-27-a-las-19.41.12.png\" \/>\n\t<meta property=\"og:image:width\" content=\"1247\" \/>\n\t<meta property=\"og:image:height\" content=\"648\" \/>\n\t<meta property=\"og:image:type\" content=\"image\/png\" \/>\n<meta name=\"author\" content=\"Paloma Ar\u00edn\" \/>\n<meta name=\"twitter:card\" content=\"summary_large_image\" \/>\n<meta name=\"twitter:label1\" content=\"Written by\" \/>\n\t<meta name=\"twitter:data1\" content=\"Paloma Ar\u00edn\" \/>\n\t<meta name=\"twitter:label2\" content=\"Est. reading time\" \/>\n\t<meta name=\"twitter:data2\" content=\"3 minutes\" \/>\n<script type=\"application\/ld+json\" class=\"yoast-schema-graph\">{\"@context\":\"https:\\\/\\\/schema.org\",\"@graph\":[{\"@type\":\"Article\",\"@id\":\"https:\\\/\\\/masagrupo.com\\\/masa-estara-presente-en-el-ii-congreso-nacional-de-hidrogeno-verde-en-huelva\\\/#article\",\"isPartOf\":{\"@id\":\"https:\\\/\\\/masagrupo.com\\\/masa-estara-presente-en-el-ii-congreso-nacional-de-hidrogeno-verde-en-huelva\\\/\"},\"author\":{\"name\":\"Paloma Ar\u00edn\",\"@id\":\"https:\\\/\\\/masagrupo.com\\\/#\\\/schema\\\/person\\\/7067a848d602fff19af4f2172917fae3\"},\"headline\":\"MASA estar\u00e1 presente en el II Congreso Nacional de Hidr\u00f3geno Verde en Huelva\",\"datePublished\":\"2025-01-27T12:11:52+00:00\",\"dateModified\":\"2025-11-14T15:51:54+00:00\",\"mainEntityOfPage\":{\"@id\":\"https:\\\/\\\/masagrupo.com\\\/masa-estara-presente-en-el-ii-congreso-nacional-de-hidrogeno-verde-en-huelva\\\/\"},\"wordCount\":2187,\"image\":{\"@id\":\"https:\\\/\\\/masagrupo.com\\\/masa-estara-presente-en-el-ii-congreso-nacional-de-hidrogeno-verde-en-huelva\\\/#primaryimage\"},\"thumbnailUrl\":\"https:\\\/\\\/masagrupo.com\\\/wp-content\\\/uploads\\\/2025\\\/01\\\/Captura-de-pantalla-2025-01-27-a-las-19.41.12.png\",\"articleSection\":[\"NOTICIAS\"],\"inLanguage\":\"pt-PT\"},{\"@type\":\"WebPage\",\"@id\":\"https:\\\/\\\/masagrupo.com\\\/masa-estara-presente-en-el-ii-congreso-nacional-de-hidrogeno-verde-en-huelva\\\/\",\"url\":\"https:\\\/\\\/masagrupo.com\\\/masa-estara-presente-en-el-ii-congreso-nacional-de-hidrogeno-verde-en-huelva\\\/\",\"name\":\"MASA estar\u00e1 presente en el II Congreso Nacional de Hidr\u00f3geno Verde en Huelva - Grupo Masa\",\"isPartOf\":{\"@id\":\"https:\\\/\\\/masagrupo.com\\\/#website\"},\"primaryImageOfPage\":{\"@id\":\"https:\\\/\\\/masagrupo.com\\\/masa-estara-presente-en-el-ii-congreso-nacional-de-hidrogeno-verde-en-huelva\\\/#primaryimage\"},\"image\":{\"@id\":\"https:\\\/\\\/masagrupo.com\\\/masa-estara-presente-en-el-ii-congreso-nacional-de-hidrogeno-verde-en-huelva\\\/#primaryimage\"},\"thumbnailUrl\":\"https:\\\/\\\/masagrupo.com\\\/wp-content\\\/uploads\\\/2025\\\/01\\\/Captura-de-pantalla-2025-01-27-a-las-19.41.12.png\",\"datePublished\":\"2025-01-27T12:11:52+00:00\",\"dateModified\":\"2025-11-14T15:51:54+00:00\",\"author\":{\"@id\":\"https:\\\/\\\/masagrupo.com\\\/#\\\/schema\\\/person\\\/7067a848d602fff19af4f2172917fae3\"},\"breadcrumb\":{\"@id\":\"https:\\\/\\\/masagrupo.com\\\/masa-estara-presente-en-el-ii-congreso-nacional-de-hidrogeno-verde-en-huelva\\\/#breadcrumb\"},\"inLanguage\":\"pt-PT\",\"potentialAction\":[{\"@type\":\"ReadAction\",\"target\":[\"https:\\\/\\\/masagrupo.com\\\/masa-estara-presente-en-el-ii-congreso-nacional-de-hidrogeno-verde-en-huelva\\\/\"]}]},{\"@type\":\"ImageObject\",\"inLanguage\":\"pt-PT\",\"@id\":\"https:\\\/\\\/masagrupo.com\\\/masa-estara-presente-en-el-ii-congreso-nacional-de-hidrogeno-verde-en-huelva\\\/#primaryimage\",\"url\":\"https:\\\/\\\/masagrupo.com\\\/wp-content\\\/uploads\\\/2025\\\/01\\\/Captura-de-pantalla-2025-01-27-a-las-19.41.12.png\",\"contentUrl\":\"https:\\\/\\\/masagrupo.com\\\/wp-content\\\/uploads\\\/2025\\\/01\\\/Captura-de-pantalla-2025-01-27-a-las-19.41.12.png\",\"width\":1247,\"height\":648},{\"@type\":\"BreadcrumbList\",\"@id\":\"https:\\\/\\\/masagrupo.com\\\/masa-estara-presente-en-el-ii-congreso-nacional-de-hidrogeno-verde-en-huelva\\\/#breadcrumb\",\"itemListElement\":[{\"@type\":\"ListItem\",\"position\":1,\"name\":\"Portada\",\"item\":\"https:\\\/\\\/masagrupo.com\\\/\"},{\"@type\":\"ListItem\",\"position\":2,\"name\":\"MASA estar\u00e1 presente en el II Congreso Nacional de Hidr\u00f3geno Verde en Huelva\"}]},{\"@type\":\"WebSite\",\"@id\":\"https:\\\/\\\/masagrupo.com\\\/#website\",\"url\":\"https:\\\/\\\/masagrupo.com\\\/\",\"name\":\"Grupo Masa\",\"description\":\"MASA es una empresa del Grupo ACS\",\"potentialAction\":[{\"@type\":\"SearchAction\",\"target\":{\"@type\":\"EntryPoint\",\"urlTemplate\":\"https:\\\/\\\/masagrupo.com\\\/?s={search_term_string}\"},\"query-input\":{\"@type\":\"PropertyValueSpecification\",\"valueRequired\":true,\"valueName\":\"search_term_string\"}}],\"inLanguage\":\"pt-PT\"},{\"@type\":\"Person\",\"@id\":\"https:\\\/\\\/masagrupo.com\\\/#\\\/schema\\\/person\\\/7067a848d602fff19af4f2172917fae3\",\"name\":\"Paloma Ar\u00edn\",\"image\":{\"@type\":\"ImageObject\",\"inLanguage\":\"pt-PT\",\"@id\":\"https:\\\/\\\/secure.gravatar.com\\\/avatar\\\/d707daeb8561bd35e0b9c01b797023daef352b68a03c8c613fe9cf9f178aa597?s=96&d=mm&r=g\",\"url\":\"https:\\\/\\\/secure.gravatar.com\\\/avatar\\\/d707daeb8561bd35e0b9c01b797023daef352b68a03c8c613fe9cf9f178aa597?s=96&d=mm&r=g\",\"contentUrl\":\"https:\\\/\\\/secure.gravatar.com\\\/avatar\\\/d707daeb8561bd35e0b9c01b797023daef352b68a03c8c613fe9cf9f178aa597?s=96&d=mm&r=g\",\"caption\":\"Paloma Ar\u00edn\"},\"url\":\"https:\\\/\\\/masagrupo.com\\\/pt\\\/author\\\/paloma-arin\\\/\"}]}<\/script>\n<!-- \/ Yoast SEO plugin. -->","yoast_head_json":{"title":"MASA estar\u00e1 presente no II Congresso Nacional de Hidrog\u00e9nio Verde em Huelva - Grupo Masa","robots":{"index":"index","follow":"follow","max-snippet":"max-snippet:-1","max-image-preview":"max-image-preview:large","max-video-preview":"max-video-preview:-1"},"canonical":"https:\/\/masagrupo.com\/pt\/a-masa-estara-presente-no-ii-congresso-nacional-de-hidrogenio-verde-em-huelva\/","og_locale":"pt_PT","og_type":"article","og_title":"MASA estar\u00e1 presente en el II Congreso Nacional de Hidr\u00f3geno Verde en Huelva - Grupo Masa","og_description":"MASA participar\u00e1, como patrocinador plata, en el II Congreso Nacional de Hidr\u00f3geno Verde, que se celebrar\u00e1 en Huelva del 4 al 6 de febrero. Este evento re\u00fane a los principales actores del sector energ\u00e9tico en un esfuerzo conjunto por impulsar el desarrollo del hidr\u00f3geno verde como una de las claves de la transici\u00f3n energ\u00e9tica global.","og_url":"https:\/\/masagrupo.com\/pt\/a-masa-estara-presente-no-ii-congresso-nacional-de-hidrogenio-verde-em-huelva\/","og_site_name":"Grupo Masa","article_published_time":"2025-01-27T12:11:52+00:00","article_modified_time":"2025-11-14T15:51:54+00:00","og_image":[{"width":1247,"height":648,"url":"https:\/\/masagrupo.com\/wp-content\/uploads\/2025\/01\/Captura-de-pantalla-2025-01-27-a-las-19.41.12.png","type":"image\/png"}],"author":"Paloma Ar\u00edn","twitter_card":"summary_large_image","twitter_misc":{"Written by":"Paloma Ar\u00edn","Est. reading time":"3 minutes"},"schema":{"@context":"https:\/\/schema.org","@graph":[{"@type":"Article","@id":"https:\/\/masagrupo.com\/masa-estara-presente-en-el-ii-congreso-nacional-de-hidrogeno-verde-en-huelva\/#article","isPartOf":{"@id":"https:\/\/masagrupo.com\/masa-estara-presente-en-el-ii-congreso-nacional-de-hidrogeno-verde-en-huelva\/"},"author":{"name":"Paloma Ar\u00edn","@id":"https:\/\/masagrupo.com\/#\/schema\/person\/7067a848d602fff19af4f2172917fae3"},"headline":"MASA estar\u00e1 presente en el II Congreso Nacional de Hidr\u00f3geno Verde en Huelva","datePublished":"2025-01-27T12:11:52+00:00","dateModified":"2025-11-14T15:51:54+00:00","mainEntityOfPage":{"@id":"https:\/\/masagrupo.com\/masa-estara-presente-en-el-ii-congreso-nacional-de-hidrogeno-verde-en-huelva\/"},"wordCount":2187,"image":{"@id":"https:\/\/masagrupo.com\/masa-estara-presente-en-el-ii-congreso-nacional-de-hidrogeno-verde-en-huelva\/#primaryimage"},"thumbnailUrl":"https:\/\/masagrupo.com\/wp-content\/uploads\/2025\/01\/Captura-de-pantalla-2025-01-27-a-las-19.41.12.png","articleSection":["NOTICIAS"],"inLanguage":"pt-PT"},{"@type":"WebPage","@id":"https:\/\/masagrupo.com\/masa-estara-presente-en-el-ii-congreso-nacional-de-hidrogeno-verde-en-huelva\/","url":"https:\/\/masagrupo.com\/masa-estara-presente-en-el-ii-congreso-nacional-de-hidrogeno-verde-en-huelva\/","name":"MASA estar\u00e1 presente no II Congresso Nacional de Hidrog\u00e9nio Verde em Huelva - Grupo Masa","isPartOf":{"@id":"https:\/\/masagrupo.com\/#website"},"primaryImageOfPage":{"@id":"https:\/\/masagrupo.com\/masa-estara-presente-en-el-ii-congreso-nacional-de-hidrogeno-verde-en-huelva\/#primaryimage"},"image":{"@id":"https:\/\/masagrupo.com\/masa-estara-presente-en-el-ii-congreso-nacional-de-hidrogeno-verde-en-huelva\/#primaryimage"},"thumbnailUrl":"https:\/\/masagrupo.com\/wp-content\/uploads\/2025\/01\/Captura-de-pantalla-2025-01-27-a-las-19.41.12.png","datePublished":"2025-01-27T12:11:52+00:00","dateModified":"2025-11-14T15:51:54+00:00","author":{"@id":"https:\/\/masagrupo.com\/#\/schema\/person\/7067a848d602fff19af4f2172917fae3"},"breadcrumb":{"@id":"https:\/\/masagrupo.com\/masa-estara-presente-en-el-ii-congreso-nacional-de-hidrogeno-verde-en-huelva\/#breadcrumb"},"inLanguage":"pt-PT","potentialAction":[{"@type":"ReadAction","target":["https:\/\/masagrupo.com\/masa-estara-presente-en-el-ii-congreso-nacional-de-hidrogeno-verde-en-huelva\/"]}]},{"@type":"ImageObject","inLanguage":"pt-PT","@id":"https:\/\/masagrupo.com\/masa-estara-presente-en-el-ii-congreso-nacional-de-hidrogeno-verde-en-huelva\/#primaryimage","url":"https:\/\/masagrupo.com\/wp-content\/uploads\/2025\/01\/Captura-de-pantalla-2025-01-27-a-las-19.41.12.png","contentUrl":"https:\/\/masagrupo.com\/wp-content\/uploads\/2025\/01\/Captura-de-pantalla-2025-01-27-a-las-19.41.12.png","width":1247,"height":648},{"@type":"BreadcrumbList","@id":"https:\/\/masagrupo.com\/masa-estara-presente-en-el-ii-congreso-nacional-de-hidrogeno-verde-en-huelva\/#breadcrumb","itemListElement":[{"@type":"ListItem","position":1,"name":"Portada","item":"https:\/\/masagrupo.com\/"},{"@type":"ListItem","position":2,"name":"MASA estar\u00e1 presente en el II Congreso Nacional de Hidr\u00f3geno Verde en Huelva"}]},{"@type":"WebSite","@id":"https:\/\/masagrupo.com\/#website","url":"https:\/\/masagrupo.com\/","name":"Grupo Masa","description":"A MASA \u00e9 uma empresa do Grupo ACS","potentialAction":[{"@type":"SearchAction","target":{"@type":"EntryPoint","urlTemplate":"https:\/\/masagrupo.com\/?s={search_term_string}"},"query-input":{"@type":"PropertyValueSpecification","valueRequired":true,"valueName":"search_term_string"}}],"inLanguage":"pt-PT"},{"@type":"Person","@id":"https:\/\/masagrupo.com\/#\/schema\/person\/7067a848d602fff19af4f2172917fae3","name":"Paloma Ar\u00edn","image":{"@type":"ImageObject","inLanguage":"pt-PT","@id":"https:\/\/secure.gravatar.com\/avatar\/d707daeb8561bd35e0b9c01b797023daef352b68a03c8c613fe9cf9f178aa597?s=96&d=mm&r=g","url":"https:\/\/secure.gravatar.com\/avatar\/d707daeb8561bd35e0b9c01b797023daef352b68a03c8c613fe9cf9f178aa597?s=96&d=mm&r=g","contentUrl":"https:\/\/secure.gravatar.com\/avatar\/d707daeb8561bd35e0b9c01b797023daef352b68a03c8c613fe9cf9f178aa597?s=96&d=mm&r=g","caption":"Paloma Ar\u00edn"},"url":"https:\/\/masagrupo.com\/pt\/author\/paloma-arin\/"}]}},"_links":{"self":[{"href":"https:\/\/masagrupo.com\/pt\/wp-json\/wp\/v2\/posts\/10063","targetHints":{"allow":["GET"]}}],"collection":[{"href":"https:\/\/masagrupo.com\/pt\/wp-json\/wp\/v2\/posts"}],"about":[{"href":"https:\/\/masagrupo.com\/pt\/wp-json\/wp\/v2\/types\/post"}],"author":[{"embeddable":true,"href":"https:\/\/masagrupo.com\/pt\/wp-json\/wp\/v2\/users\/2"}],"replies":[{"embeddable":true,"href":"https:\/\/masagrupo.com\/pt\/wp-json\/wp\/v2\/comments?post=10063"}],"version-history":[{"count":30,"href":"https:\/\/masagrupo.com\/pt\/wp-json\/wp\/v2\/posts\/10063\/revisions"}],"predecessor-version":[{"id":11690,"href":"https:\/\/masagrupo.com\/pt\/wp-json\/wp\/v2\/posts\/10063\/revisions\/11690"}],"wp:featuredmedia":[{"embeddable":true,"href":"https:\/\/masagrupo.com\/pt\/wp-json\/wp\/v2\/media\/10098"}],"wp:attachment":[{"href":"https:\/\/masagrupo.com\/pt\/wp-json\/wp\/v2\/media?parent=10063"}],"wp:term":[{"taxonomy":"category","embeddable":true,"href":"https:\/\/masagrupo.com\/pt\/wp-json\/wp\/v2\/categories?post=10063"},{"taxonomy":"post_tag","embeddable":true,"href":"https:\/\/masagrupo.com\/pt\/wp-json\/wp\/v2\/tags?post=10063"}],"curies":[{"name":"wp","href":"https:\/\/api.w.org\/{rel}","templated":true}]}}