{"id":9942,"date":"2024-11-08T14:23:52","date_gmt":"2024-11-08T13:23:52","guid":{"rendered":"http:\/\/masagrupo.com\/?p=9942"},"modified":"2025-11-14T16:31:38","modified_gmt":"2025-11-14T15:31:38","slug":"lequipe-de-masse-se-mobilise-pour-soutenir-les-victimes-de-danah-5","status":"publish","type":"post","link":"https:\/\/masagrupo.com\/fr\/un-equipo-de-masa-se-moviliza-para-apoyar-a-los-afectados-por-la-dana-5\/","title":{"rendered":"L'\u00e9quipe de MASA se mobilise pour soutenir les personnes touch\u00e9es par la DANA"},"content":{"rendered":"<p><div class=\"fusion-fullwidth fullwidth-box fusion-builder-row-1 fusion-flex-container has-pattern-background has-mask-background nonhundred-percent-fullwidth non-hundred-percent-height-scrolling\" style=\"--awb-border-radius-top-left:0px;--awb-border-radius-top-right:0px;--awb-border-radius-bottom-right:0px;--awb-border-radius-bottom-left:0px;--awb-flex-wrap:wrap;\" ><div class=\"fusion-builder-row fusion-row fusion-flex-align-items-center fusion-flex-content-wrap\" style=\"max-width:1248px;margin-left: calc(-4% \/ 2 );margin-right: calc(-4% \/ 2 );\"><div class=\"fusion-layout-column fusion_builder_column fusion-builder-column-0 fusion_builder_column_1_2 1_2 fusion-flex-column\" style=\"--awb-bg-size:cover;--awb-width-large:50%;--awb-margin-top-large:0px;--awb-spacing-right-large:3.84%;--awb-margin-bottom-large:20px;--awb-spacing-left-large:3.84%;--awb-width-medium:50%;--awb-order-medium:0;--awb-spacing-right-medium:3.84%;--awb-spacing-left-medium:3.84%;--awb-width-small:100%;--awb-order-small:0;--awb-spacing-right-small:1.92%;--awb-spacing-left-small:1.92%;\"><div class=\"fusion-column-wrapper fusion-column-has-shadow fusion-flex-justify-content-flex-start fusion-content-layout-column\"><div class=\"fusion-text fusion-text-1\"><p>En r\u00e9ponse aux cons\u00e9quences d\u00e9vastatrices de la r\u00e9cente DANA qui a frapp\u00e9 la province de Valence, une \u00e9quipe de MASA aide les communaut\u00e9s les plus touch\u00e9es, en se concentrant sur la ville d'Albal.<\/p>\n<p>Avec les outils et l'\u00e9quipement fournis par l'entreprise, ces professionnels travaillent sans rel\u00e2che au nettoyage, \u00e0 la r\u00e9paration et au soutien logistique dans les zones les plus touch\u00e9es :<\/p>\n<\/div><\/div><\/div><div class=\"fusion-layout-column fusion_builder_column fusion-builder-column-1 fusion_builder_column_1_2 1_2 fusion-flex-column\" style=\"--awb-bg-size:cover;--awb-width-large:50%;--awb-margin-top-large:0px;--awb-spacing-right-large:3.84%;--awb-margin-bottom-large:20px;--awb-spacing-left-large:3.84%;--awb-width-medium:50%;--awb-order-medium:0;--awb-spacing-right-medium:3.84%;--awb-spacing-left-medium:3.84%;--awb-width-small:100%;--awb-order-small:0;--awb-spacing-right-small:1.92%;--awb-spacing-left-small:1.92%;\"><div class=\"fusion-column-wrapper fusion-column-has-shadow fusion-flex-justify-content-flex-start fusion-content-layout-column\"><div class=\"fusion-image-element\" style=\"--awb-caption-title-font-family:var(--h2_typography-font-family);--awb-caption-title-font-weight:var(--h2_typography-font-weight);--awb-caption-title-font-style:var(--h2_typography-font-style);--awb-caption-title-size:var(--h2_typography-font-size);--awb-caption-title-transform:var(--h2_typography-text-transform);--awb-caption-title-line-height:var(--h2_typography-line-height);--awb-caption-title-letter-spacing:var(--h2_typography-letter-spacing);\"><span class=\"fusion-imageframe imageframe-none imageframe-1 hover-type-none\"><img decoding=\"async\" width=\"1200\" height=\"675\" alt=\"Grupo Masa aide les personnes touch\u00e9es par la catastrophe de Dana\" title=\"dana affect\u00e9 en masse\" src=\"https:\/\/masagrupo.com\/wp-content\/uploads\/2024\/11\/masa-afectados-dana-1200x675.jpg\" class=\"img-responsive wp-image-11667\" srcset=\"https:\/\/masagrupo.com\/wp-content\/uploads\/2024\/11\/masa-afectados-dana-200x113.jpg 200w, https:\/\/masagrupo.com\/wp-content\/uploads\/2024\/11\/masa-afectados-dana-400x225.jpg 400w, https:\/\/masagrupo.com\/wp-content\/uploads\/2024\/11\/masa-afectados-dana-600x338.jpg 600w, https:\/\/masagrupo.com\/wp-content\/uploads\/2024\/11\/masa-afectados-dana-800x450.jpg 800w, https:\/\/masagrupo.com\/wp-content\/uploads\/2024\/11\/masa-afectados-dana-1200x675.jpg 1200w\" sizes=\"(max-width: 640px) 100vw, 600px\" \/><\/span><\/div><div class=\"fusion-text fusion-text-2\" style=\"--awb-font-size:0.8em;\"><p>Les employ\u00e9s volontaires apportent leur aide dans les zones les plus touch\u00e9es de Valence<\/p>\n<\/div><\/div><\/div><\/div><\/div><div class=\"fusion-fullwidth fullwidth-box fusion-builder-row-2 fusion-flex-container has-pattern-background has-mask-background nonhundred-percent-fullwidth non-hundred-percent-height-scrolling\" style=\"--awb-border-radius-top-left:0px;--awb-border-radius-top-right:0px;--awb-border-radius-bottom-right:0px;--awb-border-radius-bottom-left:0px;--awb-flex-wrap:wrap;\" ><div class=\"fusion-builder-row fusion-row fusion-flex-align-items-flex-start fusion-flex-content-wrap\" style=\"max-width:1248px;margin-left: calc(-4% \/ 2 );margin-right: calc(-4% \/ 2 );\"><div class=\"fusion-layout-column fusion_builder_column fusion-builder-column-2 fusion_builder_column_1_1 1_1 fusion-flex-column\" style=\"--awb-bg-size:cover;--awb-width-large:100%;--awb-margin-top-large:0px;--awb-spacing-right-large:1.92%;--awb-margin-bottom-large:20px;--awb-spacing-left-large:1.92%;--awb-width-medium:100%;--awb-order-medium:0;--awb-spacing-right-medium:1.92%;--awb-spacing-left-medium:1.92%;--awb-width-small:100%;--awb-order-small:0;--awb-spacing-right-small:1.92%;--awb-spacing-left-small:1.92%;\"><div class=\"fusion-column-wrapper fusion-column-has-shadow fusion-flex-justify-content-flex-start fusion-content-layout-column\"><div class=\"fusion-text fusion-text-3\"><p>\u00abIl est essentiel de contribuer et de soutenir nos voisins en ces temps difficiles, nous avons l'exp\u00e9rience et les ressources, il est de notre devoir de les mettre au service de la communaut\u00e9\u00bb.<\/p>\n<p>En outre, MASA a fait don d'un large \u00e9ventail de mat\u00e9riaux et d'outils afin que les voisins puissent collaborer aux travaux de nettoyage et de r\u00e9cup\u00e9ration de mani\u00e8re plus s\u00fbre, en fournissant des masques, des seaux, des combinaisons, des bottes, des pelles, des gants et d'autres articles essentiels, facilitant ainsi la participation de la communaut\u00e9 \u00e0 la restauration des zones endommag\u00e9es.<\/p>\n<\/div><\/div><\/div><div class=\"fusion-layout-column fusion_builder_column fusion-builder-column-3 fusion_builder_column_1_2 1_2 fusion-flex-column\" style=\"--awb-bg-size:cover;--awb-width-large:50%;--awb-margin-top-large:0px;--awb-spacing-right-large:3.84%;--awb-margin-bottom-large:20px;--awb-spacing-left-large:3.84%;--awb-width-medium:50%;--awb-order-medium:0;--awb-spacing-right-medium:3.84%;--awb-spacing-left-medium:3.84%;--awb-width-small:100%;--awb-order-small:0;--awb-spacing-right-small:1.92%;--awb-spacing-left-small:1.92%;\"><div class=\"fusion-column-wrapper fusion-column-has-shadow fusion-flex-justify-content-flex-start fusion-content-layout-column\"><div class=\"fusion-image-element\" style=\"--awb-caption-title-font-family:var(--h2_typography-font-family);--awb-caption-title-font-weight:var(--h2_typography-font-weight);--awb-caption-title-font-style:var(--h2_typography-font-style);--awb-caption-title-size:var(--h2_typography-font-size);--awb-caption-title-transform:var(--h2_typography-text-transform);--awb-caption-title-line-height:var(--h2_typography-line-height);--awb-caption-title-letter-spacing:var(--h2_typography-letter-spacing);\"><span class=\"fusion-imageframe imageframe-none imageframe-2 hover-type-none\"><img decoding=\"async\" width=\"1200\" height=\"900\" title=\"masse-affect\u00e9e-dana2\" src=\"https:\/\/masagrupo.com\/wp-content\/uploads\/2024\/11\/masa-afectados-dana2-1200x900.jpg\" alt class=\"img-responsive wp-image-11664\" srcset=\"https:\/\/masagrupo.com\/wp-content\/uploads\/2024\/11\/masa-afectados-dana2-200x150.jpg 200w, https:\/\/masagrupo.com\/wp-content\/uploads\/2024\/11\/masa-afectados-dana2-400x300.jpg 400w, https:\/\/masagrupo.com\/wp-content\/uploads\/2024\/11\/masa-afectados-dana2-600x450.jpg 600w, https:\/\/masagrupo.com\/wp-content\/uploads\/2024\/11\/masa-afectados-dana2-800x600.jpg 800w, https:\/\/masagrupo.com\/wp-content\/uploads\/2024\/11\/masa-afectados-dana2-1200x900.jpg 1200w\" sizes=\"(max-width: 640px) 100vw, 600px\" \/><\/span><\/div><\/div><\/div><div class=\"fusion-layout-column fusion_builder_column fusion-builder-column-4 fusion_builder_column_1_2 1_2 fusion-flex-column\" style=\"--awb-bg-size:cover;--awb-width-large:50%;--awb-margin-top-large:0px;--awb-spacing-right-large:3.84%;--awb-margin-bottom-large:20px;--awb-spacing-left-large:3.84%;--awb-width-medium:50%;--awb-order-medium:0;--awb-spacing-right-medium:3.84%;--awb-spacing-left-medium:3.84%;--awb-width-small:100%;--awb-order-small:0;--awb-spacing-right-small:1.92%;--awb-spacing-left-small:1.92%;\"><div class=\"fusion-column-wrapper fusion-column-has-shadow fusion-flex-justify-content-flex-start fusion-content-layout-column\"><div class=\"fusion-image-element\" style=\"--awb-caption-title-font-family:var(--h2_typography-font-family);--awb-caption-title-font-weight:var(--h2_typography-font-weight);--awb-caption-title-font-style:var(--h2_typography-font-style);--awb-caption-title-size:var(--h2_typography-font-size);--awb-caption-title-transform:var(--h2_typography-text-transform);--awb-caption-title-line-height:var(--h2_typography-line-height);--awb-caption-title-letter-spacing:var(--h2_typography-letter-spacing);\"><span class=\"fusion-imageframe imageframe-none imageframe-3 hover-type-none\"><img decoding=\"async\" width=\"1200\" height=\"900\" title=\"masse-affect\u00e9e-dana3\" src=\"https:\/\/masagrupo.com\/wp-content\/uploads\/2024\/11\/masa-afectados-dana3-1200x900.jpg\" alt class=\"img-responsive wp-image-11666\" srcset=\"https:\/\/masagrupo.com\/wp-content\/uploads\/2024\/11\/masa-afectados-dana3-200x150.jpg 200w, https:\/\/masagrupo.com\/wp-content\/uploads\/2024\/11\/masa-afectados-dana3-400x300.jpg 400w, https:\/\/masagrupo.com\/wp-content\/uploads\/2024\/11\/masa-afectados-dana3-600x450.jpg 600w, https:\/\/masagrupo.com\/wp-content\/uploads\/2024\/11\/masa-afectados-dana3-800x600.jpg 800w, https:\/\/masagrupo.com\/wp-content\/uploads\/2024\/11\/masa-afectados-dana3-1200x900.jpg 1200w\" sizes=\"(max-width: 640px) 100vw, 600px\" \/><\/span><\/div><\/div><\/div><div class=\"fusion-layout-column fusion_builder_column fusion-builder-column-5 fusion_builder_column_1_1 1_1 fusion-flex-column\" style=\"--awb-bg-size:cover;--awb-width-large:100%;--awb-margin-top-large:0px;--awb-spacing-right-large:1.92%;--awb-margin-bottom-large:20px;--awb-spacing-left-large:1.92%;--awb-width-medium:100%;--awb-order-medium:0;--awb-spacing-right-medium:1.92%;--awb-spacing-left-medium:1.92%;--awb-width-small:100%;--awb-order-small:0;--awb-spacing-right-small:1.92%;--awb-spacing-left-small:1.92%;\"><div class=\"fusion-column-wrapper fusion-column-has-shadow fusion-flex-justify-content-flex-start fusion-content-layout-column\"><div class=\"fusion-text fusion-text-4\"><p>La direction de MASA a exprim\u00e9 sa profonde reconnaissance pour l'initiative et l'engagement de son \u00e9quipe. La solidarit\u00e9 et l'esprit de collaboration dont ils ont fait preuve refl\u00e8tent les valeurs essentielles des personnes qui composent notre entreprise.<\/p>\n<p>Ce geste s'ajoute aux nombreux efforts des citoyens et des organisations qui travaillent ensemble pour att\u00e9nuer les effets de la DANA dans la r\u00e9gion.<\/p>\n<\/div><div class=\"fusion-image-element\" style=\"--awb-caption-title-font-family:var(--h2_typography-font-family);--awb-caption-title-font-weight:var(--h2_typography-font-weight);--awb-caption-title-font-style:var(--h2_typography-font-style);--awb-caption-title-size:var(--h2_typography-font-size);--awb-caption-title-transform:var(--h2_typography-text-transform);--awb-caption-title-line-height:var(--h2_typography-line-height);--awb-caption-title-letter-spacing:var(--h2_typography-letter-spacing);\"><span class=\"fusion-imageframe imageframe-none imageframe-4 hover-type-none\"><img decoding=\"async\" width=\"1200\" height=\"684\" title=\"masse-affect\u00e9e-dana4\" src=\"https:\/\/masagrupo.com\/wp-content\/uploads\/2024\/11\/masa-afectados-dana4-1200x684.jpg\" alt class=\"img-responsive wp-image-11665\" srcset=\"https:\/\/masagrupo.com\/wp-content\/uploads\/2024\/11\/masa-afectados-dana4-200x114.jpg 200w, https:\/\/masagrupo.com\/wp-content\/uploads\/2024\/11\/masa-afectados-dana4-400x228.jpg 400w, https:\/\/masagrupo.com\/wp-content\/uploads\/2024\/11\/masa-afectados-dana4-600x342.jpg 600w, https:\/\/masagrupo.com\/wp-content\/uploads\/2024\/11\/masa-afectados-dana4-800x456.jpg 800w, https:\/\/masagrupo.com\/wp-content\/uploads\/2024\/11\/masa-afectados-dana4-1200x684.jpg 1200w, https:\/\/masagrupo.com\/wp-content\/uploads\/2024\/11\/masa-afectados-dana4.jpg 1602w\" sizes=\"(max-width: 640px) 100vw, 1200px\" \/><\/span><\/div><div class=\"fusion-text fusion-text-5\" style=\"--awb-font-size:0.8em;\"><div class=\"tatsu-column-pad-wrap\">\n<div class=\"tatsu-column-pad\">\n<div class=\"tatsu-module tatsu-text-block-wrap tatsu-HySOz5sbJg\">\n<div class=\"tatsu-text-inner tatsu-align-center clearfix\">\n<p>MASA r\u00e9affirme son engagement envers la communaut\u00e9 et continuera \u00e0 soutenir le travail de r\u00e9cup\u00e9ration et de reconstruction dans les zones les plus touch\u00e9es.<\/p>\n<\/div>\n<\/div>\n<\/div>\n<\/div>\n<\/div><\/div><\/div><\/div><\/div><\/p>","protected":false},"excerpt":{"rendered":"<p>Les volontaires apportent leur aide dans les zones les plus touch\u00e9es de Valence<\/p>","protected":false},"author":2,"featured_media":9892,"comment_status":"closed","ping_status":"closed","sticky":false,"template":"","format":"standard","meta":{"footnotes":""},"categories":[1],"tags":[],"class_list":["post-9942","post","type-post","status-publish","format-standard","has-post-thumbnail","hentry","category-digitalizacion-del-mantenimiento"],"yoast_head":"<!-- This site is optimized with the Yoast SEO plugin v27.4 - https:\/\/yoast.com\/product\/yoast-seo-wordpress\/ -->\n<title>Un equipo de MASA se moviliza para apoyar a los afectados por la DANA - Grupo Masa<\/title>\n<meta name=\"robots\" content=\"index, follow, max-snippet:-1, max-image-preview:large, max-video-preview:-1\" \/>\n<link rel=\"canonical\" href=\"https:\/\/masagrupo.com\/fr\/lequipe-de-masse-se-mobilise-pour-soutenir-les-victimes-de-danah-5\/\" \/>\n<meta property=\"og:locale\" content=\"fr_FR\" \/>\n<meta property=\"og:type\" content=\"article\" \/>\n<meta property=\"og:title\" content=\"Un equipo de MASA se moviliza para apoyar a los afectados por la DANA - Grupo Masa\" \/>\n<meta property=\"og:description\" content=\"Empleados voluntarios brindan asistencia en las zonas m\u00e1s afectadas de Valencia\" \/>\n<meta property=\"og:url\" content=\"https:\/\/masagrupo.com\/fr\/lequipe-de-masse-se-mobilise-pour-soutenir-les-victimes-de-danah-5\/\" \/>\n<meta property=\"og:site_name\" content=\"Grupo Masa\" \/>\n<meta property=\"article:published_time\" content=\"2024-11-08T13:23:52+00:00\" \/>\n<meta property=\"article:modified_time\" content=\"2025-11-14T15:31:38+00:00\" \/>\n<meta property=\"og:image\" content=\"https:\/\/masagrupo.com\/wp-content\/uploads\/2024\/11\/2024-11-06-20.46.39.jpg\" \/>\n\t<meta property=\"og:image:width\" content=\"2000\" \/>\n\t<meta property=\"og:image:height\" content=\"1500\" \/>\n\t<meta property=\"og:image:type\" content=\"image\/jpeg\" \/>\n<meta name=\"author\" content=\"Paloma Ar\u00edn\" \/>\n<meta name=\"twitter:card\" content=\"summary_large_image\" \/>\n<meta name=\"twitter:label1\" content=\"Written by\" \/>\n\t<meta name=\"twitter:data1\" content=\"Paloma Ar\u00edn\" \/>\n\t<meta name=\"twitter:label2\" content=\"Est. reading time\" \/>\n\t<meta name=\"twitter:data2\" content=\"2 minutes\" \/>\n<script type=\"application\/ld+json\" class=\"yoast-schema-graph\">{\"@context\":\"https:\\\/\\\/schema.org\",\"@graph\":[{\"@type\":\"Article\",\"@id\":\"https:\\\/\\\/masagrupo.com\\\/un-equipo-de-masa-se-moviliza-para-apoyar-a-los-afectados-por-la-dana-5\\\/#article\",\"isPartOf\":{\"@id\":\"https:\\\/\\\/masagrupo.com\\\/un-equipo-de-masa-se-moviliza-para-apoyar-a-los-afectados-por-la-dana-5\\\/\"},\"author\":{\"name\":\"Paloma Ar\u00edn\",\"@id\":\"https:\\\/\\\/masagrupo.com\\\/#\\\/schema\\\/person\\\/7067a848d602fff19af4f2172917fae3\"},\"headline\":\"Un equipo de MASA se moviliza para apoyar a los afectados por la DANA\",\"datePublished\":\"2024-11-08T13:23:52+00:00\",\"dateModified\":\"2025-11-14T15:31:38+00:00\",\"mainEntityOfPage\":{\"@id\":\"https:\\\/\\\/masagrupo.com\\\/un-equipo-de-masa-se-moviliza-para-apoyar-a-los-afectados-por-la-dana-5\\\/\"},\"wordCount\":2937,\"image\":{\"@id\":\"https:\\\/\\\/masagrupo.com\\\/un-equipo-de-masa-se-moviliza-para-apoyar-a-los-afectados-por-la-dana-5\\\/#primaryimage\"},\"thumbnailUrl\":\"https:\\\/\\\/masagrupo.com\\\/wp-content\\\/uploads\\\/2024\\\/11\\\/2024-11-06-20.46.39.jpg\",\"articleSection\":[\"Digitalizaci\u00f3n del Mantenimiento\"],\"inLanguage\":\"fr-FR\"},{\"@type\":\"WebPage\",\"@id\":\"https:\\\/\\\/masagrupo.com\\\/un-equipo-de-masa-se-moviliza-para-apoyar-a-los-afectados-por-la-dana-5\\\/\",\"url\":\"https:\\\/\\\/masagrupo.com\\\/un-equipo-de-masa-se-moviliza-para-apoyar-a-los-afectados-por-la-dana-5\\\/\",\"name\":\"Un equipo de MASA se moviliza para apoyar a los afectados por la DANA - Grupo Masa\",\"isPartOf\":{\"@id\":\"https:\\\/\\\/masagrupo.com\\\/#website\"},\"primaryImageOfPage\":{\"@id\":\"https:\\\/\\\/masagrupo.com\\\/un-equipo-de-masa-se-moviliza-para-apoyar-a-los-afectados-por-la-dana-5\\\/#primaryimage\"},\"image\":{\"@id\":\"https:\\\/\\\/masagrupo.com\\\/un-equipo-de-masa-se-moviliza-para-apoyar-a-los-afectados-por-la-dana-5\\\/#primaryimage\"},\"thumbnailUrl\":\"https:\\\/\\\/masagrupo.com\\\/wp-content\\\/uploads\\\/2024\\\/11\\\/2024-11-06-20.46.39.jpg\",\"datePublished\":\"2024-11-08T13:23:52+00:00\",\"dateModified\":\"2025-11-14T15:31:38+00:00\",\"author\":{\"@id\":\"https:\\\/\\\/masagrupo.com\\\/#\\\/schema\\\/person\\\/7067a848d602fff19af4f2172917fae3\"},\"breadcrumb\":{\"@id\":\"https:\\\/\\\/masagrupo.com\\\/un-equipo-de-masa-se-moviliza-para-apoyar-a-los-afectados-por-la-dana-5\\\/#breadcrumb\"},\"inLanguage\":\"fr-FR\",\"potentialAction\":[{\"@type\":\"ReadAction\",\"target\":[\"https:\\\/\\\/masagrupo.com\\\/un-equipo-de-masa-se-moviliza-para-apoyar-a-los-afectados-por-la-dana-5\\\/\"]}]},{\"@type\":\"ImageObject\",\"inLanguage\":\"fr-FR\",\"@id\":\"https:\\\/\\\/masagrupo.com\\\/un-equipo-de-masa-se-moviliza-para-apoyar-a-los-afectados-por-la-dana-5\\\/#primaryimage\",\"url\":\"https:\\\/\\\/masagrupo.com\\\/wp-content\\\/uploads\\\/2024\\\/11\\\/2024-11-06-20.46.39.jpg\",\"contentUrl\":\"https:\\\/\\\/masagrupo.com\\\/wp-content\\\/uploads\\\/2024\\\/11\\\/2024-11-06-20.46.39.jpg\",\"width\":2000,\"height\":1500},{\"@type\":\"BreadcrumbList\",\"@id\":\"https:\\\/\\\/masagrupo.com\\\/un-equipo-de-masa-se-moviliza-para-apoyar-a-los-afectados-por-la-dana-5\\\/#breadcrumb\",\"itemListElement\":[{\"@type\":\"ListItem\",\"position\":1,\"name\":\"Portada\",\"item\":\"https:\\\/\\\/masagrupo.com\\\/\"},{\"@type\":\"ListItem\",\"position\":2,\"name\":\"Un equipo de MASA se moviliza para apoyar a los afectados por la DANA\"}]},{\"@type\":\"WebSite\",\"@id\":\"https:\\\/\\\/masagrupo.com\\\/#website\",\"url\":\"https:\\\/\\\/masagrupo.com\\\/\",\"name\":\"Grupo Masa\",\"description\":\"MASA es una empresa del Grupo ACS\",\"potentialAction\":[{\"@type\":\"SearchAction\",\"target\":{\"@type\":\"EntryPoint\",\"urlTemplate\":\"https:\\\/\\\/masagrupo.com\\\/?s={search_term_string}\"},\"query-input\":{\"@type\":\"PropertyValueSpecification\",\"valueRequired\":true,\"valueName\":\"search_term_string\"}}],\"inLanguage\":\"fr-FR\"},{\"@type\":\"Person\",\"@id\":\"https:\\\/\\\/masagrupo.com\\\/#\\\/schema\\\/person\\\/7067a848d602fff19af4f2172917fae3\",\"name\":\"Paloma Ar\u00edn\",\"image\":{\"@type\":\"ImageObject\",\"inLanguage\":\"fr-FR\",\"@id\":\"https:\\\/\\\/secure.gravatar.com\\\/avatar\\\/d707daeb8561bd35e0b9c01b797023daef352b68a03c8c613fe9cf9f178aa597?s=96&d=mm&r=g\",\"url\":\"https:\\\/\\\/secure.gravatar.com\\\/avatar\\\/d707daeb8561bd35e0b9c01b797023daef352b68a03c8c613fe9cf9f178aa597?s=96&d=mm&r=g\",\"contentUrl\":\"https:\\\/\\\/secure.gravatar.com\\\/avatar\\\/d707daeb8561bd35e0b9c01b797023daef352b68a03c8c613fe9cf9f178aa597?s=96&d=mm&r=g\",\"caption\":\"Paloma Ar\u00edn\"},\"url\":\"https:\\\/\\\/masagrupo.com\\\/fr\\\/author\\\/paloma-arin\\\/\"}]}<\/script>\n<!-- \/ Yoast SEO plugin. -->","yoast_head_json":{"title":"Une \u00e9quipe de MASA se mobilise pour soutenir les victimes de la DANA - Grupo Masa","robots":{"index":"index","follow":"follow","max-snippet":"max-snippet:-1","max-image-preview":"max-image-preview:large","max-video-preview":"max-video-preview:-1"},"canonical":"https:\/\/masagrupo.com\/fr\/lequipe-de-masse-se-mobilise-pour-soutenir-les-victimes-de-danah-5\/","og_locale":"fr_FR","og_type":"article","og_title":"Un equipo de MASA se moviliza para apoyar a los afectados por la DANA - Grupo Masa","og_description":"Empleados voluntarios brindan asistencia en las zonas m\u00e1s afectadas de Valencia","og_url":"https:\/\/masagrupo.com\/fr\/lequipe-de-masse-se-mobilise-pour-soutenir-les-victimes-de-danah-5\/","og_site_name":"Grupo Masa","article_published_time":"2024-11-08T13:23:52+00:00","article_modified_time":"2025-11-14T15:31:38+00:00","og_image":[{"width":2000,"height":1500,"url":"https:\/\/masagrupo.com\/wp-content\/uploads\/2024\/11\/2024-11-06-20.46.39.jpg","type":"image\/jpeg"}],"author":"Paloma Ar\u00edn","twitter_card":"summary_large_image","twitter_misc":{"Written by":"Paloma Ar\u00edn","Est. reading time":"2 minutes"},"schema":{"@context":"https:\/\/schema.org","@graph":[{"@type":"Article","@id":"https:\/\/masagrupo.com\/un-equipo-de-masa-se-moviliza-para-apoyar-a-los-afectados-por-la-dana-5\/#article","isPartOf":{"@id":"https:\/\/masagrupo.com\/un-equipo-de-masa-se-moviliza-para-apoyar-a-los-afectados-por-la-dana-5\/"},"author":{"name":"Paloma Ar\u00edn","@id":"https:\/\/masagrupo.com\/#\/schema\/person\/7067a848d602fff19af4f2172917fae3"},"headline":"Un equipo de MASA se moviliza para apoyar a los afectados por la DANA","datePublished":"2024-11-08T13:23:52+00:00","dateModified":"2025-11-14T15:31:38+00:00","mainEntityOfPage":{"@id":"https:\/\/masagrupo.com\/un-equipo-de-masa-se-moviliza-para-apoyar-a-los-afectados-por-la-dana-5\/"},"wordCount":2937,"image":{"@id":"https:\/\/masagrupo.com\/un-equipo-de-masa-se-moviliza-para-apoyar-a-los-afectados-por-la-dana-5\/#primaryimage"},"thumbnailUrl":"https:\/\/masagrupo.com\/wp-content\/uploads\/2024\/11\/2024-11-06-20.46.39.jpg","articleSection":["Digitalizaci\u00f3n del Mantenimiento"],"inLanguage":"fr-FR"},{"@type":"WebPage","@id":"https:\/\/masagrupo.com\/un-equipo-de-masa-se-moviliza-para-apoyar-a-los-afectados-por-la-dana-5\/","url":"https:\/\/masagrupo.com\/un-equipo-de-masa-se-moviliza-para-apoyar-a-los-afectados-por-la-dana-5\/","name":"Une \u00e9quipe de MASA se mobilise pour soutenir les victimes de la DANA - Grupo Masa","isPartOf":{"@id":"https:\/\/masagrupo.com\/#website"},"primaryImageOfPage":{"@id":"https:\/\/masagrupo.com\/un-equipo-de-masa-se-moviliza-para-apoyar-a-los-afectados-por-la-dana-5\/#primaryimage"},"image":{"@id":"https:\/\/masagrupo.com\/un-equipo-de-masa-se-moviliza-para-apoyar-a-los-afectados-por-la-dana-5\/#primaryimage"},"thumbnailUrl":"https:\/\/masagrupo.com\/wp-content\/uploads\/2024\/11\/2024-11-06-20.46.39.jpg","datePublished":"2024-11-08T13:23:52+00:00","dateModified":"2025-11-14T15:31:38+00:00","author":{"@id":"https:\/\/masagrupo.com\/#\/schema\/person\/7067a848d602fff19af4f2172917fae3"},"breadcrumb":{"@id":"https:\/\/masagrupo.com\/un-equipo-de-masa-se-moviliza-para-apoyar-a-los-afectados-por-la-dana-5\/#breadcrumb"},"inLanguage":"fr-FR","potentialAction":[{"@type":"ReadAction","target":["https:\/\/masagrupo.com\/un-equipo-de-masa-se-moviliza-para-apoyar-a-los-afectados-por-la-dana-5\/"]}]},{"@type":"ImageObject","inLanguage":"fr-FR","@id":"https:\/\/masagrupo.com\/un-equipo-de-masa-se-moviliza-para-apoyar-a-los-afectados-por-la-dana-5\/#primaryimage","url":"https:\/\/masagrupo.com\/wp-content\/uploads\/2024\/11\/2024-11-06-20.46.39.jpg","contentUrl":"https:\/\/masagrupo.com\/wp-content\/uploads\/2024\/11\/2024-11-06-20.46.39.jpg","width":2000,"height":1500},{"@type":"BreadcrumbList","@id":"https:\/\/masagrupo.com\/un-equipo-de-masa-se-moviliza-para-apoyar-a-los-afectados-por-la-dana-5\/#breadcrumb","itemListElement":[{"@type":"ListItem","position":1,"name":"Portada","item":"https:\/\/masagrupo.com\/"},{"@type":"ListItem","position":2,"name":"Un equipo de MASA se moviliza para apoyar a los afectados por la DANA"}]},{"@type":"WebSite","@id":"https:\/\/masagrupo.com\/#website","url":"https:\/\/masagrupo.com\/","name":"Groupe Masa","description":"MASA est une soci\u00e9t\u00e9 du groupe ACS","potentialAction":[{"@type":"SearchAction","target":{"@type":"EntryPoint","urlTemplate":"https:\/\/masagrupo.com\/?s={search_term_string}"},"query-input":{"@type":"PropertyValueSpecification","valueRequired":true,"valueName":"search_term_string"}}],"inLanguage":"fr-FR"},{"@type":"Person","@id":"https:\/\/masagrupo.com\/#\/schema\/person\/7067a848d602fff19af4f2172917fae3","name":"Paloma Ar\u00edn","image":{"@type":"ImageObject","inLanguage":"fr-FR","@id":"https:\/\/secure.gravatar.com\/avatar\/d707daeb8561bd35e0b9c01b797023daef352b68a03c8c613fe9cf9f178aa597?s=96&d=mm&r=g","url":"https:\/\/secure.gravatar.com\/avatar\/d707daeb8561bd35e0b9c01b797023daef352b68a03c8c613fe9cf9f178aa597?s=96&d=mm&r=g","contentUrl":"https:\/\/secure.gravatar.com\/avatar\/d707daeb8561bd35e0b9c01b797023daef352b68a03c8c613fe9cf9f178aa597?s=96&d=mm&r=g","caption":"Paloma Ar\u00edn"},"url":"https:\/\/masagrupo.com\/fr\/author\/paloma-arin\/"}]}},"_links":{"self":[{"href":"https:\/\/masagrupo.com\/fr\/wp-json\/wp\/v2\/posts\/9942","targetHints":{"allow":["GET"]}}],"collection":[{"href":"https:\/\/masagrupo.com\/fr\/wp-json\/wp\/v2\/posts"}],"about":[{"href":"https:\/\/masagrupo.com\/fr\/wp-json\/wp\/v2\/types\/post"}],"author":[{"embeddable":true,"href":"https:\/\/masagrupo.com\/fr\/wp-json\/wp\/v2\/users\/2"}],"replies":[{"embeddable":true,"href":"https:\/\/masagrupo.com\/fr\/wp-json\/wp\/v2\/comments?post=9942"}],"version-history":[{"count":14,"href":"https:\/\/masagrupo.com\/fr\/wp-json\/wp\/v2\/posts\/9942\/revisions"}],"predecessor-version":[{"id":11670,"href":"https:\/\/masagrupo.com\/fr\/wp-json\/wp\/v2\/posts\/9942\/revisions\/11670"}],"wp:featuredmedia":[{"embeddable":true,"href":"https:\/\/masagrupo.com\/fr\/wp-json\/wp\/v2\/media\/9892"}],"wp:attachment":[{"href":"https:\/\/masagrupo.com\/fr\/wp-json\/wp\/v2\/media?parent=9942"}],"wp:term":[{"taxonomy":"category","embeddable":true,"href":"https:\/\/masagrupo.com\/fr\/wp-json\/wp\/v2\/categories?post=9942"},{"taxonomy":"post_tag","embeddable":true,"href":"https:\/\/masagrupo.com\/fr\/wp-json\/wp\/v2\/tags?post=9942"}],"curies":[{"name":"wp","href":"https:\/\/api.w.org\/{rel}","templated":true}]}}