{"id":9864,"date":"2024-10-14T14:02:53","date_gmt":"2024-10-14T12:02:53","guid":{"rendered":"http:\/\/masagrupo.com\/?p=9864"},"modified":"2025-11-14T16:49:11","modified_gmt":"2025-11-14T15:49:11","slug":"masa-effectue-le-montage-mecanique-du-projet-ipa-dans-lusine-de-cepsa-quimica","status":"publish","type":"post","link":"https:\/\/masagrupo.com\/fr\/masa-esta-llevando-a-cabo-el-montaje-mecanico-del-proyecto-ipa-en-la-planta-de-cepsa-quimica\/","title":{"rendered":"MASA r\u00e9alise l'assemblage m\u00e9canique du projet IPA dans l'usine de CEPSA Qu\u00edmica."},"content":{"rendered":"<div class=\"fusion-fullwidth fullwidth-box fusion-builder-row-1 fusion-flex-container has-pattern-background has-mask-background nonhundred-percent-fullwidth non-hundred-percent-height-scrolling\" style=\"--awb-border-radius-top-left:0px;--awb-border-radius-top-right:0px;--awb-border-radius-bottom-right:0px;--awb-border-radius-bottom-left:0px;--awb-flex-wrap:wrap;\" ><div class=\"fusion-builder-row fusion-row fusion-flex-align-items-flex-start fusion-flex-content-wrap\" style=\"max-width:1248px;margin-left: calc(-4% \/ 2 );margin-right: calc(-4% \/ 2 );\"><div class=\"fusion-layout-column fusion_builder_column fusion-builder-column-0 fusion_builder_column_1_1 1_1 fusion-flex-column\" style=\"--awb-bg-size:cover;--awb-width-large:100%;--awb-margin-top-large:0px;--awb-spacing-right-large:1.92%;--awb-margin-bottom-large:20px;--awb-spacing-left-large:1.92%;--awb-width-medium:100%;--awb-order-medium:0;--awb-spacing-right-medium:1.92%;--awb-spacing-left-medium:1.92%;--awb-width-small:100%;--awb-order-small:0;--awb-spacing-right-small:1.92%;--awb-spacing-left-small:1.92%;\"><div class=\"fusion-column-wrapper fusion-column-has-shadow fusion-flex-justify-content-flex-start fusion-content-layout-column\"><div class=\"fusion-title title fusion-title-1 fusion-sep-none fusion-title-text fusion-title-size-two\" style=\"--awb-text-color:var(--awb-color8);--awb-font-size:28px;\"><h2 class=\"fusion-title-heading title-heading-left\" style=\"margin:0;font-size:1em;\">Assemblage d'\u00e9quipements, de structures et de tuyauteries pour la premi\u00e8re usine de production d'alcool isopropylique en Espagne.<\/h2><\/div><div class=\"fusion-text fusion-text-1\"><p>MASA r\u00e9alise l'assemblage m\u00e9canique, la structure m\u00e9tallique, l'isolation et la peinture de l'usine CEPSA Qu\u00edmica \u00e0 Palos de la Frontera (Huelva), dans le cadre du projet IPA. Ce projet est une \u00e9tape importante puisqu'il s'agit de la premi\u00e8re usine de production d'alcool isopropylique en Espagne.<\/p>\n<\/div><\/div><\/div><div class=\"fusion-layout-column fusion_builder_column fusion-builder-column-1 fusion_builder_column_1_2 1_2 fusion-flex-column\" style=\"--awb-bg-size:cover;--awb-width-large:50%;--awb-margin-top-large:0px;--awb-spacing-right-large:3.84%;--awb-margin-bottom-large:20px;--awb-spacing-left-large:3.84%;--awb-width-medium:50%;--awb-order-medium:0;--awb-spacing-right-medium:3.84%;--awb-spacing-left-medium:3.84%;--awb-width-small:100%;--awb-order-small:0;--awb-spacing-right-small:1.92%;--awb-spacing-left-small:1.92%;\"><div class=\"fusion-column-wrapper fusion-column-has-shadow fusion-flex-justify-content-flex-start fusion-content-layout-column\"><div class=\"fusion-image-element\" style=\"--awb-caption-title-font-family:var(--h2_typography-font-family);--awb-caption-title-font-weight:var(--h2_typography-font-weight);--awb-caption-title-font-style:var(--h2_typography-font-style);--awb-caption-title-size:var(--h2_typography-font-size);--awb-caption-title-transform:var(--h2_typography-text-transform);--awb-caption-title-line-height:var(--h2_typography-line-height);--awb-caption-title-letter-spacing:var(--h2_typography-letter-spacing);\"><span class=\"fusion-imageframe imageframe-none imageframe-1 hover-type-none\"><img decoding=\"async\" width=\"1000\" height=\"667\" title=\"opt11\" src=\"https:\/\/masagrupo.com\/wp-content\/uploads\/2024\/10\/opt11-1.jpg\" alt class=\"img-responsive wp-image-11672\" srcset=\"https:\/\/masagrupo.com\/wp-content\/uploads\/2024\/10\/opt11-1-200x133.jpg 200w, https:\/\/masagrupo.com\/wp-content\/uploads\/2024\/10\/opt11-1-400x267.jpg 400w, https:\/\/masagrupo.com\/wp-content\/uploads\/2024\/10\/opt11-1-600x400.jpg 600w, https:\/\/masagrupo.com\/wp-content\/uploads\/2024\/10\/opt11-1-800x534.jpg 800w, https:\/\/masagrupo.com\/wp-content\/uploads\/2024\/10\/opt11-1.jpg 1000w\" sizes=\"(max-width: 640px) 100vw, 600px\" \/><\/span><\/div><\/div><\/div><div class=\"fusion-layout-column fusion_builder_column fusion-builder-column-2 fusion_builder_column_1_2 1_2 fusion-flex-column\" style=\"--awb-bg-size:cover;--awb-width-large:50%;--awb-margin-top-large:0px;--awb-spacing-right-large:3.84%;--awb-margin-bottom-large:20px;--awb-spacing-left-large:3.84%;--awb-width-medium:50%;--awb-order-medium:0;--awb-spacing-right-medium:3.84%;--awb-spacing-left-medium:3.84%;--awb-width-small:100%;--awb-order-small:0;--awb-spacing-right-small:1.92%;--awb-spacing-left-small:1.92%;\"><div class=\"fusion-column-wrapper fusion-column-has-shadow fusion-flex-justify-content-flex-start fusion-content-layout-column\"><div class=\"fusion-text fusion-text-2\"><p>Les travaux comprennent l'installation d'\u00e9quipements, de tuyauteries et de structures dans la zone de traitement de l'usine, une zone qui pr\u00e9sente des d\u00e9fis techniques consid\u00e9rables. L'un des points forts est l'installation d'une nouvelle ligne de torche de 650 m\u00e8tres, qui sera connect\u00e9e au r\u00e9seau existant par l'interm\u00e9diaire des racks de traitement.<\/p>\n<p>De plus, l'assemblage de la colonne E-1510, qui p\u00e8se 70 tonnes, n\u00e9cessite des man\u0153uvres complexes en raison de son emplacement et de ses accessoires limit\u00e9s.<\/p>\n<\/div><\/div><\/div><div class=\"fusion-layout-column fusion_builder_column fusion-builder-column-3 fusion_builder_column_1_1 1_1 fusion-flex-column\" style=\"--awb-bg-size:cover;--awb-width-large:100%;--awb-margin-top-large:0px;--awb-spacing-right-large:1.92%;--awb-margin-bottom-large:20px;--awb-spacing-left-large:1.92%;--awb-width-medium:100%;--awb-order-medium:0;--awb-spacing-right-medium:1.92%;--awb-spacing-left-medium:1.92%;--awb-width-small:100%;--awb-order-small:0;--awb-spacing-right-small:1.92%;--awb-spacing-left-small:1.92%;\"><div class=\"fusion-column-wrapper fusion-column-has-shadow fusion-flex-justify-content-flex-start fusion-content-layout-column\"><div class=\"fusion-text fusion-text-3\"><p>Les travaux comprennent l'installation d'\u00e9quipements, de tuyauteries et de structures dans la zone de traitement de l'usine, une zone qui pr\u00e9sente des d\u00e9fis techniques consid\u00e9rables. L'installation d'une nouvelle ligne de torche de 650 m\u00e8tres, qui sera connect\u00e9e au r\u00e9seau existant par l'interm\u00e9diaire des racks de traitement, est l'un des points forts de ce projet. Par ailleurs, l'assemblage de la colonne E-1510, qui p\u00e8se 70 tonnes, n\u00e9cessite des man\u0153uvres complexes en raison de son emplacement et du nombre limit\u00e9 d'accessoires.<\/p>\n<p>Les principales donn\u00e9es du projet sont les suivantes<\/p>\n<ul>\n<li>58 500 pouces de tuyaux install\u00e9s.<\/li>\n<li>525 tonnes de structure m\u00e9tallique.<\/li>\n<li>44 tonnes dans les supports de tuyaux.<\/li>\n<li>65 tonnes pour les \u00e9quipements dynamiques et 276 tonnes pour les \u00e9quipements statiques.<\/li>\n<li>45 tonnes de plates-formes d'\u00e9quipement.<\/li>\n<\/ul>\n<p>Le projet implique l'ex\u00e9cution simultan\u00e9e de travaux dans diff\u00e9rentes zones de l'usine, ce qui n\u00e9cessite une planification pr\u00e9cise pour garantir l'efficacit\u00e9 et la s\u00e9curit\u00e9 \u00e0 chaque \u00e9tape du processus.<\/p>\n<\/div><\/div><\/div><\/div><\/div>","protected":false},"excerpt":{"rendered":"","protected":false},"author":2,"featured_media":9856,"comment_status":"closed","ping_status":"closed","sticky":false,"template":"","format":"standard","meta":{"footnotes":""},"categories":[1],"tags":[],"class_list":["post-9864","post","type-post","status-publish","format-standard","has-post-thumbnail","hentry","category-digitalizacion-del-mantenimiento"],"yoast_head":"<!-- This site is optimized with the Yoast SEO plugin v27.4 - https:\/\/yoast.com\/product\/yoast-seo-wordpress\/ -->\n<title>MASA est\u00e1 llevando a cabo el montaje mec\u00e1nico del proyecto IPA en la planta de CEPSA Qu\u00edmica - Grupo Masa<\/title>\n<meta name=\"robots\" content=\"index, follow, max-snippet:-1, max-image-preview:large, max-video-preview:-1\" \/>\n<link rel=\"canonical\" href=\"https:\/\/masagrupo.com\/fr\/masa-effectue-le-montage-mecanique-du-projet-ipa-dans-lusine-de-cepsa-quimica\/\" \/>\n<meta property=\"og:locale\" content=\"fr_FR\" \/>\n<meta property=\"og:type\" content=\"article\" \/>\n<meta property=\"og:title\" content=\"MASA est\u00e1 llevando a cabo el montaje mec\u00e1nico del proyecto IPA en la planta de CEPSA Qu\u00edmica - Grupo Masa\" \/>\n<meta property=\"og:url\" content=\"https:\/\/masagrupo.com\/fr\/masa-effectue-le-montage-mecanique-du-projet-ipa-dans-lusine-de-cepsa-quimica\/\" \/>\n<meta property=\"og:site_name\" content=\"Grupo Masa\" \/>\n<meta property=\"article:published_time\" content=\"2024-10-14T12:02:53+00:00\" \/>\n<meta property=\"article:modified_time\" content=\"2025-11-14T15:49:11+00:00\" \/>\n<meta property=\"og:image\" content=\"https:\/\/masagrupo.com\/wp-content\/uploads\/2024\/10\/im-08-recurso-multi-opt.jpg\" \/>\n\t<meta property=\"og:image:width\" content=\"1000\" \/>\n\t<meta property=\"og:image:height\" content=\"683\" \/>\n\t<meta property=\"og:image:type\" content=\"image\/jpeg\" \/>\n<meta name=\"author\" content=\"Paloma Ar\u00edn\" \/>\n<meta name=\"twitter:card\" content=\"summary_large_image\" \/>\n<meta name=\"twitter:label1\" content=\"Written by\" \/>\n\t<meta name=\"twitter:data1\" content=\"Paloma Ar\u00edn\" \/>\n\t<meta name=\"twitter:label2\" content=\"Est. reading time\" \/>\n\t<meta name=\"twitter:data2\" content=\"2 minutes\" \/>\n<script type=\"application\/ld+json\" class=\"yoast-schema-graph\">{\"@context\":\"https:\\\/\\\/schema.org\",\"@graph\":[{\"@type\":\"Article\",\"@id\":\"https:\\\/\\\/masagrupo.com\\\/masa-esta-llevando-a-cabo-el-montaje-mecanico-del-proyecto-ipa-en-la-planta-de-cepsa-quimica\\\/#article\",\"isPartOf\":{\"@id\":\"https:\\\/\\\/masagrupo.com\\\/masa-esta-llevando-a-cabo-el-montaje-mecanico-del-proyecto-ipa-en-la-planta-de-cepsa-quimica\\\/\"},\"author\":{\"name\":\"Paloma Ar\u00edn\",\"@id\":\"https:\\\/\\\/masagrupo.com\\\/#\\\/schema\\\/person\\\/7067a848d602fff19af4f2172917fae3\"},\"headline\":\"MASA est\u00e1 llevando a cabo el montaje mec\u00e1nico del proyecto IPA en la planta de CEPSA Qu\u00edmica\",\"datePublished\":\"2024-10-14T12:02:53+00:00\",\"dateModified\":\"2025-11-14T15:49:11+00:00\",\"mainEntityOfPage\":{\"@id\":\"https:\\\/\\\/masagrupo.com\\\/masa-esta-llevando-a-cabo-el-montaje-mecanico-del-proyecto-ipa-en-la-planta-de-cepsa-quimica\\\/\"},\"wordCount\":1967,\"image\":{\"@id\":\"https:\\\/\\\/masagrupo.com\\\/masa-esta-llevando-a-cabo-el-montaje-mecanico-del-proyecto-ipa-en-la-planta-de-cepsa-quimica\\\/#primaryimage\"},\"thumbnailUrl\":\"https:\\\/\\\/masagrupo.com\\\/wp-content\\\/uploads\\\/2024\\\/10\\\/im-08-recurso-multi-opt.jpg\",\"articleSection\":[\"Digitalizaci\u00f3n del Mantenimiento\"],\"inLanguage\":\"fr-FR\"},{\"@type\":\"WebPage\",\"@id\":\"https:\\\/\\\/masagrupo.com\\\/masa-esta-llevando-a-cabo-el-montaje-mecanico-del-proyecto-ipa-en-la-planta-de-cepsa-quimica\\\/\",\"url\":\"https:\\\/\\\/masagrupo.com\\\/masa-esta-llevando-a-cabo-el-montaje-mecanico-del-proyecto-ipa-en-la-planta-de-cepsa-quimica\\\/\",\"name\":\"MASA est\u00e1 llevando a cabo el montaje mec\u00e1nico del proyecto IPA en la planta de CEPSA Qu\u00edmica - Grupo Masa\",\"isPartOf\":{\"@id\":\"https:\\\/\\\/masagrupo.com\\\/#website\"},\"primaryImageOfPage\":{\"@id\":\"https:\\\/\\\/masagrupo.com\\\/masa-esta-llevando-a-cabo-el-montaje-mecanico-del-proyecto-ipa-en-la-planta-de-cepsa-quimica\\\/#primaryimage\"},\"image\":{\"@id\":\"https:\\\/\\\/masagrupo.com\\\/masa-esta-llevando-a-cabo-el-montaje-mecanico-del-proyecto-ipa-en-la-planta-de-cepsa-quimica\\\/#primaryimage\"},\"thumbnailUrl\":\"https:\\\/\\\/masagrupo.com\\\/wp-content\\\/uploads\\\/2024\\\/10\\\/im-08-recurso-multi-opt.jpg\",\"datePublished\":\"2024-10-14T12:02:53+00:00\",\"dateModified\":\"2025-11-14T15:49:11+00:00\",\"author\":{\"@id\":\"https:\\\/\\\/masagrupo.com\\\/#\\\/schema\\\/person\\\/7067a848d602fff19af4f2172917fae3\"},\"breadcrumb\":{\"@id\":\"https:\\\/\\\/masagrupo.com\\\/masa-esta-llevando-a-cabo-el-montaje-mecanico-del-proyecto-ipa-en-la-planta-de-cepsa-quimica\\\/#breadcrumb\"},\"inLanguage\":\"fr-FR\",\"potentialAction\":[{\"@type\":\"ReadAction\",\"target\":[\"https:\\\/\\\/masagrupo.com\\\/masa-esta-llevando-a-cabo-el-montaje-mecanico-del-proyecto-ipa-en-la-planta-de-cepsa-quimica\\\/\"]}]},{\"@type\":\"ImageObject\",\"inLanguage\":\"fr-FR\",\"@id\":\"https:\\\/\\\/masagrupo.com\\\/masa-esta-llevando-a-cabo-el-montaje-mecanico-del-proyecto-ipa-en-la-planta-de-cepsa-quimica\\\/#primaryimage\",\"url\":\"https:\\\/\\\/masagrupo.com\\\/wp-content\\\/uploads\\\/2024\\\/10\\\/im-08-recurso-multi-opt.jpg\",\"contentUrl\":\"https:\\\/\\\/masagrupo.com\\\/wp-content\\\/uploads\\\/2024\\\/10\\\/im-08-recurso-multi-opt.jpg\",\"width\":1000,\"height\":683},{\"@type\":\"BreadcrumbList\",\"@id\":\"https:\\\/\\\/masagrupo.com\\\/masa-esta-llevando-a-cabo-el-montaje-mecanico-del-proyecto-ipa-en-la-planta-de-cepsa-quimica\\\/#breadcrumb\",\"itemListElement\":[{\"@type\":\"ListItem\",\"position\":1,\"name\":\"Portada\",\"item\":\"https:\\\/\\\/masagrupo.com\\\/\"},{\"@type\":\"ListItem\",\"position\":2,\"name\":\"MASA est\u00e1 llevando a cabo el montaje mec\u00e1nico del proyecto IPA en la planta de CEPSA Qu\u00edmica\"}]},{\"@type\":\"WebSite\",\"@id\":\"https:\\\/\\\/masagrupo.com\\\/#website\",\"url\":\"https:\\\/\\\/masagrupo.com\\\/\",\"name\":\"Grupo Masa\",\"description\":\"MASA es una empresa del Grupo ACS\",\"potentialAction\":[{\"@type\":\"SearchAction\",\"target\":{\"@type\":\"EntryPoint\",\"urlTemplate\":\"https:\\\/\\\/masagrupo.com\\\/?s={search_term_string}\"},\"query-input\":{\"@type\":\"PropertyValueSpecification\",\"valueRequired\":true,\"valueName\":\"search_term_string\"}}],\"inLanguage\":\"fr-FR\"},{\"@type\":\"Person\",\"@id\":\"https:\\\/\\\/masagrupo.com\\\/#\\\/schema\\\/person\\\/7067a848d602fff19af4f2172917fae3\",\"name\":\"Paloma Ar\u00edn\",\"image\":{\"@type\":\"ImageObject\",\"inLanguage\":\"fr-FR\",\"@id\":\"https:\\\/\\\/secure.gravatar.com\\\/avatar\\\/d707daeb8561bd35e0b9c01b797023daef352b68a03c8c613fe9cf9f178aa597?s=96&d=mm&r=g\",\"url\":\"https:\\\/\\\/secure.gravatar.com\\\/avatar\\\/d707daeb8561bd35e0b9c01b797023daef352b68a03c8c613fe9cf9f178aa597?s=96&d=mm&r=g\",\"contentUrl\":\"https:\\\/\\\/secure.gravatar.com\\\/avatar\\\/d707daeb8561bd35e0b9c01b797023daef352b68a03c8c613fe9cf9f178aa597?s=96&d=mm&r=g\",\"caption\":\"Paloma Ar\u00edn\"},\"url\":\"https:\\\/\\\/masagrupo.com\\\/fr\\\/author\\\/paloma-arin\\\/\"}]}<\/script>\n<!-- \/ Yoast SEO plugin. -->","yoast_head_json":{"title":"MASA r\u00e9alise le montage m\u00e9canique du projet IPA dans l'usine de CEPSA Qu\u00edmica - Grupo Masa","robots":{"index":"index","follow":"follow","max-snippet":"max-snippet:-1","max-image-preview":"max-image-preview:large","max-video-preview":"max-video-preview:-1"},"canonical":"https:\/\/masagrupo.com\/fr\/masa-effectue-le-montage-mecanique-du-projet-ipa-dans-lusine-de-cepsa-quimica\/","og_locale":"fr_FR","og_type":"article","og_title":"MASA est\u00e1 llevando a cabo el montaje mec\u00e1nico del proyecto IPA en la planta de CEPSA Qu\u00edmica - Grupo Masa","og_url":"https:\/\/masagrupo.com\/fr\/masa-effectue-le-montage-mecanique-du-projet-ipa-dans-lusine-de-cepsa-quimica\/","og_site_name":"Grupo Masa","article_published_time":"2024-10-14T12:02:53+00:00","article_modified_time":"2025-11-14T15:49:11+00:00","og_image":[{"width":1000,"height":683,"url":"https:\/\/masagrupo.com\/wp-content\/uploads\/2024\/10\/im-08-recurso-multi-opt.jpg","type":"image\/jpeg"}],"author":"Paloma Ar\u00edn","twitter_card":"summary_large_image","twitter_misc":{"Written by":"Paloma Ar\u00edn","Est. reading time":"2 minutes"},"schema":{"@context":"https:\/\/schema.org","@graph":[{"@type":"Article","@id":"https:\/\/masagrupo.com\/masa-esta-llevando-a-cabo-el-montaje-mecanico-del-proyecto-ipa-en-la-planta-de-cepsa-quimica\/#article","isPartOf":{"@id":"https:\/\/masagrupo.com\/masa-esta-llevando-a-cabo-el-montaje-mecanico-del-proyecto-ipa-en-la-planta-de-cepsa-quimica\/"},"author":{"name":"Paloma Ar\u00edn","@id":"https:\/\/masagrupo.com\/#\/schema\/person\/7067a848d602fff19af4f2172917fae3"},"headline":"MASA est\u00e1 llevando a cabo el montaje mec\u00e1nico del proyecto IPA en la planta de CEPSA Qu\u00edmica","datePublished":"2024-10-14T12:02:53+00:00","dateModified":"2025-11-14T15:49:11+00:00","mainEntityOfPage":{"@id":"https:\/\/masagrupo.com\/masa-esta-llevando-a-cabo-el-montaje-mecanico-del-proyecto-ipa-en-la-planta-de-cepsa-quimica\/"},"wordCount":1967,"image":{"@id":"https:\/\/masagrupo.com\/masa-esta-llevando-a-cabo-el-montaje-mecanico-del-proyecto-ipa-en-la-planta-de-cepsa-quimica\/#primaryimage"},"thumbnailUrl":"https:\/\/masagrupo.com\/wp-content\/uploads\/2024\/10\/im-08-recurso-multi-opt.jpg","articleSection":["Digitalizaci\u00f3n del Mantenimiento"],"inLanguage":"fr-FR"},{"@type":"WebPage","@id":"https:\/\/masagrupo.com\/masa-esta-llevando-a-cabo-el-montaje-mecanico-del-proyecto-ipa-en-la-planta-de-cepsa-quimica\/","url":"https:\/\/masagrupo.com\/masa-esta-llevando-a-cabo-el-montaje-mecanico-del-proyecto-ipa-en-la-planta-de-cepsa-quimica\/","name":"MASA r\u00e9alise le montage m\u00e9canique du projet IPA dans l'usine de CEPSA Qu\u00edmica - Grupo Masa","isPartOf":{"@id":"https:\/\/masagrupo.com\/#website"},"primaryImageOfPage":{"@id":"https:\/\/masagrupo.com\/masa-esta-llevando-a-cabo-el-montaje-mecanico-del-proyecto-ipa-en-la-planta-de-cepsa-quimica\/#primaryimage"},"image":{"@id":"https:\/\/masagrupo.com\/masa-esta-llevando-a-cabo-el-montaje-mecanico-del-proyecto-ipa-en-la-planta-de-cepsa-quimica\/#primaryimage"},"thumbnailUrl":"https:\/\/masagrupo.com\/wp-content\/uploads\/2024\/10\/im-08-recurso-multi-opt.jpg","datePublished":"2024-10-14T12:02:53+00:00","dateModified":"2025-11-14T15:49:11+00:00","author":{"@id":"https:\/\/masagrupo.com\/#\/schema\/person\/7067a848d602fff19af4f2172917fae3"},"breadcrumb":{"@id":"https:\/\/masagrupo.com\/masa-esta-llevando-a-cabo-el-montaje-mecanico-del-proyecto-ipa-en-la-planta-de-cepsa-quimica\/#breadcrumb"},"inLanguage":"fr-FR","potentialAction":[{"@type":"ReadAction","target":["https:\/\/masagrupo.com\/masa-esta-llevando-a-cabo-el-montaje-mecanico-del-proyecto-ipa-en-la-planta-de-cepsa-quimica\/"]}]},{"@type":"ImageObject","inLanguage":"fr-FR","@id":"https:\/\/masagrupo.com\/masa-esta-llevando-a-cabo-el-montaje-mecanico-del-proyecto-ipa-en-la-planta-de-cepsa-quimica\/#primaryimage","url":"https:\/\/masagrupo.com\/wp-content\/uploads\/2024\/10\/im-08-recurso-multi-opt.jpg","contentUrl":"https:\/\/masagrupo.com\/wp-content\/uploads\/2024\/10\/im-08-recurso-multi-opt.jpg","width":1000,"height":683},{"@type":"BreadcrumbList","@id":"https:\/\/masagrupo.com\/masa-esta-llevando-a-cabo-el-montaje-mecanico-del-proyecto-ipa-en-la-planta-de-cepsa-quimica\/#breadcrumb","itemListElement":[{"@type":"ListItem","position":1,"name":"Portada","item":"https:\/\/masagrupo.com\/"},{"@type":"ListItem","position":2,"name":"MASA est\u00e1 llevando a cabo el montaje mec\u00e1nico del proyecto IPA en la planta de CEPSA Qu\u00edmica"}]},{"@type":"WebSite","@id":"https:\/\/masagrupo.com\/#website","url":"https:\/\/masagrupo.com\/","name":"Groupe Masa","description":"MASA est une soci\u00e9t\u00e9 du groupe ACS","potentialAction":[{"@type":"SearchAction","target":{"@type":"EntryPoint","urlTemplate":"https:\/\/masagrupo.com\/?s={search_term_string}"},"query-input":{"@type":"PropertyValueSpecification","valueRequired":true,"valueName":"search_term_string"}}],"inLanguage":"fr-FR"},{"@type":"Person","@id":"https:\/\/masagrupo.com\/#\/schema\/person\/7067a848d602fff19af4f2172917fae3","name":"Paloma Ar\u00edn","image":{"@type":"ImageObject","inLanguage":"fr-FR","@id":"https:\/\/secure.gravatar.com\/avatar\/d707daeb8561bd35e0b9c01b797023daef352b68a03c8c613fe9cf9f178aa597?s=96&d=mm&r=g","url":"https:\/\/secure.gravatar.com\/avatar\/d707daeb8561bd35e0b9c01b797023daef352b68a03c8c613fe9cf9f178aa597?s=96&d=mm&r=g","contentUrl":"https:\/\/secure.gravatar.com\/avatar\/d707daeb8561bd35e0b9c01b797023daef352b68a03c8c613fe9cf9f178aa597?s=96&d=mm&r=g","caption":"Paloma Ar\u00edn"},"url":"https:\/\/masagrupo.com\/fr\/author\/paloma-arin\/"}]}},"_links":{"self":[{"href":"https:\/\/masagrupo.com\/fr\/wp-json\/wp\/v2\/posts\/9864","targetHints":{"allow":["GET"]}}],"collection":[{"href":"https:\/\/masagrupo.com\/fr\/wp-json\/wp\/v2\/posts"}],"about":[{"href":"https:\/\/masagrupo.com\/fr\/wp-json\/wp\/v2\/types\/post"}],"author":[{"embeddable":true,"href":"https:\/\/masagrupo.com\/fr\/wp-json\/wp\/v2\/users\/2"}],"replies":[{"embeddable":true,"href":"https:\/\/masagrupo.com\/fr\/wp-json\/wp\/v2\/comments?post=9864"}],"version-history":[{"count":12,"href":"https:\/\/masagrupo.com\/fr\/wp-json\/wp\/v2\/posts\/9864\/revisions"}],"predecessor-version":[{"id":11688,"href":"https:\/\/masagrupo.com\/fr\/wp-json\/wp\/v2\/posts\/9864\/revisions\/11688"}],"wp:featuredmedia":[{"embeddable":true,"href":"https:\/\/masagrupo.com\/fr\/wp-json\/wp\/v2\/media\/9856"}],"wp:attachment":[{"href":"https:\/\/masagrupo.com\/fr\/wp-json\/wp\/v2\/media?parent=9864"}],"wp:term":[{"taxonomy":"category","embeddable":true,"href":"https:\/\/masagrupo.com\/fr\/wp-json\/wp\/v2\/categories?post=9864"},{"taxonomy":"post_tag","embeddable":true,"href":"https:\/\/masagrupo.com\/fr\/wp-json\/wp\/v2\/tags?post=9864"}],"curies":[{"name":"wp","href":"https:\/\/api.w.org\/{rel}","templated":true}]}}