{"id":9769,"date":"2024-09-24T09:00:00","date_gmt":"2024-09-24T07:00:00","guid":{"rendered":"http:\/\/masagrupo.com\/?p=9769"},"modified":"2025-11-14T16:48:12","modified_gmt":"2025-11-14T15:48:12","slug":"masa-presentera-ses-solutions-durables-lors-de-la-foire-miniere-mmh-2024-qui-se-tiendra-a-seville","status":"publish","type":"post","link":"https:\/\/masagrupo.com\/fr\/masa-presentara-sus-soluciones-sostenibles-en-la-feria-de-mineria-mmh-2024-en-sevilla\/","title":{"rendered":"MASA pr\u00e9sentera ses solutions durables \u00e0 la foire mini\u00e8re MMH 2024 \u00e0 S\u00e9ville."},"content":{"rendered":"<div class=\"fusion-fullwidth fullwidth-box fusion-builder-row-1 fusion-flex-container has-pattern-background has-mask-background nonhundred-percent-fullwidth non-hundred-percent-height-scrolling\" style=\"--awb-border-radius-top-left:0px;--awb-border-radius-top-right:0px;--awb-border-radius-bottom-right:0px;--awb-border-radius-bottom-left:0px;--awb-flex-wrap:wrap;\" ><div class=\"fusion-builder-row fusion-row fusion-flex-align-items-flex-start fusion-flex-content-wrap\" style=\"max-width:1248px;margin-left: calc(-4% \/ 2 );margin-right: calc(-4% \/ 2 );\"><div class=\"fusion-layout-column fusion_builder_column fusion-builder-column-0 fusion_builder_column_1_1 1_1 fusion-flex-column\" style=\"--awb-bg-size:cover;--awb-width-large:100%;--awb-margin-top-large:0px;--awb-spacing-right-large:1.92%;--awb-margin-bottom-large:20px;--awb-spacing-left-large:1.92%;--awb-width-medium:100%;--awb-order-medium:0;--awb-spacing-right-medium:1.92%;--awb-spacing-left-medium:1.92%;--awb-width-small:100%;--awb-order-small:0;--awb-spacing-right-small:1.92%;--awb-spacing-left-small:1.92%;\"><div class=\"fusion-column-wrapper fusion-column-has-shadow fusion-flex-justify-content-flex-start fusion-content-layout-column\"><div class=\"fusion-text fusion-text-1\"><p>La cinqui\u00e8me \u00e9dition du Salon international de l'exploitation mini\u00e8re aura lieu du 15 au 17 octobre 2024 sous le th\u00e8me \u2018Mining &amp; Minerals Hall : Meeting point towards a sustainable future\u2019 au Centre des expositions et des conf\u00e9rences de S\u00e9ville (FIBES). <a href=\"https:\/\/fibes.es\/\" target=\"_blank\" rel=\"noopener\">https:\/\/fibes.es\/<\/a>. Cet \u00e9v\u00e9nement r\u00e9unira les leaders de l'industrie pour explorer les avanc\u00e9es en mati\u00e8re de technologie mini\u00e8re, de durabilit\u00e9 et de mise en \u0153uvre d'une \u00e9conomie circulaire dans le secteur extractif.<\/p>\n<p>MASA sera pr\u00e9sent dans le hall 1, stand 1113, o\u00f9 nous accueillerons tous les visiteurs qui souhaitent nous rencontrer et d\u00e9couvrir nos propositions. Nous nous r\u00e9jouissons de vous accueillir et de partager nos id\u00e9es sur l'avenir de l'exploitation mini\u00e8re.<\/p>\n<p>MMH 2024 est une plateforme strat\u00e9gique pour le secteur minier, tant en Europe qu'\u00e0 l'\u00e9chelle internationale. Des entreprises de toute la cha\u00eene de valeur, de l'extraction \u00e0 l'innovation technologique, se r\u00e9unissent lors de cet \u00e9v\u00e9nement biennal pour aborder les d\u00e9fis et les opportunit\u00e9s auxquels l'industrie est confront\u00e9e en termes de durabilit\u00e9, de productivit\u00e9 et de num\u00e9risation.<\/p>\n<p>Pour les entreprises europ\u00e9ennes, cet \u00e9v\u00e9nement est crucial car il favorise le partage des connaissances et facilite la cr\u00e9ation d'alliances strat\u00e9giques qui stimulent le d\u00e9veloppement de technologies propres et efficaces, conform\u00e9ment aux lignes directrices de l'UE en mati\u00e8re d'environnement.<\/p>\n<\/div><div class=\"fusion-image-element\" style=\"text-align:center;--awb-caption-title-font-family:var(--h2_typography-font-family);--awb-caption-title-font-weight:var(--h2_typography-font-weight);--awb-caption-title-font-style:var(--h2_typography-font-style);--awb-caption-title-size:var(--h2_typography-font-size);--awb-caption-title-transform:var(--h2_typography-text-transform);--awb-caption-title-line-height:var(--h2_typography-line-height);--awb-caption-title-letter-spacing:var(--h2_typography-letter-spacing);\"><span class=\"fusion-imageframe imageframe-none imageframe-1 hover-type-none\"><img decoding=\"async\" width=\"1023\" height=\"685\" alt=\"salle des mines\" title=\"salon-minage\" src=\"https:\/\/masagrupo.com\/wp-content\/uploads\/2024\/09\/salon-mineria.png\" class=\"img-responsive wp-image-11678\" srcset=\"https:\/\/masagrupo.com\/wp-content\/uploads\/2024\/09\/salon-mineria-200x134.png 200w, https:\/\/masagrupo.com\/wp-content\/uploads\/2024\/09\/salon-mineria-400x268.png 400w, https:\/\/masagrupo.com\/wp-content\/uploads\/2024\/09\/salon-mineria-600x402.png 600w, https:\/\/masagrupo.com\/wp-content\/uploads\/2024\/09\/salon-mineria-800x536.png 800w, https:\/\/masagrupo.com\/wp-content\/uploads\/2024\/09\/salon-mineria.png 1023w\" sizes=\"(max-width: 640px) 100vw, 1023px\" \/><\/span><\/div><div class=\"fusion-text fusion-text-2\"><p>\u00c0 propos de MMH<\/p>\n<p>Mining and Minerals Hall (MMH) est le grand \u00e9v\u00e9nement minier europ\u00e9en qui se d\u00e9roulera du 15 au 17 octobre 2024 au Centre des expositions et des conf\u00e9rences de S\u00e9ville (FIBES). Cette cinqui\u00e8me \u00e9dition du MMH r\u00e9unit le secteur minier mondial et consolide sa position en tant qu'\u00e9v\u00e9nement unique en son genre en Europe. Lors de cette \u00e9dition, nous pourrons voir de pr\u00e8s les innovations technologiques mises en \u0153uvre dans tous les processus d'exploration, d'extraction, de production et de traitement des mati\u00e8res premi\u00e8res min\u00e9rales, ainsi que des op\u00e9rations mini\u00e8res actives, leaders mondiaux en mati\u00e8re de technologie et respectueuses de l'environnement ; mais aussi des projets futurs, align\u00e9s sur les normes les plus \u00e9lev\u00e9es en mati\u00e8re de qualit\u00e9, d'innovation et de durabilit\u00e9.<\/p>\n<p>Le MMH est organis\u00e9 par AMINER (Asociaci\u00f3n de Empresas Investigadoras, Extractoras, Extractoras, Transformadoras Minero-Metal\u00fargicas y Auxiliares y de Servicios) https:\/\/www.aminer.es\/, en collaboration avec FIBES https:\/\/fibes.es\/ et promu par la Junta de Andaluc\u00eda https:\/\/www.juntadeandalucia.es\/, avec la collaboration de Cominroc (Confederaci\u00f3n Espa\u00f1ola de Industrias Extractivas de Rocas y Minerales Industriales) https:\/\/www.cominroc.es\/.<\/p>\n<\/div><\/div><\/div><\/div><\/div>","protected":false},"excerpt":{"rendered":"<p>MASA se pr\u00e9pare \u00e0 participer au Mining and Minerals Hall (MMH) 2024, le plus important salon minier d'Europe.<\/p>","protected":false},"author":2,"featured_media":9767,"comment_status":"closed","ping_status":"closed","sticky":false,"template":"","format":"standard","meta":{"footnotes":""},"categories":[1],"tags":[],"class_list":["post-9769","post","type-post","status-publish","format-standard","has-post-thumbnail","hentry","category-digitalizacion-del-mantenimiento"],"yoast_head":"<!-- This site is optimized with the Yoast SEO plugin v27.4 - https:\/\/yoast.com\/product\/yoast-seo-wordpress\/ -->\n<title>MASA presentar\u00e1 sus Soluciones Sostenibles en la Feria de Miner\u00eda MMH 2024 en Sevilla. - Grupo Masa<\/title>\n<meta name=\"description\" content=\"MASA se prepara para participar en el Mining and Minerals Hall (MMH) 2024, la feria minera m\u00e1s importante de Europa.\" \/>\n<meta name=\"robots\" content=\"index, follow, max-snippet:-1, max-image-preview:large, max-video-preview:-1\" \/>\n<link rel=\"canonical\" href=\"https:\/\/masagrupo.com\/fr\/masa-presentera-ses-solutions-durables-lors-de-la-foire-miniere-mmh-2024-qui-se-tiendra-a-seville\/\" \/>\n<meta property=\"og:locale\" content=\"fr_FR\" \/>\n<meta property=\"og:type\" content=\"article\" \/>\n<meta property=\"og:title\" content=\"MASA presentar\u00e1 sus Soluciones Sostenibles en la Feria de Miner\u00eda MMH 2024 en Sevilla. - Grupo Masa\" \/>\n<meta property=\"og:description\" content=\"MASA se prepara para participar en el Mining and Minerals Hall (MMH) 2024, la feria minera m\u00e1s importante de Europa.\" \/>\n<meta property=\"og:url\" content=\"https:\/\/masagrupo.com\/fr\/masa-presentera-ses-solutions-durables-lors-de-la-foire-miniere-mmh-2024-qui-se-tiendra-a-seville\/\" \/>\n<meta property=\"og:site_name\" content=\"Grupo Masa\" \/>\n<meta property=\"article:published_time\" content=\"2024-09-24T07:00:00+00:00\" \/>\n<meta property=\"article:modified_time\" content=\"2025-11-14T15:48:12+00:00\" \/>\n<meta property=\"og:image\" content=\"https:\/\/masagrupo.com\/wp-content\/uploads\/2024\/09\/Captura-de-pantalla-2024-09-20-a-las-10.46.26.png\" \/>\n\t<meta property=\"og:image:width\" content=\"804\" \/>\n\t<meta property=\"og:image:height\" content=\"539\" \/>\n\t<meta property=\"og:image:type\" content=\"image\/png\" \/>\n<meta name=\"author\" content=\"Paloma Ar\u00edn\" \/>\n<meta name=\"twitter:card\" content=\"summary_large_image\" \/>\n<meta name=\"twitter:label1\" content=\"Written by\" \/>\n\t<meta name=\"twitter:data1\" content=\"Paloma Ar\u00edn\" \/>\n\t<meta name=\"twitter:label2\" content=\"Est. reading time\" \/>\n\t<meta name=\"twitter:data2\" content=\"3 minutes\" \/>\n<script type=\"application\/ld+json\" class=\"yoast-schema-graph\">{\"@context\":\"https:\\\/\\\/schema.org\",\"@graph\":[{\"@type\":\"Article\",\"@id\":\"https:\\\/\\\/masagrupo.com\\\/masa-presentara-sus-soluciones-sostenibles-en-la-feria-de-mineria-mmh-2024-en-sevilla\\\/#article\",\"isPartOf\":{\"@id\":\"https:\\\/\\\/masagrupo.com\\\/masa-presentara-sus-soluciones-sostenibles-en-la-feria-de-mineria-mmh-2024-en-sevilla\\\/\"},\"author\":{\"name\":\"Paloma Ar\u00edn\",\"@id\":\"https:\\\/\\\/masagrupo.com\\\/#\\\/schema\\\/person\\\/7067a848d602fff19af4f2172917fae3\"},\"headline\":\"MASA presentar\u00e1 sus Soluciones Sostenibles en la Feria de Miner\u00eda MMH 2024 en Sevilla.\",\"datePublished\":\"2024-09-24T07:00:00+00:00\",\"dateModified\":\"2025-11-14T15:48:12+00:00\",\"mainEntityOfPage\":{\"@id\":\"https:\\\/\\\/masagrupo.com\\\/masa-presentara-sus-soluciones-sostenibles-en-la-feria-de-mineria-mmh-2024-en-sevilla\\\/\"},\"wordCount\":1288,\"image\":{\"@id\":\"https:\\\/\\\/masagrupo.com\\\/masa-presentara-sus-soluciones-sostenibles-en-la-feria-de-mineria-mmh-2024-en-sevilla\\\/#primaryimage\"},\"thumbnailUrl\":\"https:\\\/\\\/masagrupo.com\\\/wp-content\\\/uploads\\\/2024\\\/09\\\/Captura-de-pantalla-2024-09-20-a-las-10.46.26.png\",\"articleSection\":[\"Digitalizaci\u00f3n del Mantenimiento\"],\"inLanguage\":\"fr-FR\"},{\"@type\":\"WebPage\",\"@id\":\"https:\\\/\\\/masagrupo.com\\\/masa-presentara-sus-soluciones-sostenibles-en-la-feria-de-mineria-mmh-2024-en-sevilla\\\/\",\"url\":\"https:\\\/\\\/masagrupo.com\\\/masa-presentara-sus-soluciones-sostenibles-en-la-feria-de-mineria-mmh-2024-en-sevilla\\\/\",\"name\":\"MASA presentar\u00e1 sus Soluciones Sostenibles en la Feria de Miner\u00eda MMH 2024 en Sevilla. - Grupo Masa\",\"isPartOf\":{\"@id\":\"https:\\\/\\\/masagrupo.com\\\/#website\"},\"primaryImageOfPage\":{\"@id\":\"https:\\\/\\\/masagrupo.com\\\/masa-presentara-sus-soluciones-sostenibles-en-la-feria-de-mineria-mmh-2024-en-sevilla\\\/#primaryimage\"},\"image\":{\"@id\":\"https:\\\/\\\/masagrupo.com\\\/masa-presentara-sus-soluciones-sostenibles-en-la-feria-de-mineria-mmh-2024-en-sevilla\\\/#primaryimage\"},\"thumbnailUrl\":\"https:\\\/\\\/masagrupo.com\\\/wp-content\\\/uploads\\\/2024\\\/09\\\/Captura-de-pantalla-2024-09-20-a-las-10.46.26.png\",\"datePublished\":\"2024-09-24T07:00:00+00:00\",\"dateModified\":\"2025-11-14T15:48:12+00:00\",\"author\":{\"@id\":\"https:\\\/\\\/masagrupo.com\\\/#\\\/schema\\\/person\\\/7067a848d602fff19af4f2172917fae3\"},\"description\":\"MASA se prepara para participar en el Mining and Minerals Hall (MMH) 2024, la feria minera m\u00e1s importante de Europa.\",\"breadcrumb\":{\"@id\":\"https:\\\/\\\/masagrupo.com\\\/masa-presentara-sus-soluciones-sostenibles-en-la-feria-de-mineria-mmh-2024-en-sevilla\\\/#breadcrumb\"},\"inLanguage\":\"fr-FR\",\"potentialAction\":[{\"@type\":\"ReadAction\",\"target\":[\"https:\\\/\\\/masagrupo.com\\\/masa-presentara-sus-soluciones-sostenibles-en-la-feria-de-mineria-mmh-2024-en-sevilla\\\/\"]}]},{\"@type\":\"ImageObject\",\"inLanguage\":\"fr-FR\",\"@id\":\"https:\\\/\\\/masagrupo.com\\\/masa-presentara-sus-soluciones-sostenibles-en-la-feria-de-mineria-mmh-2024-en-sevilla\\\/#primaryimage\",\"url\":\"https:\\\/\\\/masagrupo.com\\\/wp-content\\\/uploads\\\/2024\\\/09\\\/Captura-de-pantalla-2024-09-20-a-las-10.46.26.png\",\"contentUrl\":\"https:\\\/\\\/masagrupo.com\\\/wp-content\\\/uploads\\\/2024\\\/09\\\/Captura-de-pantalla-2024-09-20-a-las-10.46.26.png\",\"width\":804,\"height\":539,\"caption\":\"Entrada Feria MMH\"},{\"@type\":\"BreadcrumbList\",\"@id\":\"https:\\\/\\\/masagrupo.com\\\/masa-presentara-sus-soluciones-sostenibles-en-la-feria-de-mineria-mmh-2024-en-sevilla\\\/#breadcrumb\",\"itemListElement\":[{\"@type\":\"ListItem\",\"position\":1,\"name\":\"Portada\",\"item\":\"https:\\\/\\\/masagrupo.com\\\/\"},{\"@type\":\"ListItem\",\"position\":2,\"name\":\"MASA presentar\u00e1 sus Soluciones Sostenibles en la Feria de Miner\u00eda MMH 2024 en Sevilla.\"}]},{\"@type\":\"WebSite\",\"@id\":\"https:\\\/\\\/masagrupo.com\\\/#website\",\"url\":\"https:\\\/\\\/masagrupo.com\\\/\",\"name\":\"Grupo Masa\",\"description\":\"MASA es una empresa del Grupo ACS\",\"potentialAction\":[{\"@type\":\"SearchAction\",\"target\":{\"@type\":\"EntryPoint\",\"urlTemplate\":\"https:\\\/\\\/masagrupo.com\\\/?s={search_term_string}\"},\"query-input\":{\"@type\":\"PropertyValueSpecification\",\"valueRequired\":true,\"valueName\":\"search_term_string\"}}],\"inLanguage\":\"fr-FR\"},{\"@type\":\"Person\",\"@id\":\"https:\\\/\\\/masagrupo.com\\\/#\\\/schema\\\/person\\\/7067a848d602fff19af4f2172917fae3\",\"name\":\"Paloma Ar\u00edn\",\"image\":{\"@type\":\"ImageObject\",\"inLanguage\":\"fr-FR\",\"@id\":\"https:\\\/\\\/secure.gravatar.com\\\/avatar\\\/d707daeb8561bd35e0b9c01b797023daef352b68a03c8c613fe9cf9f178aa597?s=96&d=mm&r=g\",\"url\":\"https:\\\/\\\/secure.gravatar.com\\\/avatar\\\/d707daeb8561bd35e0b9c01b797023daef352b68a03c8c613fe9cf9f178aa597?s=96&d=mm&r=g\",\"contentUrl\":\"https:\\\/\\\/secure.gravatar.com\\\/avatar\\\/d707daeb8561bd35e0b9c01b797023daef352b68a03c8c613fe9cf9f178aa597?s=96&d=mm&r=g\",\"caption\":\"Paloma Ar\u00edn\"},\"url\":\"https:\\\/\\\/masagrupo.com\\\/fr\\\/author\\\/paloma-arin\\\/\"}]}<\/script>\n<!-- \/ Yoast SEO plugin. -->","yoast_head_json":{"title":"MASA pr\u00e9sentera ses solutions durables \u00e0 la foire mini\u00e8re MMH 2024 \u00e0 S\u00e9ville. - Groupe Masa","description":"MASA se pr\u00e9pare \u00e0 participer au Mining and Minerals Hall (MMH) 2024, le plus important salon minier d'Europe.","robots":{"index":"index","follow":"follow","max-snippet":"max-snippet:-1","max-image-preview":"max-image-preview:large","max-video-preview":"max-video-preview:-1"},"canonical":"https:\/\/masagrupo.com\/fr\/masa-presentera-ses-solutions-durables-lors-de-la-foire-miniere-mmh-2024-qui-se-tiendra-a-seville\/","og_locale":"fr_FR","og_type":"article","og_title":"MASA presentar\u00e1 sus Soluciones Sostenibles en la Feria de Miner\u00eda MMH 2024 en Sevilla. - Grupo Masa","og_description":"MASA se prepara para participar en el Mining and Minerals Hall (MMH) 2024, la feria minera m\u00e1s importante de Europa.","og_url":"https:\/\/masagrupo.com\/fr\/masa-presentera-ses-solutions-durables-lors-de-la-foire-miniere-mmh-2024-qui-se-tiendra-a-seville\/","og_site_name":"Grupo Masa","article_published_time":"2024-09-24T07:00:00+00:00","article_modified_time":"2025-11-14T15:48:12+00:00","og_image":[{"width":804,"height":539,"url":"https:\/\/masagrupo.com\/wp-content\/uploads\/2024\/09\/Captura-de-pantalla-2024-09-20-a-las-10.46.26.png","type":"image\/png"}],"author":"Paloma Ar\u00edn","twitter_card":"summary_large_image","twitter_misc":{"Written by":"Paloma Ar\u00edn","Est. reading time":"3 minutes"},"schema":{"@context":"https:\/\/schema.org","@graph":[{"@type":"Article","@id":"https:\/\/masagrupo.com\/masa-presentara-sus-soluciones-sostenibles-en-la-feria-de-mineria-mmh-2024-en-sevilla\/#article","isPartOf":{"@id":"https:\/\/masagrupo.com\/masa-presentara-sus-soluciones-sostenibles-en-la-feria-de-mineria-mmh-2024-en-sevilla\/"},"author":{"name":"Paloma Ar\u00edn","@id":"https:\/\/masagrupo.com\/#\/schema\/person\/7067a848d602fff19af4f2172917fae3"},"headline":"MASA presentar\u00e1 sus Soluciones Sostenibles en la Feria de Miner\u00eda MMH 2024 en Sevilla.","datePublished":"2024-09-24T07:00:00+00:00","dateModified":"2025-11-14T15:48:12+00:00","mainEntityOfPage":{"@id":"https:\/\/masagrupo.com\/masa-presentara-sus-soluciones-sostenibles-en-la-feria-de-mineria-mmh-2024-en-sevilla\/"},"wordCount":1288,"image":{"@id":"https:\/\/masagrupo.com\/masa-presentara-sus-soluciones-sostenibles-en-la-feria-de-mineria-mmh-2024-en-sevilla\/#primaryimage"},"thumbnailUrl":"https:\/\/masagrupo.com\/wp-content\/uploads\/2024\/09\/Captura-de-pantalla-2024-09-20-a-las-10.46.26.png","articleSection":["Digitalizaci\u00f3n del Mantenimiento"],"inLanguage":"fr-FR"},{"@type":"WebPage","@id":"https:\/\/masagrupo.com\/masa-presentara-sus-soluciones-sostenibles-en-la-feria-de-mineria-mmh-2024-en-sevilla\/","url":"https:\/\/masagrupo.com\/masa-presentara-sus-soluciones-sostenibles-en-la-feria-de-mineria-mmh-2024-en-sevilla\/","name":"MASA pr\u00e9sentera ses solutions durables \u00e0 la foire mini\u00e8re MMH 2024 \u00e0 S\u00e9ville. - Groupe Masa","isPartOf":{"@id":"https:\/\/masagrupo.com\/#website"},"primaryImageOfPage":{"@id":"https:\/\/masagrupo.com\/masa-presentara-sus-soluciones-sostenibles-en-la-feria-de-mineria-mmh-2024-en-sevilla\/#primaryimage"},"image":{"@id":"https:\/\/masagrupo.com\/masa-presentara-sus-soluciones-sostenibles-en-la-feria-de-mineria-mmh-2024-en-sevilla\/#primaryimage"},"thumbnailUrl":"https:\/\/masagrupo.com\/wp-content\/uploads\/2024\/09\/Captura-de-pantalla-2024-09-20-a-las-10.46.26.png","datePublished":"2024-09-24T07:00:00+00:00","dateModified":"2025-11-14T15:48:12+00:00","author":{"@id":"https:\/\/masagrupo.com\/#\/schema\/person\/7067a848d602fff19af4f2172917fae3"},"description":"MASA se pr\u00e9pare \u00e0 participer au Mining and Minerals Hall (MMH) 2024, le plus important salon minier d'Europe.","breadcrumb":{"@id":"https:\/\/masagrupo.com\/masa-presentara-sus-soluciones-sostenibles-en-la-feria-de-mineria-mmh-2024-en-sevilla\/#breadcrumb"},"inLanguage":"fr-FR","potentialAction":[{"@type":"ReadAction","target":["https:\/\/masagrupo.com\/masa-presentara-sus-soluciones-sostenibles-en-la-feria-de-mineria-mmh-2024-en-sevilla\/"]}]},{"@type":"ImageObject","inLanguage":"fr-FR","@id":"https:\/\/masagrupo.com\/masa-presentara-sus-soluciones-sostenibles-en-la-feria-de-mineria-mmh-2024-en-sevilla\/#primaryimage","url":"https:\/\/masagrupo.com\/wp-content\/uploads\/2024\/09\/Captura-de-pantalla-2024-09-20-a-las-10.46.26.png","contentUrl":"https:\/\/masagrupo.com\/wp-content\/uploads\/2024\/09\/Captura-de-pantalla-2024-09-20-a-las-10.46.26.png","width":804,"height":539,"caption":"Entrada Feria MMH"},{"@type":"BreadcrumbList","@id":"https:\/\/masagrupo.com\/masa-presentara-sus-soluciones-sostenibles-en-la-feria-de-mineria-mmh-2024-en-sevilla\/#breadcrumb","itemListElement":[{"@type":"ListItem","position":1,"name":"Portada","item":"https:\/\/masagrupo.com\/"},{"@type":"ListItem","position":2,"name":"MASA presentar\u00e1 sus Soluciones Sostenibles en la Feria de Miner\u00eda MMH 2024 en Sevilla."}]},{"@type":"WebSite","@id":"https:\/\/masagrupo.com\/#website","url":"https:\/\/masagrupo.com\/","name":"Groupe Masa","description":"MASA est une soci\u00e9t\u00e9 du groupe ACS","potentialAction":[{"@type":"SearchAction","target":{"@type":"EntryPoint","urlTemplate":"https:\/\/masagrupo.com\/?s={search_term_string}"},"query-input":{"@type":"PropertyValueSpecification","valueRequired":true,"valueName":"search_term_string"}}],"inLanguage":"fr-FR"},{"@type":"Person","@id":"https:\/\/masagrupo.com\/#\/schema\/person\/7067a848d602fff19af4f2172917fae3","name":"Paloma Ar\u00edn","image":{"@type":"ImageObject","inLanguage":"fr-FR","@id":"https:\/\/secure.gravatar.com\/avatar\/d707daeb8561bd35e0b9c01b797023daef352b68a03c8c613fe9cf9f178aa597?s=96&d=mm&r=g","url":"https:\/\/secure.gravatar.com\/avatar\/d707daeb8561bd35e0b9c01b797023daef352b68a03c8c613fe9cf9f178aa597?s=96&d=mm&r=g","contentUrl":"https:\/\/secure.gravatar.com\/avatar\/d707daeb8561bd35e0b9c01b797023daef352b68a03c8c613fe9cf9f178aa597?s=96&d=mm&r=g","caption":"Paloma Ar\u00edn"},"url":"https:\/\/masagrupo.com\/fr\/author\/paloma-arin\/"}]}},"_links":{"self":[{"href":"https:\/\/masagrupo.com\/fr\/wp-json\/wp\/v2\/posts\/9769","targetHints":{"allow":["GET"]}}],"collection":[{"href":"https:\/\/masagrupo.com\/fr\/wp-json\/wp\/v2\/posts"}],"about":[{"href":"https:\/\/masagrupo.com\/fr\/wp-json\/wp\/v2\/types\/post"}],"author":[{"embeddable":true,"href":"https:\/\/masagrupo.com\/fr\/wp-json\/wp\/v2\/users\/2"}],"replies":[{"embeddable":true,"href":"https:\/\/masagrupo.com\/fr\/wp-json\/wp\/v2\/comments?post=9769"}],"version-history":[{"count":6,"href":"https:\/\/masagrupo.com\/fr\/wp-json\/wp\/v2\/posts\/9769\/revisions"}],"predecessor-version":[{"id":11687,"href":"https:\/\/masagrupo.com\/fr\/wp-json\/wp\/v2\/posts\/9769\/revisions\/11687"}],"wp:featuredmedia":[{"embeddable":true,"href":"https:\/\/masagrupo.com\/fr\/wp-json\/wp\/v2\/media\/9767"}],"wp:attachment":[{"href":"https:\/\/masagrupo.com\/fr\/wp-json\/wp\/v2\/media?parent=9769"}],"wp:term":[{"taxonomy":"category","embeddable":true,"href":"https:\/\/masagrupo.com\/fr\/wp-json\/wp\/v2\/categories?post=9769"},{"taxonomy":"post_tag","embeddable":true,"href":"https:\/\/masagrupo.com\/fr\/wp-json\/wp\/v2\/tags?post=9769"}],"curies":[{"name":"wp","href":"https:\/\/api.w.org\/{rel}","templated":true}]}}