{"id":9527,"date":"2024-06-12T17:51:16","date_gmt":"2024-06-12T15:51:16","guid":{"rendered":"http:\/\/masagrupo.com\/?p=9527"},"modified":"2025-11-15T20:57:45","modified_gmt":"2025-11-15T19:57:45","slug":"grupo-masa-promeut-linnovation-a-la-xiii-conference-technique-sur-la-maintenance-a-huelva","status":"publish","type":"post","link":"https:\/\/masagrupo.com\/fr\/grupo-masa-impulsa-la-innovacion-en-las-xiii-jornadas-tecnicas-de-mantenimiento-en-huelva\/","title":{"rendered":"MASA promeut l'innovation lors de la XIIIe conf\u00e9rence technique sur la maintenance \u00e0 Huelva"},"content":{"rendered":"<div class=\"fusion-fullwidth fullwidth-box fusion-builder-row-1 fusion-flex-container has-pattern-background has-mask-background nonhundred-percent-fullwidth non-hundred-percent-height-scrolling\" style=\"--awb-border-radius-top-left:0px;--awb-border-radius-top-right:0px;--awb-border-radius-bottom-right:0px;--awb-border-radius-bottom-left:0px;--awb-flex-wrap:wrap;\" ><div class=\"fusion-builder-row fusion-row fusion-flex-align-items-flex-start fusion-flex-content-wrap\" style=\"max-width:1248px;margin-left: calc(-4% \/ 2 );margin-right: calc(-4% \/ 2 );\"><div class=\"fusion-layout-column fusion_builder_column fusion-builder-column-0 fusion_builder_column_1_1 1_1 fusion-flex-column\" style=\"--awb-bg-size:cover;--awb-width-large:100%;--awb-margin-top-large:0px;--awb-spacing-right-large:1.92%;--awb-margin-bottom-large:20px;--awb-spacing-left-large:1.92%;--awb-width-medium:100%;--awb-order-medium:0;--awb-spacing-right-medium:1.92%;--awb-spacing-left-medium:1.92%;--awb-width-small:100%;--awb-order-small:0;--awb-spacing-right-small:1.92%;--awb-spacing-left-small:1.92%;\"><div class=\"fusion-column-wrapper fusion-column-has-shadow fusion-flex-justify-content-flex-start fusion-content-layout-column\"><div class=\"fusion-title title fusion-title-1 fusion-sep-none fusion-title-text fusion-title-size-two\" style=\"--awb-text-color:var(--awb-color8);--awb-font-size:28px;\"><h2 class=\"fusion-title-heading title-heading-left\" style=\"margin:0;font-size:1em;\">La XIIIe conf\u00e9rence technique sur la maintenance dans les industries chimiques et de transformation, organis\u00e9e par l'Association europ\u00e9enne de l'industrie chimique (AEIC), s'est d\u00e9roul\u00e9e \u00e0 Paris. <span style=\"text-decoration: underline;\"><a href=\"https:\/\/aiqbe.es\/novedad\/aiqbe-y-aem-celebran-las-13%C2%AA-jornadas-tecnicas-sobre-el-mantenimiento-en-la-industria-quimica-y-de-proceso\/197\" target=\"_blank\" rel=\"noopener\">Association des industries chimiques, de base et \u00e9nerg\u00e9tiques de Huelva (AIQBE)<\/a><\/span> et le <span style=\"text-decoration: underline;\"><a href=\"https:\/\/www.aem.es\/\" target=\"_blank\" rel=\"noopener\">Association espagnole de maintenance (AEM)<\/a><\/span>, L'\u00e9v\u00e9nement, qui s'est tenu les 4 et 5 juin \u00e0 Huelva, a rassembl\u00e9 des experts du secteur pour discuter des d\u00e9fis de la num\u00e9risation et de la d\u00e9carbonisation dans l'industrie. Cet \u00e9v\u00e9nement a rassembl\u00e9 des experts du secteur pour discuter des d\u00e9fis de la num\u00e9risation et de la d\u00e9carbonisation dans l'industrie.<\/h2><\/div><div class=\"fusion-text fusion-text-1\"><p>Le groupe MASA a particip\u00e9 activement \u00e0 la conf\u00e9rence, apportant son exp\u00e9rience en mati\u00e8re de num\u00e9risation et de maintenance industrielle. Jos\u00e9 Daniel Guirado Camacho, expert en num\u00e9risation au sein du d\u00e9partement de maintenance technique de MASA, a r\u00e9affirm\u00e9 l'engagement de l'entreprise en faveur de l'innovation et de la durabilit\u00e9 dans l'industrie chimique, soulignant l'importance du partage des connaissances et de la collaboration dans l'am\u00e9lioration continue des pratiques de maintenance.<\/p>\n<p>L'\u00e9v\u00e9nement, qui a rassembl\u00e9 des experts et des leaders de l'industrie, a abord\u00e9 les d\u00e9fis de la num\u00e9risation et de la d\u00e9carbonisation, soulignant l'importance de la collaboration entre les entreprises et les administrations pour faire avancer ces d\u00e9fis.<\/p>\n<p>La conf\u00e9rence a couvert une vari\u00e9t\u00e9 de sujets en trois sessions. Le premier jour a \u00e9t\u00e9 consacr\u00e9 \u00e0 l'impact de la num\u00e9risation sur les activit\u00e9s de maintenance, y compris des exp\u00e9riences r\u00e9elles de mise en \u0153uvre dans des environnements industriels. Des aspects tels que la sensorisation, la surveillance dans la gestion, les arr\u00eats et la cybers\u00e9curit\u00e9 ont \u00e9t\u00e9 abord\u00e9s, soulignant l'importance de la s\u00e9curit\u00e9 et du professionnalisme du personnel.<\/p>\n<p>La journ\u00e9e s'est achev\u00e9e par un d\u00e9bat-colloque sur la r\u00e9alit\u00e9 de la num\u00e9risation et les probl\u00e8mes pour relever les d\u00e9fis et g\u00e9n\u00e9rer des opportunit\u00e9s, avec la participation d'entreprises de services et de l'industrie.<\/p>\n<p>La deuxi\u00e8me journ\u00e9e a commenc\u00e9 par l'analyse des technologies de d\u00e9carbonisation et de leur application dans la maintenance, en mettant l'accent sur celles qui am\u00e9liorent la formation du personnel. La journ\u00e9e s'est termin\u00e9e par une table ronde sur la formation du personnel, abordant les besoins actuels et futurs de l'industrie et la fa\u00e7on dont la formation est cruciale pour r\u00e9pondre aux d\u00e9fis de la d\u00e9carbonisation, avec la vision strat\u00e9gique de l'administration.<\/p>\n<\/div><\/div><\/div><div class=\"fusion-layout-column fusion_builder_column fusion-builder-column-1 fusion_builder_column_1_3 1_3 fusion-flex-column\" style=\"--awb-bg-size:cover;--awb-width-large:33.333333333333%;--awb-margin-top-large:0px;--awb-spacing-right-large:5.76%;--awb-margin-bottom-large:20px;--awb-spacing-left-large:5.76%;--awb-width-medium:33.333333333333%;--awb-order-medium:0;--awb-spacing-right-medium:5.76%;--awb-spacing-left-medium:5.76%;--awb-width-small:100%;--awb-order-small:0;--awb-spacing-right-small:1.92%;--awb-spacing-left-small:1.92%;\"><div class=\"fusion-column-wrapper fusion-column-has-shadow fusion-flex-justify-content-flex-start fusion-content-layout-column\"><div class=\"fusion-image-element\" style=\"--awb-caption-title-font-family:var(--h2_typography-font-family);--awb-caption-title-font-weight:var(--h2_typography-font-weight);--awb-caption-title-font-style:var(--h2_typography-font-style);--awb-caption-title-size:var(--h2_typography-font-size);--awb-caption-title-transform:var(--h2_typography-text-transform);--awb-caption-title-line-height:var(--h2_typography-line-height);--awb-caption-title-letter-spacing:var(--h2_typography-letter-spacing);\"><span class=\"fusion-imageframe imageframe-none imageframe-1 hover-type-none\"><img decoding=\"async\" width=\"400\" height=\"300\" title=\"conf\u00e9rences1\" src=\"https:\/\/masagrupo.com\/wp-content\/uploads\/2024\/06\/jornadas1-400x300.jpg\" alt class=\"img-responsive wp-image-11758\" srcset=\"https:\/\/masagrupo.com\/wp-content\/uploads\/2024\/06\/jornadas1-200x150.jpg 200w, https:\/\/masagrupo.com\/wp-content\/uploads\/2024\/06\/jornadas1-400x300.jpg 400w, https:\/\/masagrupo.com\/wp-content\/uploads\/2024\/06\/jornadas1-600x450.jpg 600w, https:\/\/masagrupo.com\/wp-content\/uploads\/2024\/06\/jornadas1-800x600.jpg 800w, https:\/\/masagrupo.com\/wp-content\/uploads\/2024\/06\/jornadas1-1200x900.jpg 1200w, https:\/\/masagrupo.com\/wp-content\/uploads\/2024\/06\/jornadas1.jpg 1600w\" sizes=\"(max-width: 640px) 100vw, 400px\" \/><\/span><\/div><\/div><\/div><div class=\"fusion-layout-column fusion_builder_column fusion-builder-column-2 fusion_builder_column_1_3 1_3 fusion-flex-column\" style=\"--awb-bg-size:cover;--awb-width-large:33.333333333333%;--awb-margin-top-large:0px;--awb-spacing-right-large:5.76%;--awb-margin-bottom-large:20px;--awb-spacing-left-large:5.76%;--awb-width-medium:33.333333333333%;--awb-order-medium:0;--awb-spacing-right-medium:5.76%;--awb-spacing-left-medium:5.76%;--awb-width-small:100%;--awb-order-small:0;--awb-spacing-right-small:1.92%;--awb-spacing-left-small:1.92%;\"><div class=\"fusion-column-wrapper fusion-column-has-shadow fusion-flex-justify-content-flex-start fusion-content-layout-column\"><div class=\"fusion-image-element\" style=\"--awb-caption-title-font-family:var(--h2_typography-font-family);--awb-caption-title-font-weight:var(--h2_typography-font-weight);--awb-caption-title-font-style:var(--h2_typography-font-style);--awb-caption-title-size:var(--h2_typography-font-size);--awb-caption-title-transform:var(--h2_typography-text-transform);--awb-caption-title-line-height:var(--h2_typography-line-height);--awb-caption-title-letter-spacing:var(--h2_typography-letter-spacing);\"><span class=\"fusion-imageframe imageframe-none imageframe-2 hover-type-none\"><img decoding=\"async\" width=\"400\" height=\"300\" title=\"conf\u00e9rences2\" src=\"https:\/\/masagrupo.com\/wp-content\/uploads\/2024\/06\/jornadas2-400x300.jpg\" alt class=\"img-responsive wp-image-11757\" srcset=\"https:\/\/masagrupo.com\/wp-content\/uploads\/2024\/06\/jornadas2-200x150.jpg 200w, https:\/\/masagrupo.com\/wp-content\/uploads\/2024\/06\/jornadas2-400x300.jpg 400w, https:\/\/masagrupo.com\/wp-content\/uploads\/2024\/06\/jornadas2-600x450.jpg 600w, https:\/\/masagrupo.com\/wp-content\/uploads\/2024\/06\/jornadas2-800x600.jpg 800w, https:\/\/masagrupo.com\/wp-content\/uploads\/2024\/06\/jornadas2-1200x900.jpg 1200w\" sizes=\"(max-width: 640px) 100vw, 400px\" \/><\/span><\/div><\/div><\/div><div class=\"fusion-layout-column fusion_builder_column fusion-builder-column-3 fusion_builder_column_1_3 1_3 fusion-flex-column\" style=\"--awb-bg-size:cover;--awb-width-large:33.333333333333%;--awb-margin-top-large:0px;--awb-spacing-right-large:5.76%;--awb-margin-bottom-large:20px;--awb-spacing-left-large:5.76%;--awb-width-medium:33.333333333333%;--awb-order-medium:0;--awb-spacing-right-medium:5.76%;--awb-spacing-left-medium:5.76%;--awb-width-small:100%;--awb-order-small:0;--awb-spacing-right-small:1.92%;--awb-spacing-left-small:1.92%;\"><div class=\"fusion-column-wrapper fusion-column-has-shadow fusion-flex-justify-content-flex-start fusion-content-layout-column\"><div class=\"fusion-image-element\" style=\"--awb-caption-title-font-family:var(--h2_typography-font-family);--awb-caption-title-font-weight:var(--h2_typography-font-weight);--awb-caption-title-font-style:var(--h2_typography-font-style);--awb-caption-title-size:var(--h2_typography-font-size);--awb-caption-title-transform:var(--h2_typography-text-transform);--awb-caption-title-line-height:var(--h2_typography-line-height);--awb-caption-title-letter-spacing:var(--h2_typography-letter-spacing);\"><span class=\"fusion-imageframe imageframe-none imageframe-3 hover-type-none\"><img decoding=\"async\" width=\"400\" height=\"300\" title=\"conf\u00e9rences3\" src=\"https:\/\/masagrupo.com\/wp-content\/uploads\/2024\/06\/jornadas3-400x300.jpg\" alt class=\"img-responsive wp-image-11756\" srcset=\"https:\/\/masagrupo.com\/wp-content\/uploads\/2024\/06\/jornadas3-200x150.jpg 200w, https:\/\/masagrupo.com\/wp-content\/uploads\/2024\/06\/jornadas3-400x300.jpg 400w, https:\/\/masagrupo.com\/wp-content\/uploads\/2024\/06\/jornadas3-600x450.jpg 600w, https:\/\/masagrupo.com\/wp-content\/uploads\/2024\/06\/jornadas3-800x600.jpg 800w, https:\/\/masagrupo.com\/wp-content\/uploads\/2024\/06\/jornadas3-1200x900.jpg 1200w, https:\/\/masagrupo.com\/wp-content\/uploads\/2024\/06\/jornadas3.jpg 1600w\" sizes=\"(max-width: 640px) 100vw, 400px\" \/><\/span><\/div><\/div><\/div><\/div><\/div>","protected":false},"excerpt":{"rendered":"<p>Les XIII Jornadas T\u00e9cnicas sobre el Mantenimiento en la Industria Qu\u00edmica y de Proceso, organis\u00e9es par l'Asociaci\u00f3n de Industrias Qu\u00edmicas, B\u00e1sicas y Energ\u00e9ticas de Huelva (AIQBE) et l'Asociaci\u00f3n Espa\u00f1ola de Mantenimiento (AEM), se sont tenues les 4 et 5 juin \u00e0 Huelva. Cet \u00e9v\u00e9nement a rassembl\u00e9 des experts du secteur pour discuter des d\u00e9fis de la num\u00e9risation et de la d\u00e9carbonisation dans l'industrie.<\/p>","protected":false},"author":2,"featured_media":9509,"comment_status":"closed","ping_status":"closed","sticky":false,"template":"","format":"standard","meta":{"footnotes":""},"categories":[1],"tags":[],"class_list":["post-9527","post","type-post","status-publish","format-standard","has-post-thumbnail","hentry","category-digitalizacion-del-mantenimiento"],"yoast_head":"<!-- This site is optimized with the Yoast SEO plugin v27.4 - https:\/\/yoast.com\/product\/yoast-seo-wordpress\/ -->\n<title>MASA impulsa la innovaci\u00f3n en las XIII Jornadas T\u00e9cnicas de Mantenimiento en Huelva - Grupo Masa<\/title>\n<meta name=\"robots\" content=\"index, follow, max-snippet:-1, max-image-preview:large, max-video-preview:-1\" \/>\n<link rel=\"canonical\" href=\"https:\/\/masagrupo.com\/fr\/grupo-masa-promeut-linnovation-a-la-xiii-conference-technique-sur-la-maintenance-a-huelva\/\" \/>\n<meta property=\"og:locale\" content=\"fr_FR\" \/>\n<meta property=\"og:type\" content=\"article\" \/>\n<meta property=\"og:title\" content=\"MASA impulsa la innovaci\u00f3n en las XIII Jornadas T\u00e9cnicas de Mantenimiento en Huelva - Grupo Masa\" \/>\n<meta property=\"og:description\" content=\"Las XIII Jornadas T\u00e9cnicas sobre el Mantenimiento en la Industria Qu\u00edmica y de Proceso, organizadas por la Asociaci\u00f3n de Industrias Qu\u00edmicas, B\u00e1sicas y Energ\u00e9ticas de Huelva (AIQBE) y la Asociaci\u00f3n Espa\u00f1ola de Mantenimiento (AEM), se celebraron los d\u00edas 4 y 5 de junio en Huelva. Este evento reuni\u00f3 a expertos del sector para discutir los desaf\u00edos de la digitalizaci\u00f3n y la descarbonizaci\u00f3n en la industria.\" \/>\n<meta property=\"og:url\" content=\"https:\/\/masagrupo.com\/fr\/grupo-masa-promeut-linnovation-a-la-xiii-conference-technique-sur-la-maintenance-a-huelva\/\" \/>\n<meta property=\"og:site_name\" content=\"Grupo Masa\" \/>\n<meta property=\"article:published_time\" content=\"2024-06-12T15:51:16+00:00\" \/>\n<meta property=\"article:modified_time\" content=\"2025-11-15T19:57:45+00:00\" \/>\n<meta property=\"og:image\" content=\"https:\/\/masagrupo.com\/wp-content\/uploads\/2024\/06\/Captura-de-pantalla-2024-06-11-a-las-9.31.11.png\" \/>\n\t<meta property=\"og:image:width\" content=\"1440\" \/>\n\t<meta property=\"og:image:height\" content=\"839\" \/>\n\t<meta property=\"og:image:type\" content=\"image\/png\" \/>\n<meta name=\"author\" content=\"Paloma Ar\u00edn\" \/>\n<meta name=\"twitter:card\" content=\"summary_large_image\" \/>\n<meta name=\"twitter:label1\" content=\"Written by\" \/>\n\t<meta name=\"twitter:data1\" content=\"Paloma Ar\u00edn\" \/>\n\t<meta name=\"twitter:label2\" content=\"Est. reading time\" \/>\n\t<meta name=\"twitter:data2\" content=\"3 minutes\" \/>\n<script type=\"application\/ld+json\" class=\"yoast-schema-graph\">{\"@context\":\"https:\\\/\\\/schema.org\",\"@graph\":[{\"@type\":\"Article\",\"@id\":\"https:\\\/\\\/masagrupo.com\\\/grupo-masa-impulsa-la-innovacion-en-las-xiii-jornadas-tecnicas-de-mantenimiento-en-huelva\\\/#article\",\"isPartOf\":{\"@id\":\"https:\\\/\\\/masagrupo.com\\\/grupo-masa-impulsa-la-innovacion-en-las-xiii-jornadas-tecnicas-de-mantenimiento-en-huelva\\\/\"},\"author\":{\"name\":\"Paloma Ar\u00edn\",\"@id\":\"https:\\\/\\\/masagrupo.com\\\/#\\\/schema\\\/person\\\/7067a848d602fff19af4f2172917fae3\"},\"headline\":\"MASA impulsa la innovaci\u00f3n en las XIII Jornadas T\u00e9cnicas de Mantenimiento en Huelva\",\"datePublished\":\"2024-06-12T15:51:16+00:00\",\"dateModified\":\"2025-11-15T19:57:45+00:00\",\"mainEntityOfPage\":{\"@id\":\"https:\\\/\\\/masagrupo.com\\\/grupo-masa-impulsa-la-innovacion-en-las-xiii-jornadas-tecnicas-de-mantenimiento-en-huelva\\\/\"},\"wordCount\":3981,\"image\":{\"@id\":\"https:\\\/\\\/masagrupo.com\\\/grupo-masa-impulsa-la-innovacion-en-las-xiii-jornadas-tecnicas-de-mantenimiento-en-huelva\\\/#primaryimage\"},\"thumbnailUrl\":\"https:\\\/\\\/masagrupo.com\\\/wp-content\\\/uploads\\\/2024\\\/06\\\/Captura-de-pantalla-2024-06-11-a-las-9.31.11.png\",\"articleSection\":[\"Digitalizaci\u00f3n del Mantenimiento\"],\"inLanguage\":\"fr-FR\"},{\"@type\":\"WebPage\",\"@id\":\"https:\\\/\\\/masagrupo.com\\\/grupo-masa-impulsa-la-innovacion-en-las-xiii-jornadas-tecnicas-de-mantenimiento-en-huelva\\\/\",\"url\":\"https:\\\/\\\/masagrupo.com\\\/grupo-masa-impulsa-la-innovacion-en-las-xiii-jornadas-tecnicas-de-mantenimiento-en-huelva\\\/\",\"name\":\"MASA impulsa la innovaci\u00f3n en las XIII Jornadas T\u00e9cnicas de Mantenimiento en Huelva - Grupo Masa\",\"isPartOf\":{\"@id\":\"https:\\\/\\\/masagrupo.com\\\/#website\"},\"primaryImageOfPage\":{\"@id\":\"https:\\\/\\\/masagrupo.com\\\/grupo-masa-impulsa-la-innovacion-en-las-xiii-jornadas-tecnicas-de-mantenimiento-en-huelva\\\/#primaryimage\"},\"image\":{\"@id\":\"https:\\\/\\\/masagrupo.com\\\/grupo-masa-impulsa-la-innovacion-en-las-xiii-jornadas-tecnicas-de-mantenimiento-en-huelva\\\/#primaryimage\"},\"thumbnailUrl\":\"https:\\\/\\\/masagrupo.com\\\/wp-content\\\/uploads\\\/2024\\\/06\\\/Captura-de-pantalla-2024-06-11-a-las-9.31.11.png\",\"datePublished\":\"2024-06-12T15:51:16+00:00\",\"dateModified\":\"2025-11-15T19:57:45+00:00\",\"author\":{\"@id\":\"https:\\\/\\\/masagrupo.com\\\/#\\\/schema\\\/person\\\/7067a848d602fff19af4f2172917fae3\"},\"breadcrumb\":{\"@id\":\"https:\\\/\\\/masagrupo.com\\\/grupo-masa-impulsa-la-innovacion-en-las-xiii-jornadas-tecnicas-de-mantenimiento-en-huelva\\\/#breadcrumb\"},\"inLanguage\":\"fr-FR\",\"potentialAction\":[{\"@type\":\"ReadAction\",\"target\":[\"https:\\\/\\\/masagrupo.com\\\/grupo-masa-impulsa-la-innovacion-en-las-xiii-jornadas-tecnicas-de-mantenimiento-en-huelva\\\/\"]}]},{\"@type\":\"ImageObject\",\"inLanguage\":\"fr-FR\",\"@id\":\"https:\\\/\\\/masagrupo.com\\\/grupo-masa-impulsa-la-innovacion-en-las-xiii-jornadas-tecnicas-de-mantenimiento-en-huelva\\\/#primaryimage\",\"url\":\"https:\\\/\\\/masagrupo.com\\\/wp-content\\\/uploads\\\/2024\\\/06\\\/Captura-de-pantalla-2024-06-11-a-las-9.31.11.png\",\"contentUrl\":\"https:\\\/\\\/masagrupo.com\\\/wp-content\\\/uploads\\\/2024\\\/06\\\/Captura-de-pantalla-2024-06-11-a-las-9.31.11.png\",\"width\":1440,\"height\":839},{\"@type\":\"BreadcrumbList\",\"@id\":\"https:\\\/\\\/masagrupo.com\\\/grupo-masa-impulsa-la-innovacion-en-las-xiii-jornadas-tecnicas-de-mantenimiento-en-huelva\\\/#breadcrumb\",\"itemListElement\":[{\"@type\":\"ListItem\",\"position\":1,\"name\":\"Portada\",\"item\":\"https:\\\/\\\/masagrupo.com\\\/\"},{\"@type\":\"ListItem\",\"position\":2,\"name\":\"MASA impulsa la innovaci\u00f3n en las XIII Jornadas T\u00e9cnicas de Mantenimiento en Huelva\"}]},{\"@type\":\"WebSite\",\"@id\":\"https:\\\/\\\/masagrupo.com\\\/#website\",\"url\":\"https:\\\/\\\/masagrupo.com\\\/\",\"name\":\"Grupo Masa\",\"description\":\"MASA es una empresa del Grupo ACS\",\"potentialAction\":[{\"@type\":\"SearchAction\",\"target\":{\"@type\":\"EntryPoint\",\"urlTemplate\":\"https:\\\/\\\/masagrupo.com\\\/?s={search_term_string}\"},\"query-input\":{\"@type\":\"PropertyValueSpecification\",\"valueRequired\":true,\"valueName\":\"search_term_string\"}}],\"inLanguage\":\"fr-FR\"},{\"@type\":\"Person\",\"@id\":\"https:\\\/\\\/masagrupo.com\\\/#\\\/schema\\\/person\\\/7067a848d602fff19af4f2172917fae3\",\"name\":\"Paloma Ar\u00edn\",\"image\":{\"@type\":\"ImageObject\",\"inLanguage\":\"fr-FR\",\"@id\":\"https:\\\/\\\/secure.gravatar.com\\\/avatar\\\/d707daeb8561bd35e0b9c01b797023daef352b68a03c8c613fe9cf9f178aa597?s=96&d=mm&r=g\",\"url\":\"https:\\\/\\\/secure.gravatar.com\\\/avatar\\\/d707daeb8561bd35e0b9c01b797023daef352b68a03c8c613fe9cf9f178aa597?s=96&d=mm&r=g\",\"contentUrl\":\"https:\\\/\\\/secure.gravatar.com\\\/avatar\\\/d707daeb8561bd35e0b9c01b797023daef352b68a03c8c613fe9cf9f178aa597?s=96&d=mm&r=g\",\"caption\":\"Paloma Ar\u00edn\"},\"url\":\"https:\\\/\\\/masagrupo.com\\\/fr\\\/author\\\/paloma-arin\\\/\"}]}<\/script>\n<!-- \/ Yoast SEO plugin. -->","yoast_head_json":{"title":"MASA promeut l'innovation lors de la 13e conf\u00e9rence sur la maintenance technique \u00e0 Huelva - Grupo Masa","robots":{"index":"index","follow":"follow","max-snippet":"max-snippet:-1","max-image-preview":"max-image-preview:large","max-video-preview":"max-video-preview:-1"},"canonical":"https:\/\/masagrupo.com\/fr\/grupo-masa-promeut-linnovation-a-la-xiii-conference-technique-sur-la-maintenance-a-huelva\/","og_locale":"fr_FR","og_type":"article","og_title":"MASA impulsa la innovaci\u00f3n en las XIII Jornadas T\u00e9cnicas de Mantenimiento en Huelva - Grupo Masa","og_description":"Las XIII Jornadas T\u00e9cnicas sobre el Mantenimiento en la Industria Qu\u00edmica y de Proceso, organizadas por la Asociaci\u00f3n de Industrias Qu\u00edmicas, B\u00e1sicas y Energ\u00e9ticas de Huelva (AIQBE) y la Asociaci\u00f3n Espa\u00f1ola de Mantenimiento (AEM), se celebraron los d\u00edas 4 y 5 de junio en Huelva. Este evento reuni\u00f3 a expertos del sector para discutir los desaf\u00edos de la digitalizaci\u00f3n y la descarbonizaci\u00f3n en la industria.","og_url":"https:\/\/masagrupo.com\/fr\/grupo-masa-promeut-linnovation-a-la-xiii-conference-technique-sur-la-maintenance-a-huelva\/","og_site_name":"Grupo Masa","article_published_time":"2024-06-12T15:51:16+00:00","article_modified_time":"2025-11-15T19:57:45+00:00","og_image":[{"width":1440,"height":839,"url":"https:\/\/masagrupo.com\/wp-content\/uploads\/2024\/06\/Captura-de-pantalla-2024-06-11-a-las-9.31.11.png","type":"image\/png"}],"author":"Paloma Ar\u00edn","twitter_card":"summary_large_image","twitter_misc":{"Written by":"Paloma Ar\u00edn","Est. reading time":"3 minutes"},"schema":{"@context":"https:\/\/schema.org","@graph":[{"@type":"Article","@id":"https:\/\/masagrupo.com\/grupo-masa-impulsa-la-innovacion-en-las-xiii-jornadas-tecnicas-de-mantenimiento-en-huelva\/#article","isPartOf":{"@id":"https:\/\/masagrupo.com\/grupo-masa-impulsa-la-innovacion-en-las-xiii-jornadas-tecnicas-de-mantenimiento-en-huelva\/"},"author":{"name":"Paloma Ar\u00edn","@id":"https:\/\/masagrupo.com\/#\/schema\/person\/7067a848d602fff19af4f2172917fae3"},"headline":"MASA impulsa la innovaci\u00f3n en las XIII Jornadas T\u00e9cnicas de Mantenimiento en Huelva","datePublished":"2024-06-12T15:51:16+00:00","dateModified":"2025-11-15T19:57:45+00:00","mainEntityOfPage":{"@id":"https:\/\/masagrupo.com\/grupo-masa-impulsa-la-innovacion-en-las-xiii-jornadas-tecnicas-de-mantenimiento-en-huelva\/"},"wordCount":3981,"image":{"@id":"https:\/\/masagrupo.com\/grupo-masa-impulsa-la-innovacion-en-las-xiii-jornadas-tecnicas-de-mantenimiento-en-huelva\/#primaryimage"},"thumbnailUrl":"https:\/\/masagrupo.com\/wp-content\/uploads\/2024\/06\/Captura-de-pantalla-2024-06-11-a-las-9.31.11.png","articleSection":["Digitalizaci\u00f3n del Mantenimiento"],"inLanguage":"fr-FR"},{"@type":"WebPage","@id":"https:\/\/masagrupo.com\/grupo-masa-impulsa-la-innovacion-en-las-xiii-jornadas-tecnicas-de-mantenimiento-en-huelva\/","url":"https:\/\/masagrupo.com\/grupo-masa-impulsa-la-innovacion-en-las-xiii-jornadas-tecnicas-de-mantenimiento-en-huelva\/","name":"MASA promeut l'innovation lors de la 13e conf\u00e9rence sur la maintenance technique \u00e0 Huelva - Grupo Masa","isPartOf":{"@id":"https:\/\/masagrupo.com\/#website"},"primaryImageOfPage":{"@id":"https:\/\/masagrupo.com\/grupo-masa-impulsa-la-innovacion-en-las-xiii-jornadas-tecnicas-de-mantenimiento-en-huelva\/#primaryimage"},"image":{"@id":"https:\/\/masagrupo.com\/grupo-masa-impulsa-la-innovacion-en-las-xiii-jornadas-tecnicas-de-mantenimiento-en-huelva\/#primaryimage"},"thumbnailUrl":"https:\/\/masagrupo.com\/wp-content\/uploads\/2024\/06\/Captura-de-pantalla-2024-06-11-a-las-9.31.11.png","datePublished":"2024-06-12T15:51:16+00:00","dateModified":"2025-11-15T19:57:45+00:00","author":{"@id":"https:\/\/masagrupo.com\/#\/schema\/person\/7067a848d602fff19af4f2172917fae3"},"breadcrumb":{"@id":"https:\/\/masagrupo.com\/grupo-masa-impulsa-la-innovacion-en-las-xiii-jornadas-tecnicas-de-mantenimiento-en-huelva\/#breadcrumb"},"inLanguage":"fr-FR","potentialAction":[{"@type":"ReadAction","target":["https:\/\/masagrupo.com\/grupo-masa-impulsa-la-innovacion-en-las-xiii-jornadas-tecnicas-de-mantenimiento-en-huelva\/"]}]},{"@type":"ImageObject","inLanguage":"fr-FR","@id":"https:\/\/masagrupo.com\/grupo-masa-impulsa-la-innovacion-en-las-xiii-jornadas-tecnicas-de-mantenimiento-en-huelva\/#primaryimage","url":"https:\/\/masagrupo.com\/wp-content\/uploads\/2024\/06\/Captura-de-pantalla-2024-06-11-a-las-9.31.11.png","contentUrl":"https:\/\/masagrupo.com\/wp-content\/uploads\/2024\/06\/Captura-de-pantalla-2024-06-11-a-las-9.31.11.png","width":1440,"height":839},{"@type":"BreadcrumbList","@id":"https:\/\/masagrupo.com\/grupo-masa-impulsa-la-innovacion-en-las-xiii-jornadas-tecnicas-de-mantenimiento-en-huelva\/#breadcrumb","itemListElement":[{"@type":"ListItem","position":1,"name":"Portada","item":"https:\/\/masagrupo.com\/"},{"@type":"ListItem","position":2,"name":"MASA impulsa la innovaci\u00f3n en las XIII Jornadas T\u00e9cnicas de Mantenimiento en Huelva"}]},{"@type":"WebSite","@id":"https:\/\/masagrupo.com\/#website","url":"https:\/\/masagrupo.com\/","name":"Groupe Masa","description":"MASA est une soci\u00e9t\u00e9 du groupe ACS","potentialAction":[{"@type":"SearchAction","target":{"@type":"EntryPoint","urlTemplate":"https:\/\/masagrupo.com\/?s={search_term_string}"},"query-input":{"@type":"PropertyValueSpecification","valueRequired":true,"valueName":"search_term_string"}}],"inLanguage":"fr-FR"},{"@type":"Person","@id":"https:\/\/masagrupo.com\/#\/schema\/person\/7067a848d602fff19af4f2172917fae3","name":"Paloma Ar\u00edn","image":{"@type":"ImageObject","inLanguage":"fr-FR","@id":"https:\/\/secure.gravatar.com\/avatar\/d707daeb8561bd35e0b9c01b797023daef352b68a03c8c613fe9cf9f178aa597?s=96&d=mm&r=g","url":"https:\/\/secure.gravatar.com\/avatar\/d707daeb8561bd35e0b9c01b797023daef352b68a03c8c613fe9cf9f178aa597?s=96&d=mm&r=g","contentUrl":"https:\/\/secure.gravatar.com\/avatar\/d707daeb8561bd35e0b9c01b797023daef352b68a03c8c613fe9cf9f178aa597?s=96&d=mm&r=g","caption":"Paloma Ar\u00edn"},"url":"https:\/\/masagrupo.com\/fr\/author\/paloma-arin\/"}]}},"_links":{"self":[{"href":"https:\/\/masagrupo.com\/fr\/wp-json\/wp\/v2\/posts\/9527","targetHints":{"allow":["GET"]}}],"collection":[{"href":"https:\/\/masagrupo.com\/fr\/wp-json\/wp\/v2\/posts"}],"about":[{"href":"https:\/\/masagrupo.com\/fr\/wp-json\/wp\/v2\/types\/post"}],"author":[{"embeddable":true,"href":"https:\/\/masagrupo.com\/fr\/wp-json\/wp\/v2\/users\/2"}],"replies":[{"embeddable":true,"href":"https:\/\/masagrupo.com\/fr\/wp-json\/wp\/v2\/comments?post=9527"}],"version-history":[{"count":19,"href":"https:\/\/masagrupo.com\/fr\/wp-json\/wp\/v2\/posts\/9527\/revisions"}],"predecessor-version":[{"id":11760,"href":"https:\/\/masagrupo.com\/fr\/wp-json\/wp\/v2\/posts\/9527\/revisions\/11760"}],"wp:featuredmedia":[{"embeddable":true,"href":"https:\/\/masagrupo.com\/fr\/wp-json\/wp\/v2\/media\/9509"}],"wp:attachment":[{"href":"https:\/\/masagrupo.com\/fr\/wp-json\/wp\/v2\/media?parent=9527"}],"wp:term":[{"taxonomy":"category","embeddable":true,"href":"https:\/\/masagrupo.com\/fr\/wp-json\/wp\/v2\/categories?post=9527"},{"taxonomy":"post_tag","embeddable":true,"href":"https:\/\/masagrupo.com\/fr\/wp-json\/wp\/v2\/tags?post=9527"}],"curies":[{"name":"wp","href":"https:\/\/api.w.org\/{rel}","templated":true}]}}