{"id":9273,"date":"2024-02-05T14:34:55","date_gmt":"2024-02-05T13:34:55","guid":{"rendered":"http:\/\/masagrupo.com\/?p=9273"},"modified":"2025-11-15T21:04:32","modified_gmt":"2025-11-15T20:04:32","slug":"masa-participera-au-premier-congres-national-sur-lhydrogene-vert-un-evenement-qui-promet-de-donner-un-coup-de-fouet-a-lavenir-energetique","status":"publish","type":"post","link":"https:\/\/masagrupo.com\/fr\/masa-participara-en-el-i-congreso-nacional-de-hidrogeno-verde-un-evento-que-promete-impulsar-el-futuro-energetico\/","title":{"rendered":"MASA participera au premier congr\u00e8s national sur l'hydrog\u00e8ne vert : un \u00e9v\u00e9nement qui promet d'ouvrir la voie \u00e0 l'avenir de l'\u00e9nergie."},"content":{"rendered":"<div class=\"fusion-fullwidth fullwidth-box fusion-builder-row-1 fusion-flex-container has-pattern-background has-mask-background nonhundred-percent-fullwidth non-hundred-percent-height-scrolling\" style=\"--awb-border-radius-top-left:0px;--awb-border-radius-top-right:0px;--awb-border-radius-bottom-right:0px;--awb-border-radius-bottom-left:0px;--awb-flex-wrap:wrap;\" ><div class=\"fusion-builder-row fusion-row fusion-flex-align-items-flex-start fusion-flex-content-wrap\" style=\"max-width:1248px;margin-left: calc(-4% \/ 2 );margin-right: calc(-4% \/ 2 );\"><div class=\"fusion-layout-column fusion_builder_column fusion-builder-column-0 fusion_builder_column_1_1 1_1 fusion-flex-column\" style=\"--awb-bg-size:cover;--awb-width-large:100%;--awb-margin-top-large:0px;--awb-spacing-right-large:1.92%;--awb-margin-bottom-large:20px;--awb-spacing-left-large:1.92%;--awb-width-medium:100%;--awb-order-medium:0;--awb-spacing-right-medium:1.92%;--awb-spacing-left-medium:1.92%;--awb-width-small:100%;--awb-order-small:0;--awb-spacing-right-small:1.92%;--awb-spacing-left-small:1.92%;\"><div class=\"fusion-column-wrapper fusion-column-has-shadow fusion-flex-justify-content-flex-start fusion-content-layout-column\"><div class=\"fusion-title title fusion-title-1 fusion-sep-none fusion-title-text fusion-title-size-two\" style=\"--awb-text-color:var(--awb-color8);--awb-font-size:28px;\"><h2 class=\"fusion-title-heading title-heading-left\" style=\"margin:0;font-size:1em;\">L'entreprise MASA participe au 1er Congr\u00e8s national sur l'hydrog\u00e8ne vert, qui se tiendra \u00e0 Huelva du 7 au 9 f\u00e9vrier 2024. L'\u00e9v\u00e9nement, promu par la F\u00e9d\u00e9ration des entrepreneurs de Huelva (FOE), r\u00e9unira plus de 200 entreprises leaders du secteur et 20 associations nationales, clusters et vall\u00e9es nationales unifi\u00e9es.<\/h2><\/div><\/div><\/div><div class=\"fusion-layout-column fusion_builder_column fusion-builder-column-1 fusion_builder_column_2_3 2_3 fusion-flex-column\" style=\"--awb-bg-size:cover;--awb-width-large:66.666666666667%;--awb-margin-top-large:0px;--awb-spacing-right-large:2.88%;--awb-margin-bottom-large:20px;--awb-spacing-left-large:2.88%;--awb-width-medium:66.666666666667%;--awb-order-medium:0;--awb-spacing-right-medium:2.88%;--awb-spacing-left-medium:2.88%;--awb-width-small:100%;--awb-order-small:0;--awb-spacing-right-small:1.92%;--awb-spacing-left-small:1.92%;\"><div class=\"fusion-column-wrapper fusion-column-has-shadow fusion-flex-justify-content-flex-start fusion-content-layout-column\"><div class=\"fusion-text fusion-text-1\"><p>R\u00e9solument ax\u00e9 sur les affaires et l'industrie, le premier congr\u00e8s national sur l'hydrog\u00e8ne vert accueillera plus de 40 pan\u00e9listes, des PDG d'entreprises de premier plan, ainsi que des intervenants nationaux et internationaux qui partageront leurs exp\u00e9riences concr\u00e8tes et leurs plans d'investissement ambitieux dans le secteur de l'hydrog\u00e8ne vert.<\/p>\n<p>Le directeur g\u00e9n\u00e9ral de MASA, Francesc Suils Fuentes, pr\u00e9sentera une perspective sur le r\u00f4le essentiel de l'industrie auxiliaire dans les projets H2V. D'autre part, Jos\u00e9 Miguel Barranco Rosa, directeur de l'assembl\u00e9e, abordera les d\u00e9fis et les opportunit\u00e9s que la d\u00e9carbonisation repr\u00e9sente pour une entreprise de services publics. La participation active de MASA promet d'apporter des informations pr\u00e9cieuses aux discussions cl\u00e9s sur la maintenance et la durabilit\u00e9.<\/p>\n<p>En outre, il y aura une vaste zone d'exposition et un espace de mise en r\u00e9seau, o\u00f9 les entreprises participantes feront des pr\u00e9sentations et d\u00e9velopperont des actions commerciales communes.<\/p>\n<\/div><\/div><\/div><div class=\"fusion-layout-column fusion_builder_column fusion-builder-column-2 fusion_builder_column_1_3 1_3 fusion-flex-column\" style=\"--awb-bg-size:cover;--awb-width-large:33.333333333333%;--awb-margin-top-large:0px;--awb-spacing-right-large:5.76%;--awb-margin-bottom-large:20px;--awb-spacing-left-large:5.76%;--awb-width-medium:33.333333333333%;--awb-order-medium:0;--awb-spacing-right-medium:5.76%;--awb-spacing-left-medium:5.76%;--awb-width-small:100%;--awb-order-small:0;--awb-spacing-right-small:1.92%;--awb-spacing-left-small:1.92%;\"><div class=\"fusion-column-wrapper fusion-column-has-shadow fusion-flex-justify-content-flex-start fusion-content-layout-column\"><div class=\"fusion-image-element\" style=\"--awb-caption-title-font-family:var(--h2_typography-font-family);--awb-caption-title-font-weight:var(--h2_typography-font-weight);--awb-caption-title-font-style:var(--h2_typography-font-style);--awb-caption-title-size:var(--h2_typography-font-size);--awb-caption-title-transform:var(--h2_typography-text-transform);--awb-caption-title-line-height:var(--h2_typography-line-height);--awb-caption-title-letter-spacing:var(--h2_typography-letter-spacing);\"><span class=\"fusion-imageframe imageframe-none imageframe-1 hover-type-none\"><img decoding=\"async\" width=\"400\" height=\"220\" alt=\"1er congr\u00e8s sur l&#039;hydrog\u00e8ne vert\" title=\"congr\u00e8s-hydrog\u00e8ne-vert\" src=\"https:\/\/masagrupo.com\/wp-content\/uploads\/2024\/02\/congreso-hidrogeno-verde-400x220.jpg\" class=\"img-responsive wp-image-11763\" srcset=\"https:\/\/masagrupo.com\/wp-content\/uploads\/2024\/02\/congreso-hidrogeno-verde-200x110.jpg 200w, https:\/\/masagrupo.com\/wp-content\/uploads\/2024\/02\/congreso-hidrogeno-verde-400x220.jpg 400w, https:\/\/masagrupo.com\/wp-content\/uploads\/2024\/02\/congreso-hidrogeno-verde-600x331.jpg 600w, https:\/\/masagrupo.com\/wp-content\/uploads\/2024\/02\/congreso-hidrogeno-verde.jpg 664w\" sizes=\"(max-width: 640px) 100vw, 400px\" \/><\/span><\/div><\/div><\/div><div class=\"fusion-layout-column fusion_builder_column fusion-builder-column-3 fusion_builder_column_1_1 1_1 fusion-flex-column\" style=\"--awb-bg-size:cover;--awb-width-large:100%;--awb-margin-top-large:0px;--awb-spacing-right-large:1.92%;--awb-margin-bottom-large:20px;--awb-spacing-left-large:1.92%;--awb-width-medium:100%;--awb-order-medium:0;--awb-spacing-right-medium:1.92%;--awb-spacing-left-medium:1.92%;--awb-width-small:100%;--awb-order-small:0;--awb-spacing-right-small:1.92%;--awb-spacing-left-small:1.92%;\"><div class=\"fusion-column-wrapper fusion-column-has-shadow fusion-flex-justify-content-flex-start fusion-content-layout-column\"><div class=\"fusion-text fusion-text-2\"><p>Ce congr\u00e8s, soutenu \u00e0 l'unanimit\u00e9 par les secteurs de l'hydrog\u00e8ne vert et des \u00e9nergies renouvelables, est pr\u00e9sent\u00e9 comme une occasion unique de souligner le r\u00f4le cl\u00e9 de l'hydrog\u00e8ne vert dans le d\u00e9veloppement \u00e9conomique et la vie quotidienne. Outre le soutien institutionnel du gouvernement r\u00e9gional d'Andalousie, de la mairie de Huelva et du conseil provincial de Huelva, l'\u00e9v\u00e9nement sera parrain\u00e9 par des entreprises de premier plan du secteur de l'\u00e9nergie, telles que Cepsa, MASA, Siemens Energy, Enag\u00e1s, Fertiberia, Exolum, Atlantic Copper, Hiperbaric, Grundfos, Veolia, Telam, Navantia et Iberdrola, entre autres.<\/p>\n<p>La ville de Huelva, avec sa position privil\u00e9gi\u00e9e sur le nouveau march\u00e9 mondial de l'hydrog\u00e8ne vert, sera le lieu id\u00e9al pour ce congr\u00e8s, qui abordera des questions cruciales telles que les ressources (\u00e9lectricit\u00e9, eau, \u00e9lectrolyseurs), l'industrie chimique, les transports, l'acier et le ciment, l'industrie auxiliaire, la logistique, le stockage et la distribution, les r\u00e9glementations et la formation.<\/p>\n<p>Ce point de rencontre se positionne comme un espace vital pour promouvoir le potentiel de l'Espagne dans la production d'hydrog\u00e8ne vert et de ses applications d\u00e9riv\u00e9es, tant pour la consommation interne que pour l'exportation vers l'Europe et le monde. Le congr\u00e8s, qui r\u00e9unira des administrations publiques, des entreprises, des organismes de recherche, de d\u00e9veloppement technologique et d'innovation, se pr\u00e9sente comme un forum de continuit\u00e9 visant \u00e0 promouvoir l'\u00e9change d'id\u00e9es et d'exp\u00e9riences entre l'industrie, les entreprises, l'administration et la soci\u00e9t\u00e9, avec la participation d'intervenants de haut niveau.<\/p>\n<p>Pour plus d'informations, veuillez contacter <a href=\"https:\/\/www.congresohidrogenoverde.com\/\" target=\"_blank\" rel=\"noopener\">https:\/\/www.congresohidrogenoverde.com\/<\/a><\/p>\n<\/div><div class=\"fusion-image-element\" style=\"--awb-aspect-ratio:21 \/ 9;--awb-caption-title-font-family:var(--h2_typography-font-family);--awb-caption-title-font-weight:var(--h2_typography-font-weight);--awb-caption-title-font-style:var(--h2_typography-font-style);--awb-caption-title-size:var(--h2_typography-font-size);--awb-caption-title-transform:var(--h2_typography-text-transform);--awb-caption-title-line-height:var(--h2_typography-line-height);--awb-caption-title-letter-spacing:var(--h2_typography-letter-spacing);\"><span class=\"fusion-imageframe imageframe-none imageframe-2 hover-type-none has-aspect-ratio\"><img decoding=\"async\" width=\"1200\" height=\"672\" title=\"congr\u00e8s-hydrog\u00e8ne-vert2\" src=\"https:\/\/masagrupo.com\/wp-content\/uploads\/2024\/02\/congreso-hidrogeno-verde2-1200x672.jpg\" class=\"img-responsive wp-image-11762 img-with-aspect-ratio\" data-parent-fit=\"cover\" data-parent-container=\".fusion-image-element\" alt srcset=\"https:\/\/masagrupo.com\/wp-content\/uploads\/2024\/02\/congreso-hidrogeno-verde2-200x112.jpg 200w, https:\/\/masagrupo.com\/wp-content\/uploads\/2024\/02\/congreso-hidrogeno-verde2-400x224.jpg 400w, https:\/\/masagrupo.com\/wp-content\/uploads\/2024\/02\/congreso-hidrogeno-verde2-600x336.jpg 600w, https:\/\/masagrupo.com\/wp-content\/uploads\/2024\/02\/congreso-hidrogeno-verde2-800x448.jpg 800w, https:\/\/masagrupo.com\/wp-content\/uploads\/2024\/02\/congreso-hidrogeno-verde2-1200x672.jpg 1200w\" sizes=\"(max-width: 640px) 100vw, 1200px\" \/><\/span><\/div><\/div><\/div><\/div><\/div>","protected":false},"excerpt":{"rendered":"","protected":false},"author":2,"featured_media":9261,"comment_status":"closed","ping_status":"closed","sticky":false,"template":"","format":"standard","meta":{"footnotes":""},"categories":[1],"tags":[],"class_list":["post-9273","post","type-post","status-publish","format-standard","has-post-thumbnail","hentry","category-digitalizacion-del-mantenimiento"],"yoast_head":"<!-- This site is optimized with the Yoast SEO plugin v27.4 - https:\/\/yoast.com\/product\/yoast-seo-wordpress\/ -->\n<title>MASA Participar\u00e1 en el I Congreso Nacional de Hidr\u00f3geno Verde: Un evento que promete impulsar el futuro energ\u00e9tico. - Grupo Masa<\/title>\n<meta name=\"robots\" content=\"index, follow, max-snippet:-1, max-image-preview:large, max-video-preview:-1\" \/>\n<link rel=\"canonical\" href=\"https:\/\/masagrupo.com\/fr\/masa-participera-au-premier-congres-national-sur-lhydrogene-vert-un-evenement-qui-promet-de-donner-un-coup-de-fouet-a-lavenir-energetique\/\" \/>\n<meta property=\"og:locale\" content=\"fr_FR\" \/>\n<meta property=\"og:type\" content=\"article\" \/>\n<meta property=\"og:title\" content=\"MASA Participar\u00e1 en el I Congreso Nacional de Hidr\u00f3geno Verde: Un evento que promete impulsar el futuro energ\u00e9tico. - Grupo Masa\" \/>\n<meta property=\"og:url\" content=\"https:\/\/masagrupo.com\/fr\/masa-participera-au-premier-congres-national-sur-lhydrogene-vert-un-evenement-qui-promet-de-donner-un-coup-de-fouet-a-lavenir-energetique\/\" \/>\n<meta property=\"og:site_name\" content=\"Grupo Masa\" \/>\n<meta property=\"article:published_time\" content=\"2024-02-05T13:34:55+00:00\" \/>\n<meta property=\"article:modified_time\" content=\"2025-11-15T20:04:32+00:00\" \/>\n<meta property=\"og:image\" content=\"https:\/\/masagrupo.com\/wp-content\/uploads\/2024\/02\/Captura-de-pantalla-2024-02-05-a-las-9.50.34.jpg\" \/>\n\t<meta property=\"og:image:width\" content=\"1332\" \/>\n\t<meta property=\"og:image:height\" content=\"861\" \/>\n\t<meta property=\"og:image:type\" content=\"image\/jpeg\" \/>\n<meta name=\"author\" content=\"Paloma Ar\u00edn\" \/>\n<meta name=\"twitter:card\" content=\"summary_large_image\" \/>\n<meta name=\"twitter:label1\" content=\"Written by\" \/>\n\t<meta name=\"twitter:data1\" content=\"Paloma Ar\u00edn\" \/>\n\t<meta name=\"twitter:label2\" content=\"Est. reading time\" \/>\n\t<meta name=\"twitter:data2\" content=\"3 minutes\" \/>\n<script type=\"application\/ld+json\" class=\"yoast-schema-graph\">{\"@context\":\"https:\\\/\\\/schema.org\",\"@graph\":[{\"@type\":\"Article\",\"@id\":\"https:\\\/\\\/masagrupo.com\\\/masa-participara-en-el-i-congreso-nacional-de-hidrogeno-verde-un-evento-que-promete-impulsar-el-futuro-energetico\\\/#article\",\"isPartOf\":{\"@id\":\"https:\\\/\\\/masagrupo.com\\\/masa-participara-en-el-i-congreso-nacional-de-hidrogeno-verde-un-evento-que-promete-impulsar-el-futuro-energetico\\\/\"},\"author\":{\"name\":\"Paloma Ar\u00edn\",\"@id\":\"https:\\\/\\\/masagrupo.com\\\/#\\\/schema\\\/person\\\/7067a848d602fff19af4f2172917fae3\"},\"headline\":\"MASA Participar\u00e1 en el I Congreso Nacional de Hidr\u00f3geno Verde: Un evento que promete impulsar el futuro energ\u00e9tico.\",\"datePublished\":\"2024-02-05T13:34:55+00:00\",\"dateModified\":\"2025-11-15T20:04:32+00:00\",\"mainEntityOfPage\":{\"@id\":\"https:\\\/\\\/masagrupo.com\\\/masa-participara-en-el-i-congreso-nacional-de-hidrogeno-verde-un-evento-que-promete-impulsar-el-futuro-energetico\\\/\"},\"wordCount\":2196,\"image\":{\"@id\":\"https:\\\/\\\/masagrupo.com\\\/masa-participara-en-el-i-congreso-nacional-de-hidrogeno-verde-un-evento-que-promete-impulsar-el-futuro-energetico\\\/#primaryimage\"},\"thumbnailUrl\":\"https:\\\/\\\/masagrupo.com\\\/wp-content\\\/uploads\\\/2024\\\/02\\\/Captura-de-pantalla-2024-02-05-a-las-9.50.34.jpg\",\"articleSection\":[\"Digitalizaci\u00f3n del Mantenimiento\"],\"inLanguage\":\"fr-FR\"},{\"@type\":\"WebPage\",\"@id\":\"https:\\\/\\\/masagrupo.com\\\/masa-participara-en-el-i-congreso-nacional-de-hidrogeno-verde-un-evento-que-promete-impulsar-el-futuro-energetico\\\/\",\"url\":\"https:\\\/\\\/masagrupo.com\\\/masa-participara-en-el-i-congreso-nacional-de-hidrogeno-verde-un-evento-que-promete-impulsar-el-futuro-energetico\\\/\",\"name\":\"MASA Participar\u00e1 en el I Congreso Nacional de Hidr\u00f3geno Verde: Un evento que promete impulsar el futuro energ\u00e9tico. - Grupo Masa\",\"isPartOf\":{\"@id\":\"https:\\\/\\\/masagrupo.com\\\/#website\"},\"primaryImageOfPage\":{\"@id\":\"https:\\\/\\\/masagrupo.com\\\/masa-participara-en-el-i-congreso-nacional-de-hidrogeno-verde-un-evento-que-promete-impulsar-el-futuro-energetico\\\/#primaryimage\"},\"image\":{\"@id\":\"https:\\\/\\\/masagrupo.com\\\/masa-participara-en-el-i-congreso-nacional-de-hidrogeno-verde-un-evento-que-promete-impulsar-el-futuro-energetico\\\/#primaryimage\"},\"thumbnailUrl\":\"https:\\\/\\\/masagrupo.com\\\/wp-content\\\/uploads\\\/2024\\\/02\\\/Captura-de-pantalla-2024-02-05-a-las-9.50.34.jpg\",\"datePublished\":\"2024-02-05T13:34:55+00:00\",\"dateModified\":\"2025-11-15T20:04:32+00:00\",\"author\":{\"@id\":\"https:\\\/\\\/masagrupo.com\\\/#\\\/schema\\\/person\\\/7067a848d602fff19af4f2172917fae3\"},\"breadcrumb\":{\"@id\":\"https:\\\/\\\/masagrupo.com\\\/masa-participara-en-el-i-congreso-nacional-de-hidrogeno-verde-un-evento-que-promete-impulsar-el-futuro-energetico\\\/#breadcrumb\"},\"inLanguage\":\"fr-FR\",\"potentialAction\":[{\"@type\":\"ReadAction\",\"target\":[\"https:\\\/\\\/masagrupo.com\\\/masa-participara-en-el-i-congreso-nacional-de-hidrogeno-verde-un-evento-que-promete-impulsar-el-futuro-energetico\\\/\"]}]},{\"@type\":\"ImageObject\",\"inLanguage\":\"fr-FR\",\"@id\":\"https:\\\/\\\/masagrupo.com\\\/masa-participara-en-el-i-congreso-nacional-de-hidrogeno-verde-un-evento-que-promete-impulsar-el-futuro-energetico\\\/#primaryimage\",\"url\":\"https:\\\/\\\/masagrupo.com\\\/wp-content\\\/uploads\\\/2024\\\/02\\\/Captura-de-pantalla-2024-02-05-a-las-9.50.34.jpg\",\"contentUrl\":\"https:\\\/\\\/masagrupo.com\\\/wp-content\\\/uploads\\\/2024\\\/02\\\/Captura-de-pantalla-2024-02-05-a-las-9.50.34.jpg\",\"width\":1332,\"height\":861},{\"@type\":\"BreadcrumbList\",\"@id\":\"https:\\\/\\\/masagrupo.com\\\/masa-participara-en-el-i-congreso-nacional-de-hidrogeno-verde-un-evento-que-promete-impulsar-el-futuro-energetico\\\/#breadcrumb\",\"itemListElement\":[{\"@type\":\"ListItem\",\"position\":1,\"name\":\"Portada\",\"item\":\"https:\\\/\\\/masagrupo.com\\\/\"},{\"@type\":\"ListItem\",\"position\":2,\"name\":\"MASA Participar\u00e1 en el I Congreso Nacional de Hidr\u00f3geno Verde: Un evento que promete impulsar el futuro energ\u00e9tico.\"}]},{\"@type\":\"WebSite\",\"@id\":\"https:\\\/\\\/masagrupo.com\\\/#website\",\"url\":\"https:\\\/\\\/masagrupo.com\\\/\",\"name\":\"Grupo Masa\",\"description\":\"MASA es una empresa del Grupo ACS\",\"potentialAction\":[{\"@type\":\"SearchAction\",\"target\":{\"@type\":\"EntryPoint\",\"urlTemplate\":\"https:\\\/\\\/masagrupo.com\\\/?s={search_term_string}\"},\"query-input\":{\"@type\":\"PropertyValueSpecification\",\"valueRequired\":true,\"valueName\":\"search_term_string\"}}],\"inLanguage\":\"fr-FR\"},{\"@type\":\"Person\",\"@id\":\"https:\\\/\\\/masagrupo.com\\\/#\\\/schema\\\/person\\\/7067a848d602fff19af4f2172917fae3\",\"name\":\"Paloma Ar\u00edn\",\"image\":{\"@type\":\"ImageObject\",\"inLanguage\":\"fr-FR\",\"@id\":\"https:\\\/\\\/secure.gravatar.com\\\/avatar\\\/d707daeb8561bd35e0b9c01b797023daef352b68a03c8c613fe9cf9f178aa597?s=96&d=mm&r=g\",\"url\":\"https:\\\/\\\/secure.gravatar.com\\\/avatar\\\/d707daeb8561bd35e0b9c01b797023daef352b68a03c8c613fe9cf9f178aa597?s=96&d=mm&r=g\",\"contentUrl\":\"https:\\\/\\\/secure.gravatar.com\\\/avatar\\\/d707daeb8561bd35e0b9c01b797023daef352b68a03c8c613fe9cf9f178aa597?s=96&d=mm&r=g\",\"caption\":\"Paloma Ar\u00edn\"},\"url\":\"https:\\\/\\\/masagrupo.com\\\/fr\\\/author\\\/paloma-arin\\\/\"}]}<\/script>\n<!-- \/ Yoast SEO plugin. -->","yoast_head_json":{"title":"MASA participera au 1er Congr\u00e8s national sur l'hydrog\u00e8ne vert : un \u00e9v\u00e9nement qui promet de donner un coup de fouet \u00e0 l'avenir de l'\u00e9nergie. - Groupe Masa","robots":{"index":"index","follow":"follow","max-snippet":"max-snippet:-1","max-image-preview":"max-image-preview:large","max-video-preview":"max-video-preview:-1"},"canonical":"https:\/\/masagrupo.com\/fr\/masa-participera-au-premier-congres-national-sur-lhydrogene-vert-un-evenement-qui-promet-de-donner-un-coup-de-fouet-a-lavenir-energetique\/","og_locale":"fr_FR","og_type":"article","og_title":"MASA Participar\u00e1 en el I Congreso Nacional de Hidr\u00f3geno Verde: Un evento que promete impulsar el futuro energ\u00e9tico. - Grupo Masa","og_url":"https:\/\/masagrupo.com\/fr\/masa-participera-au-premier-congres-national-sur-lhydrogene-vert-un-evenement-qui-promet-de-donner-un-coup-de-fouet-a-lavenir-energetique\/","og_site_name":"Grupo Masa","article_published_time":"2024-02-05T13:34:55+00:00","article_modified_time":"2025-11-15T20:04:32+00:00","og_image":[{"width":1332,"height":861,"url":"https:\/\/masagrupo.com\/wp-content\/uploads\/2024\/02\/Captura-de-pantalla-2024-02-05-a-las-9.50.34.jpg","type":"image\/jpeg"}],"author":"Paloma Ar\u00edn","twitter_card":"summary_large_image","twitter_misc":{"Written by":"Paloma Ar\u00edn","Est. reading time":"3 minutes"},"schema":{"@context":"https:\/\/schema.org","@graph":[{"@type":"Article","@id":"https:\/\/masagrupo.com\/masa-participara-en-el-i-congreso-nacional-de-hidrogeno-verde-un-evento-que-promete-impulsar-el-futuro-energetico\/#article","isPartOf":{"@id":"https:\/\/masagrupo.com\/masa-participara-en-el-i-congreso-nacional-de-hidrogeno-verde-un-evento-que-promete-impulsar-el-futuro-energetico\/"},"author":{"name":"Paloma Ar\u00edn","@id":"https:\/\/masagrupo.com\/#\/schema\/person\/7067a848d602fff19af4f2172917fae3"},"headline":"MASA Participar\u00e1 en el I Congreso Nacional de Hidr\u00f3geno Verde: Un evento que promete impulsar el futuro energ\u00e9tico.","datePublished":"2024-02-05T13:34:55+00:00","dateModified":"2025-11-15T20:04:32+00:00","mainEntityOfPage":{"@id":"https:\/\/masagrupo.com\/masa-participara-en-el-i-congreso-nacional-de-hidrogeno-verde-un-evento-que-promete-impulsar-el-futuro-energetico\/"},"wordCount":2196,"image":{"@id":"https:\/\/masagrupo.com\/masa-participara-en-el-i-congreso-nacional-de-hidrogeno-verde-un-evento-que-promete-impulsar-el-futuro-energetico\/#primaryimage"},"thumbnailUrl":"https:\/\/masagrupo.com\/wp-content\/uploads\/2024\/02\/Captura-de-pantalla-2024-02-05-a-las-9.50.34.jpg","articleSection":["Digitalizaci\u00f3n del Mantenimiento"],"inLanguage":"fr-FR"},{"@type":"WebPage","@id":"https:\/\/masagrupo.com\/masa-participara-en-el-i-congreso-nacional-de-hidrogeno-verde-un-evento-que-promete-impulsar-el-futuro-energetico\/","url":"https:\/\/masagrupo.com\/masa-participara-en-el-i-congreso-nacional-de-hidrogeno-verde-un-evento-que-promete-impulsar-el-futuro-energetico\/","name":"MASA participera au 1er Congr\u00e8s national sur l'hydrog\u00e8ne vert : un \u00e9v\u00e9nement qui promet de donner un coup de fouet \u00e0 l'avenir de l'\u00e9nergie. - Groupe Masa","isPartOf":{"@id":"https:\/\/masagrupo.com\/#website"},"primaryImageOfPage":{"@id":"https:\/\/masagrupo.com\/masa-participara-en-el-i-congreso-nacional-de-hidrogeno-verde-un-evento-que-promete-impulsar-el-futuro-energetico\/#primaryimage"},"image":{"@id":"https:\/\/masagrupo.com\/masa-participara-en-el-i-congreso-nacional-de-hidrogeno-verde-un-evento-que-promete-impulsar-el-futuro-energetico\/#primaryimage"},"thumbnailUrl":"https:\/\/masagrupo.com\/wp-content\/uploads\/2024\/02\/Captura-de-pantalla-2024-02-05-a-las-9.50.34.jpg","datePublished":"2024-02-05T13:34:55+00:00","dateModified":"2025-11-15T20:04:32+00:00","author":{"@id":"https:\/\/masagrupo.com\/#\/schema\/person\/7067a848d602fff19af4f2172917fae3"},"breadcrumb":{"@id":"https:\/\/masagrupo.com\/masa-participara-en-el-i-congreso-nacional-de-hidrogeno-verde-un-evento-que-promete-impulsar-el-futuro-energetico\/#breadcrumb"},"inLanguage":"fr-FR","potentialAction":[{"@type":"ReadAction","target":["https:\/\/masagrupo.com\/masa-participara-en-el-i-congreso-nacional-de-hidrogeno-verde-un-evento-que-promete-impulsar-el-futuro-energetico\/"]}]},{"@type":"ImageObject","inLanguage":"fr-FR","@id":"https:\/\/masagrupo.com\/masa-participara-en-el-i-congreso-nacional-de-hidrogeno-verde-un-evento-que-promete-impulsar-el-futuro-energetico\/#primaryimage","url":"https:\/\/masagrupo.com\/wp-content\/uploads\/2024\/02\/Captura-de-pantalla-2024-02-05-a-las-9.50.34.jpg","contentUrl":"https:\/\/masagrupo.com\/wp-content\/uploads\/2024\/02\/Captura-de-pantalla-2024-02-05-a-las-9.50.34.jpg","width":1332,"height":861},{"@type":"BreadcrumbList","@id":"https:\/\/masagrupo.com\/masa-participara-en-el-i-congreso-nacional-de-hidrogeno-verde-un-evento-que-promete-impulsar-el-futuro-energetico\/#breadcrumb","itemListElement":[{"@type":"ListItem","position":1,"name":"Portada","item":"https:\/\/masagrupo.com\/"},{"@type":"ListItem","position":2,"name":"MASA Participar\u00e1 en el I Congreso Nacional de Hidr\u00f3geno Verde: Un evento que promete impulsar el futuro energ\u00e9tico."}]},{"@type":"WebSite","@id":"https:\/\/masagrupo.com\/#website","url":"https:\/\/masagrupo.com\/","name":"Groupe Masa","description":"MASA est une soci\u00e9t\u00e9 du groupe ACS","potentialAction":[{"@type":"SearchAction","target":{"@type":"EntryPoint","urlTemplate":"https:\/\/masagrupo.com\/?s={search_term_string}"},"query-input":{"@type":"PropertyValueSpecification","valueRequired":true,"valueName":"search_term_string"}}],"inLanguage":"fr-FR"},{"@type":"Person","@id":"https:\/\/masagrupo.com\/#\/schema\/person\/7067a848d602fff19af4f2172917fae3","name":"Paloma Ar\u00edn","image":{"@type":"ImageObject","inLanguage":"fr-FR","@id":"https:\/\/secure.gravatar.com\/avatar\/d707daeb8561bd35e0b9c01b797023daef352b68a03c8c613fe9cf9f178aa597?s=96&d=mm&r=g","url":"https:\/\/secure.gravatar.com\/avatar\/d707daeb8561bd35e0b9c01b797023daef352b68a03c8c613fe9cf9f178aa597?s=96&d=mm&r=g","contentUrl":"https:\/\/secure.gravatar.com\/avatar\/d707daeb8561bd35e0b9c01b797023daef352b68a03c8c613fe9cf9f178aa597?s=96&d=mm&r=g","caption":"Paloma Ar\u00edn"},"url":"https:\/\/masagrupo.com\/fr\/author\/paloma-arin\/"}]}},"_links":{"self":[{"href":"https:\/\/masagrupo.com\/fr\/wp-json\/wp\/v2\/posts\/9273","targetHints":{"allow":["GET"]}}],"collection":[{"href":"https:\/\/masagrupo.com\/fr\/wp-json\/wp\/v2\/posts"}],"about":[{"href":"https:\/\/masagrupo.com\/fr\/wp-json\/wp\/v2\/types\/post"}],"author":[{"embeddable":true,"href":"https:\/\/masagrupo.com\/fr\/wp-json\/wp\/v2\/users\/2"}],"replies":[{"embeddable":true,"href":"https:\/\/masagrupo.com\/fr\/wp-json\/wp\/v2\/comments?post=9273"}],"version-history":[{"count":16,"href":"https:\/\/masagrupo.com\/fr\/wp-json\/wp\/v2\/posts\/9273\/revisions"}],"predecessor-version":[{"id":11765,"href":"https:\/\/masagrupo.com\/fr\/wp-json\/wp\/v2\/posts\/9273\/revisions\/11765"}],"wp:featuredmedia":[{"embeddable":true,"href":"https:\/\/masagrupo.com\/fr\/wp-json\/wp\/v2\/media\/9261"}],"wp:attachment":[{"href":"https:\/\/masagrupo.com\/fr\/wp-json\/wp\/v2\/media?parent=9273"}],"wp:term":[{"taxonomy":"category","embeddable":true,"href":"https:\/\/masagrupo.com\/fr\/wp-json\/wp\/v2\/categories?post=9273"},{"taxonomy":"post_tag","embeddable":true,"href":"https:\/\/masagrupo.com\/fr\/wp-json\/wp\/v2\/tags?post=9273"}],"curies":[{"name":"wp","href":"https:\/\/api.w.org\/{rel}","templated":true}]}}