{"id":9203,"date":"2023-10-26T13:35:27","date_gmt":"2023-10-26T11:35:27","guid":{"rendered":"http:\/\/masagrupo.com\/?p=9203"},"modified":"2025-11-15T21:20:49","modified_gmt":"2025-11-15T20:20:49","slug":"masa-sengage-en-faveur-du-developpement-professionnel-et-de-la-formation","status":"publish","type":"post","link":"https:\/\/masagrupo.com\/fr\/masa-apuesta-por-el-desarrollo-profesional-y-la-formacion\/","title":{"rendered":"MASA s'engage dans le d\u00e9veloppement professionnel et la formation continue."},"content":{"rendered":"<div class=\"fusion-fullwidth fullwidth-box fusion-builder-row-1 fusion-flex-container has-pattern-background has-mask-background nonhundred-percent-fullwidth non-hundred-percent-height-scrolling\" style=\"--awb-border-radius-top-left:0px;--awb-border-radius-top-right:0px;--awb-border-radius-bottom-right:0px;--awb-border-radius-bottom-left:0px;--awb-flex-wrap:wrap;\" ><div class=\"fusion-builder-row fusion-row fusion-flex-align-items-flex-start fusion-flex-content-wrap\" style=\"max-width:1248px;margin-left: calc(-4% \/ 2 );margin-right: calc(-4% \/ 2 );\"><div class=\"fusion-layout-column fusion_builder_column fusion-builder-column-0 fusion_builder_column_1_1 1_1 fusion-flex-column\" style=\"--awb-bg-size:cover;--awb-width-large:100%;--awb-margin-top-large:0px;--awb-spacing-right-large:1.92%;--awb-margin-bottom-large:20px;--awb-spacing-left-large:1.92%;--awb-width-medium:100%;--awb-order-medium:0;--awb-spacing-right-medium:1.92%;--awb-spacing-left-medium:1.92%;--awb-width-small:100%;--awb-order-small:0;--awb-spacing-right-small:1.92%;--awb-spacing-left-small:1.92%;\"><div class=\"fusion-column-wrapper fusion-column-has-shadow fusion-flex-justify-content-flex-start fusion-content-layout-column\"><div class=\"fusion-text fusion-text-1\"><p>Afin de renforcer et d'am\u00e9liorer les comp\u00e9tences cl\u00e9s et les capacit\u00e9s de leadership de nos chefs de chantier et de nos chefs de projet, MASA organise un cours de formation sp\u00e9cialement con\u00e7u pour eux.<\/p>\n<p>Traditionnellement, les performances de ce groupe d\u00e9pendent de la formation et de l'exp\u00e9rience personnelle de chaque individu, de sorte qu'il n'existe pas de style homog\u00e8ne de gestion et de supervision des \u00e9quipes de travail. Avec cette formation, nous cherchons \u00e0 am\u00e9liorer cet aspect. Le programme intitul\u00e9 \u00abSkills for Site Managers\u00bb est r\u00e9alis\u00e9 en collaboration avec le cabinet de conseil <a href=\"https:\/\/globalmarketbusiness.com\/\" target=\"_blank\" rel=\"noopener\">March\u00e9 mondial<\/a>.<\/p>\n<p>Les objectifs du cours sont les suivants<\/p>\n<ul>\n<li>Maximiser l'implication du client et se concentrer sur les objectifs de l'entreprise par rapport au client.<\/li>\n<li>D\u00e9velopper un style de gestion et de supervision efficace<\/li>\n<li>Augmenter la productivit\u00e9 des \u00e9quipes gr\u00e2ce \u00e0 une meilleure planification et organisation<\/li>\n<\/ul>\n<p>Afin d'atteindre ces objectifs, la formation a \u00e9t\u00e9 structur\u00e9e en cinq sessions, avec les contenus suivants :<\/p>\n<ul>\n<li>Constitution d'une \u00e9quipe et communication<\/li>\n<li>Gestion des clients internes et externes<\/li>\n<li>Leadership et motivation<\/li>\n<li>Planification personnelle et d'\u00e9quipe<\/li>\n<li>Cl\u00f4ture et r\u00e9sum\u00e9 des concepts cl\u00e9s<\/li>\n<\/ul>\n<p>Les deux premi\u00e8res sessions ont d\u00e9j\u00e0 eu lieu en 2023. Les prochaines sont pr\u00e9vues pour le reste de l'ann\u00e9e et en 2024. Plusieurs de nos chefs de site et chefs de projet participent au programme. L'objectif est, \u00e0 court terme, de l'\u00e9tendre au reste de ce groupe et aux cadres moyens de l'entreprise.<\/p>\n<p>Avec cette initiative, nous esp\u00e9rons renforcer les comp\u00e9tences et les aptitudes que nous consid\u00e9rons comme essentielles pour que nos gestionnaires de site puissent coordonner et diriger avec succ\u00e8s des \u00e9quipes de travail pluridisciplinaires.<\/p>\n<p>Nous continuons !<\/p>\n<\/div><div class=\"fusion-image-element\" style=\"--awb-caption-title-font-family:var(--h2_typography-font-family);--awb-caption-title-font-weight:var(--h2_typography-font-weight);--awb-caption-title-font-style:var(--h2_typography-font-style);--awb-caption-title-size:var(--h2_typography-font-size);--awb-caption-title-transform:var(--h2_typography-text-transform);--awb-caption-title-line-height:var(--h2_typography-line-height);--awb-caption-title-letter-spacing:var(--h2_typography-letter-spacing);\"><span class=\"fusion-imageframe imageframe-none imageframe-1 hover-type-none\"><img decoding=\"async\" width=\"1024\" height=\"472\" title=\"d\u00e9veloppement\" src=\"https:\/\/masagrupo.com\/wp-content\/uploads\/2023\/10\/desarrollo-1024x472.jpg\" alt class=\"img-responsive wp-image-11780\" srcset=\"https:\/\/masagrupo.com\/wp-content\/uploads\/2023\/10\/desarrollo-200x92.jpg 200w, https:\/\/masagrupo.com\/wp-content\/uploads\/2023\/10\/desarrollo-400x185.jpg 400w, https:\/\/masagrupo.com\/wp-content\/uploads\/2023\/10\/desarrollo-600x277.jpg 600w, https:\/\/masagrupo.com\/wp-content\/uploads\/2023\/10\/desarrollo-800x369.jpg 800w, https:\/\/masagrupo.com\/wp-content\/uploads\/2023\/10\/desarrollo-1200x554.jpg 1200w, https:\/\/masagrupo.com\/wp-content\/uploads\/2023\/10\/desarrollo.jpg 1600w\" sizes=\"(max-width: 640px) 100vw, 1200px\" \/><\/span><\/div><\/div><\/div><\/div><\/div>","protected":false},"excerpt":{"rendered":"<p>MASA r\u00e9alise un cours de formation sp\u00e9cialement con\u00e7u pour nos chefs de chantier et nos chefs de projet.<\/p>","protected":false},"author":2,"featured_media":9195,"comment_status":"closed","ping_status":"closed","sticky":false,"template":"","format":"standard","meta":{"footnotes":""},"categories":[1],"tags":[],"class_list":["post-9203","post","type-post","status-publish","format-standard","has-post-thumbnail","hentry","category-digitalizacion-del-mantenimiento"],"yoast_head":"<!-- This site is optimized with the Yoast SEO plugin v27.4 - https:\/\/yoast.com\/product\/yoast-seo-wordpress\/ -->\n<title>MASA apuesta por el desarrollo profesional y la formaci\u00f3n - Grupo Masa<\/title>\n<meta name=\"description\" content=\"MASA est\u00e1 llevando a cabo un curso de formaci\u00f3n especialmente dise\u00f1ado para nuestros jef@s de obra y responsables de proyectos.\" \/>\n<meta name=\"robots\" content=\"index, follow, max-snippet:-1, max-image-preview:large, max-video-preview:-1\" \/>\n<link rel=\"canonical\" href=\"https:\/\/masagrupo.com\/fr\/masa-sengage-en-faveur-du-developpement-professionnel-et-de-la-formation\/\" \/>\n<meta property=\"og:locale\" content=\"fr_FR\" \/>\n<meta property=\"og:type\" content=\"article\" \/>\n<meta property=\"og:title\" content=\"MASA apuesta por el desarrollo profesional y la formaci\u00f3n - Grupo Masa\" \/>\n<meta property=\"og:description\" content=\"MASA est\u00e1 llevando a cabo un curso de formaci\u00f3n especialmente dise\u00f1ado para nuestros jef@s de obra y responsables de proyectos.\" \/>\n<meta property=\"og:url\" content=\"https:\/\/masagrupo.com\/fr\/masa-sengage-en-faveur-du-developpement-professionnel-et-de-la-formation\/\" \/>\n<meta property=\"og:site_name\" content=\"Grupo Masa\" \/>\n<meta property=\"article:published_time\" content=\"2023-10-26T11:35:27+00:00\" \/>\n<meta property=\"article:modified_time\" content=\"2025-11-15T20:20:49+00:00\" \/>\n<meta property=\"og:image\" content=\"https:\/\/masagrupo.com\/wp-content\/uploads\/2023\/10\/1685608852015-e1698320174144.jpg\" \/>\n\t<meta property=\"og:image:width\" content=\"1143\" \/>\n\t<meta property=\"og:image:height\" content=\"859\" \/>\n\t<meta property=\"og:image:type\" content=\"image\/jpeg\" \/>\n<meta name=\"author\" content=\"Paloma Ar\u00edn\" \/>\n<meta name=\"twitter:card\" content=\"summary_large_image\" \/>\n<meta name=\"twitter:label1\" content=\"Written by\" \/>\n\t<meta name=\"twitter:data1\" content=\"Paloma Ar\u00edn\" \/>\n\t<meta name=\"twitter:label2\" content=\"Est. reading time\" \/>\n\t<meta name=\"twitter:data2\" content=\"2 minutes\" \/>\n<script type=\"application\/ld+json\" class=\"yoast-schema-graph\">{\"@context\":\"https:\\\/\\\/schema.org\",\"@graph\":[{\"@type\":\"Article\",\"@id\":\"https:\\\/\\\/masagrupo.com\\\/masa-apuesta-por-el-desarrollo-profesional-y-la-formacion\\\/#article\",\"isPartOf\":{\"@id\":\"https:\\\/\\\/masagrupo.com\\\/masa-apuesta-por-el-desarrollo-profesional-y-la-formacion\\\/\"},\"author\":{\"name\":\"Paloma Ar\u00edn\",\"@id\":\"https:\\\/\\\/masagrupo.com\\\/#\\\/schema\\\/person\\\/7067a848d602fff19af4f2172917fae3\"},\"headline\":\"MASA apuesta por el desarrollo profesional y la formaci\u00f3n continua\",\"datePublished\":\"2023-10-26T11:35:27+00:00\",\"dateModified\":\"2025-11-15T20:20:49+00:00\",\"mainEntityOfPage\":{\"@id\":\"https:\\\/\\\/masagrupo.com\\\/masa-apuesta-por-el-desarrollo-profesional-y-la-formacion\\\/\"},\"wordCount\":1696,\"image\":{\"@id\":\"https:\\\/\\\/masagrupo.com\\\/masa-apuesta-por-el-desarrollo-profesional-y-la-formacion\\\/#primaryimage\"},\"thumbnailUrl\":\"https:\\\/\\\/masagrupo.com\\\/wp-content\\\/uploads\\\/2023\\\/10\\\/1685608852015-e1698320174144.jpg\",\"articleSection\":[\"Digitalizaci\u00f3n del Mantenimiento\"],\"inLanguage\":\"fr-FR\"},{\"@type\":\"WebPage\",\"@id\":\"https:\\\/\\\/masagrupo.com\\\/masa-apuesta-por-el-desarrollo-profesional-y-la-formacion\\\/\",\"url\":\"https:\\\/\\\/masagrupo.com\\\/masa-apuesta-por-el-desarrollo-profesional-y-la-formacion\\\/\",\"name\":\"MASA apuesta por el desarrollo profesional y la formaci\u00f3n - Grupo Masa\",\"isPartOf\":{\"@id\":\"https:\\\/\\\/masagrupo.com\\\/#website\"},\"primaryImageOfPage\":{\"@id\":\"https:\\\/\\\/masagrupo.com\\\/masa-apuesta-por-el-desarrollo-profesional-y-la-formacion\\\/#primaryimage\"},\"image\":{\"@id\":\"https:\\\/\\\/masagrupo.com\\\/masa-apuesta-por-el-desarrollo-profesional-y-la-formacion\\\/#primaryimage\"},\"thumbnailUrl\":\"https:\\\/\\\/masagrupo.com\\\/wp-content\\\/uploads\\\/2023\\\/10\\\/1685608852015-e1698320174144.jpg\",\"datePublished\":\"2023-10-26T11:35:27+00:00\",\"dateModified\":\"2025-11-15T20:20:49+00:00\",\"author\":{\"@id\":\"https:\\\/\\\/masagrupo.com\\\/#\\\/schema\\\/person\\\/7067a848d602fff19af4f2172917fae3\"},\"description\":\"MASA est\u00e1 llevando a cabo un curso de formaci\u00f3n especialmente dise\u00f1ado para nuestros jef@s de obra y responsables de proyectos.\",\"breadcrumb\":{\"@id\":\"https:\\\/\\\/masagrupo.com\\\/masa-apuesta-por-el-desarrollo-profesional-y-la-formacion\\\/#breadcrumb\"},\"inLanguage\":\"fr-FR\",\"potentialAction\":[{\"@type\":\"ReadAction\",\"target\":[\"https:\\\/\\\/masagrupo.com\\\/masa-apuesta-por-el-desarrollo-profesional-y-la-formacion\\\/\"]}]},{\"@type\":\"ImageObject\",\"inLanguage\":\"fr-FR\",\"@id\":\"https:\\\/\\\/masagrupo.com\\\/masa-apuesta-por-el-desarrollo-profesional-y-la-formacion\\\/#primaryimage\",\"url\":\"https:\\\/\\\/masagrupo.com\\\/wp-content\\\/uploads\\\/2023\\\/10\\\/1685608852015-e1698320174144.jpg\",\"contentUrl\":\"https:\\\/\\\/masagrupo.com\\\/wp-content\\\/uploads\\\/2023\\\/10\\\/1685608852015-e1698320174144.jpg\",\"width\":1143,\"height\":859,\"caption\":\"Sesi\u00f3n de formaci\u00f3n\"},{\"@type\":\"BreadcrumbList\",\"@id\":\"https:\\\/\\\/masagrupo.com\\\/masa-apuesta-por-el-desarrollo-profesional-y-la-formacion\\\/#breadcrumb\",\"itemListElement\":[{\"@type\":\"ListItem\",\"position\":1,\"name\":\"Portada\",\"item\":\"https:\\\/\\\/masagrupo.com\\\/\"},{\"@type\":\"ListItem\",\"position\":2,\"name\":\"MASA apuesta por el desarrollo profesional y la formaci\u00f3n continua\"}]},{\"@type\":\"WebSite\",\"@id\":\"https:\\\/\\\/masagrupo.com\\\/#website\",\"url\":\"https:\\\/\\\/masagrupo.com\\\/\",\"name\":\"Grupo Masa\",\"description\":\"MASA es una empresa del Grupo ACS\",\"potentialAction\":[{\"@type\":\"SearchAction\",\"target\":{\"@type\":\"EntryPoint\",\"urlTemplate\":\"https:\\\/\\\/masagrupo.com\\\/?s={search_term_string}\"},\"query-input\":{\"@type\":\"PropertyValueSpecification\",\"valueRequired\":true,\"valueName\":\"search_term_string\"}}],\"inLanguage\":\"fr-FR\"},{\"@type\":\"Person\",\"@id\":\"https:\\\/\\\/masagrupo.com\\\/#\\\/schema\\\/person\\\/7067a848d602fff19af4f2172917fae3\",\"name\":\"Paloma Ar\u00edn\",\"image\":{\"@type\":\"ImageObject\",\"inLanguage\":\"fr-FR\",\"@id\":\"https:\\\/\\\/secure.gravatar.com\\\/avatar\\\/d707daeb8561bd35e0b9c01b797023daef352b68a03c8c613fe9cf9f178aa597?s=96&d=mm&r=g\",\"url\":\"https:\\\/\\\/secure.gravatar.com\\\/avatar\\\/d707daeb8561bd35e0b9c01b797023daef352b68a03c8c613fe9cf9f178aa597?s=96&d=mm&r=g\",\"contentUrl\":\"https:\\\/\\\/secure.gravatar.com\\\/avatar\\\/d707daeb8561bd35e0b9c01b797023daef352b68a03c8c613fe9cf9f178aa597?s=96&d=mm&r=g\",\"caption\":\"Paloma Ar\u00edn\"},\"url\":\"https:\\\/\\\/masagrupo.com\\\/fr\\\/author\\\/paloma-arin\\\/\"}]}<\/script>\n<!-- \/ Yoast SEO plugin. -->","yoast_head_json":{"title":"MASA s'engage en faveur du d\u00e9veloppement professionnel et de la formation - Grupo Masa","description":"MASA r\u00e9alise un cours de formation sp\u00e9cialement con\u00e7u pour nos chefs de chantier et nos chefs de projet.","robots":{"index":"index","follow":"follow","max-snippet":"max-snippet:-1","max-image-preview":"max-image-preview:large","max-video-preview":"max-video-preview:-1"},"canonical":"https:\/\/masagrupo.com\/fr\/masa-sengage-en-faveur-du-developpement-professionnel-et-de-la-formation\/","og_locale":"fr_FR","og_type":"article","og_title":"MASA apuesta por el desarrollo profesional y la formaci\u00f3n - Grupo Masa","og_description":"MASA est\u00e1 llevando a cabo un curso de formaci\u00f3n especialmente dise\u00f1ado para nuestros jef@s de obra y responsables de proyectos.","og_url":"https:\/\/masagrupo.com\/fr\/masa-sengage-en-faveur-du-developpement-professionnel-et-de-la-formation\/","og_site_name":"Grupo Masa","article_published_time":"2023-10-26T11:35:27+00:00","article_modified_time":"2025-11-15T20:20:49+00:00","og_image":[{"width":1143,"height":859,"url":"https:\/\/masagrupo.com\/wp-content\/uploads\/2023\/10\/1685608852015-e1698320174144.jpg","type":"image\/jpeg"}],"author":"Paloma Ar\u00edn","twitter_card":"summary_large_image","twitter_misc":{"Written by":"Paloma Ar\u00edn","Est. reading time":"2 minutes"},"schema":{"@context":"https:\/\/schema.org","@graph":[{"@type":"Article","@id":"https:\/\/masagrupo.com\/masa-apuesta-por-el-desarrollo-profesional-y-la-formacion\/#article","isPartOf":{"@id":"https:\/\/masagrupo.com\/masa-apuesta-por-el-desarrollo-profesional-y-la-formacion\/"},"author":{"name":"Paloma Ar\u00edn","@id":"https:\/\/masagrupo.com\/#\/schema\/person\/7067a848d602fff19af4f2172917fae3"},"headline":"MASA apuesta por el desarrollo profesional y la formaci\u00f3n continua","datePublished":"2023-10-26T11:35:27+00:00","dateModified":"2025-11-15T20:20:49+00:00","mainEntityOfPage":{"@id":"https:\/\/masagrupo.com\/masa-apuesta-por-el-desarrollo-profesional-y-la-formacion\/"},"wordCount":1696,"image":{"@id":"https:\/\/masagrupo.com\/masa-apuesta-por-el-desarrollo-profesional-y-la-formacion\/#primaryimage"},"thumbnailUrl":"https:\/\/masagrupo.com\/wp-content\/uploads\/2023\/10\/1685608852015-e1698320174144.jpg","articleSection":["Digitalizaci\u00f3n del Mantenimiento"],"inLanguage":"fr-FR"},{"@type":"WebPage","@id":"https:\/\/masagrupo.com\/masa-apuesta-por-el-desarrollo-profesional-y-la-formacion\/","url":"https:\/\/masagrupo.com\/masa-apuesta-por-el-desarrollo-profesional-y-la-formacion\/","name":"MASA s'engage en faveur du d\u00e9veloppement professionnel et de la formation - Grupo Masa","isPartOf":{"@id":"https:\/\/masagrupo.com\/#website"},"primaryImageOfPage":{"@id":"https:\/\/masagrupo.com\/masa-apuesta-por-el-desarrollo-profesional-y-la-formacion\/#primaryimage"},"image":{"@id":"https:\/\/masagrupo.com\/masa-apuesta-por-el-desarrollo-profesional-y-la-formacion\/#primaryimage"},"thumbnailUrl":"https:\/\/masagrupo.com\/wp-content\/uploads\/2023\/10\/1685608852015-e1698320174144.jpg","datePublished":"2023-10-26T11:35:27+00:00","dateModified":"2025-11-15T20:20:49+00:00","author":{"@id":"https:\/\/masagrupo.com\/#\/schema\/person\/7067a848d602fff19af4f2172917fae3"},"description":"MASA r\u00e9alise un cours de formation sp\u00e9cialement con\u00e7u pour nos chefs de chantier et nos chefs de projet.","breadcrumb":{"@id":"https:\/\/masagrupo.com\/masa-apuesta-por-el-desarrollo-profesional-y-la-formacion\/#breadcrumb"},"inLanguage":"fr-FR","potentialAction":[{"@type":"ReadAction","target":["https:\/\/masagrupo.com\/masa-apuesta-por-el-desarrollo-profesional-y-la-formacion\/"]}]},{"@type":"ImageObject","inLanguage":"fr-FR","@id":"https:\/\/masagrupo.com\/masa-apuesta-por-el-desarrollo-profesional-y-la-formacion\/#primaryimage","url":"https:\/\/masagrupo.com\/wp-content\/uploads\/2023\/10\/1685608852015-e1698320174144.jpg","contentUrl":"https:\/\/masagrupo.com\/wp-content\/uploads\/2023\/10\/1685608852015-e1698320174144.jpg","width":1143,"height":859,"caption":"Sesi\u00f3n de formaci\u00f3n"},{"@type":"BreadcrumbList","@id":"https:\/\/masagrupo.com\/masa-apuesta-por-el-desarrollo-profesional-y-la-formacion\/#breadcrumb","itemListElement":[{"@type":"ListItem","position":1,"name":"Portada","item":"https:\/\/masagrupo.com\/"},{"@type":"ListItem","position":2,"name":"MASA apuesta por el desarrollo profesional y la formaci\u00f3n continua"}]},{"@type":"WebSite","@id":"https:\/\/masagrupo.com\/#website","url":"https:\/\/masagrupo.com\/","name":"Groupe Masa","description":"MASA est une soci\u00e9t\u00e9 du groupe ACS","potentialAction":[{"@type":"SearchAction","target":{"@type":"EntryPoint","urlTemplate":"https:\/\/masagrupo.com\/?s={search_term_string}"},"query-input":{"@type":"PropertyValueSpecification","valueRequired":true,"valueName":"search_term_string"}}],"inLanguage":"fr-FR"},{"@type":"Person","@id":"https:\/\/masagrupo.com\/#\/schema\/person\/7067a848d602fff19af4f2172917fae3","name":"Paloma Ar\u00edn","image":{"@type":"ImageObject","inLanguage":"fr-FR","@id":"https:\/\/secure.gravatar.com\/avatar\/d707daeb8561bd35e0b9c01b797023daef352b68a03c8c613fe9cf9f178aa597?s=96&d=mm&r=g","url":"https:\/\/secure.gravatar.com\/avatar\/d707daeb8561bd35e0b9c01b797023daef352b68a03c8c613fe9cf9f178aa597?s=96&d=mm&r=g","contentUrl":"https:\/\/secure.gravatar.com\/avatar\/d707daeb8561bd35e0b9c01b797023daef352b68a03c8c613fe9cf9f178aa597?s=96&d=mm&r=g","caption":"Paloma Ar\u00edn"},"url":"https:\/\/masagrupo.com\/fr\/author\/paloma-arin\/"}]}},"_links":{"self":[{"href":"https:\/\/masagrupo.com\/fr\/wp-json\/wp\/v2\/posts\/9203","targetHints":{"allow":["GET"]}}],"collection":[{"href":"https:\/\/masagrupo.com\/fr\/wp-json\/wp\/v2\/posts"}],"about":[{"href":"https:\/\/masagrupo.com\/fr\/wp-json\/wp\/v2\/types\/post"}],"author":[{"embeddable":true,"href":"https:\/\/masagrupo.com\/fr\/wp-json\/wp\/v2\/users\/2"}],"replies":[{"embeddable":true,"href":"https:\/\/masagrupo.com\/fr\/wp-json\/wp\/v2\/comments?post=9203"}],"version-history":[{"count":10,"href":"https:\/\/masagrupo.com\/fr\/wp-json\/wp\/v2\/posts\/9203\/revisions"}],"predecessor-version":[{"id":11781,"href":"https:\/\/masagrupo.com\/fr\/wp-json\/wp\/v2\/posts\/9203\/revisions\/11781"}],"wp:featuredmedia":[{"embeddable":true,"href":"https:\/\/masagrupo.com\/fr\/wp-json\/wp\/v2\/media\/9195"}],"wp:attachment":[{"href":"https:\/\/masagrupo.com\/fr\/wp-json\/wp\/v2\/media?parent=9203"}],"wp:term":[{"taxonomy":"category","embeddable":true,"href":"https:\/\/masagrupo.com\/fr\/wp-json\/wp\/v2\/categories?post=9203"},{"taxonomy":"post_tag","embeddable":true,"href":"https:\/\/masagrupo.com\/fr\/wp-json\/wp\/v2\/tags?post=9203"}],"curies":[{"name":"wp","href":"https:\/\/api.w.org\/{rel}","templated":true}]}}