{"id":8775,"date":"2023-03-15T23:58:53","date_gmt":"2023-03-15T22:58:53","guid":{"rendered":"http:\/\/masagrupo.com\/?p=8775"},"modified":"2025-11-16T13:26:43","modified_gmt":"2025-11-16T12:26:43","slug":"ateliers-de-prevention-dans-la-delegation-de-levante","status":"publish","type":"post","link":"https:\/\/masagrupo.com\/fr\/jornadas-de-prevencion-en-la-delegacion-de-levante\/","title":{"rendered":"Ateliers de pr\u00e9vention \u00e0 la d\u00e9l\u00e9gation de Levante"},"content":{"rendered":"<p><div class=\"fusion-fullwidth fullwidth-box fusion-builder-row-1 fusion-flex-container has-pattern-background has-mask-background nonhundred-percent-fullwidth non-hundred-percent-height-scrolling\" style=\"--awb-border-radius-top-left:0px;--awb-border-radius-top-right:0px;--awb-border-radius-bottom-right:0px;--awb-border-radius-bottom-left:0px;--awb-flex-wrap:wrap;\" ><div class=\"fusion-builder-row fusion-row fusion-flex-align-items-flex-start fusion-flex-content-wrap\" style=\"max-width:1248px;margin-left: calc(-4% \/ 2 );margin-right: calc(-4% \/ 2 );\"><div class=\"fusion-layout-column fusion_builder_column fusion-builder-column-0 fusion_builder_column_1_2 1_2 fusion-flex-column\" style=\"--awb-bg-size:cover;--awb-width-large:50%;--awb-margin-top-large:0px;--awb-spacing-right-large:3.84%;--awb-margin-bottom-large:20px;--awb-spacing-left-large:3.84%;--awb-width-medium:50%;--awb-order-medium:0;--awb-spacing-right-medium:3.84%;--awb-spacing-left-medium:3.84%;--awb-width-small:100%;--awb-order-small:0;--awb-spacing-right-small:1.92%;--awb-spacing-left-small:1.92%;\"><div class=\"fusion-column-wrapper fusion-column-has-shadow fusion-flex-justify-content-flex-start fusion-content-layout-column\"><\/div><\/div><div class=\"fusion-layout-column fusion_builder_column fusion-builder-column-1 fusion_builder_column_1_1 1_1 fusion-flex-column\" style=\"--awb-bg-size:cover;--awb-width-large:100%;--awb-margin-top-large:0px;--awb-spacing-right-large:1.92%;--awb-margin-bottom-large:20px;--awb-spacing-left-large:1.92%;--awb-width-medium:100%;--awb-order-medium:0;--awb-spacing-right-medium:1.92%;--awb-spacing-left-medium:1.92%;--awb-width-small:100%;--awb-order-small:0;--awb-spacing-right-small:1.92%;--awb-spacing-left-small:1.92%;\"><div class=\"fusion-column-wrapper fusion-column-has-shadow fusion-flex-justify-content-flex-start fusion-content-layout-column\"><div class=\"fusion-title title fusion-title-1 fusion-sep-none fusion-title-text fusion-title-size-two\" style=\"--awb-text-color:var(--awb-color8);--awb-font-size:28px;\"><h2 class=\"fusion-title-heading title-heading-left\" style=\"margin:0;font-size:1em;\">Renforcer nos relations avec notre personnel et am\u00e9liorer nos pratiques en mati\u00e8re de s\u00e9curit\u00e9 et de sant\u00e9<\/h2><\/div><\/div><\/div><div class=\"fusion-layout-column fusion_builder_column fusion-builder-column-2 fusion_builder_column_1_2 1_2 fusion-flex-column\" style=\"--awb-bg-size:cover;--awb-width-large:50%;--awb-margin-top-large:0px;--awb-spacing-right-large:3.84%;--awb-margin-bottom-large:20px;--awb-spacing-left-large:3.84%;--awb-width-medium:50%;--awb-order-medium:0;--awb-spacing-right-medium:3.84%;--awb-spacing-left-medium:3.84%;--awb-width-small:100%;--awb-order-small:0;--awb-spacing-right-small:1.92%;--awb-spacing-left-small:1.92%;\"><div class=\"fusion-column-wrapper fusion-column-has-shadow fusion-flex-justify-content-flex-start fusion-content-layout-column\"><div class=\"fusion-image-element\" style=\"--awb-caption-title-font-family:var(--h2_typography-font-family);--awb-caption-title-font-weight:var(--h2_typography-font-weight);--awb-caption-title-font-style:var(--h2_typography-font-style);--awb-caption-title-size:var(--h2_typography-font-size);--awb-caption-title-transform:var(--h2_typography-text-transform);--awb-caption-title-line-height:var(--h2_typography-line-height);--awb-caption-title-letter-spacing:var(--h2_typography-letter-spacing);\"><span class=\"fusion-imageframe imageframe-none imageframe-1 hover-type-none\"><img decoding=\"async\" width=\"600\" height=\"355\" title=\"l\u00e9vante\" src=\"https:\/\/masagrupo.com\/wp-content\/uploads\/2023\/03\/levante-600x355.jpg\" alt class=\"img-responsive wp-image-11815\" srcset=\"https:\/\/masagrupo.com\/wp-content\/uploads\/2023\/03\/levante-200x118.jpg 200w, https:\/\/masagrupo.com\/wp-content\/uploads\/2023\/03\/levante-400x237.jpg 400w, https:\/\/masagrupo.com\/wp-content\/uploads\/2023\/03\/levante-600x355.jpg 600w, https:\/\/masagrupo.com\/wp-content\/uploads\/2023\/03\/levante.jpg 650w\" sizes=\"(max-width: 640px) 100vw, 600px\" \/><\/span><\/div><\/div><\/div><div class=\"fusion-layout-column fusion_builder_column fusion-builder-column-3 fusion_builder_column_1_2 1_2 fusion-flex-column\" style=\"--awb-bg-size:cover;--awb-width-large:50%;--awb-margin-top-large:0px;--awb-spacing-right-large:3.84%;--awb-margin-bottom-large:20px;--awb-spacing-left-large:3.84%;--awb-width-medium:50%;--awb-order-medium:0;--awb-spacing-right-medium:3.84%;--awb-spacing-left-medium:3.84%;--awb-width-small:100%;--awb-order-small:0;--awb-spacing-right-small:1.92%;--awb-spacing-left-small:1.92%;\"><div class=\"fusion-column-wrapper fusion-column-has-shadow fusion-flex-justify-content-flex-start fusion-content-layout-column\"><div class=\"fusion-text fusion-text-1\"><p>Le 7 mars, nous avons lanc\u00e9 la conf\u00e9rence d'entreprise pour les responsables de la pr\u00e9vention et les techniciens de la d\u00e9l\u00e9gation de Levante, dans le but de renforcer les relations avec le personnel de nos lignes de production, d'encourager leur participation active aux processus de production, ainsi que leur leadership et leur engagement en faveur de la sant\u00e9 et de la s\u00e9curit\u00e9 dans le cadre de leurs activit\u00e9s quotidiennes.<\/p>\n<p>Pour atteindre cet objectif, une repr\u00e9sentation du comit\u00e9 de direction de l'entreprise s'est rendue \u00e0 Castell\u00f3n et a pass\u00e9 un apr\u00e8s-midi avec les responsables de la pr\u00e9vention et les techniciens, abordant diverses questions telles que la gestion pr\u00e9ventive, l'\u00e9thique et la transparence ou la gestion des personnes, reconnaissant l'importance fondamentale de nos \u00e9quipes dans le d\u00e9veloppement de notre activit\u00e9 et leur influence dans la mise en \u0153uvre de bonnes pratiques permettant de pr\u00e9server l'int\u00e9grit\u00e9 et la sant\u00e9 de nos employ\u00e9s sur leur lieu de travail.<\/p>\n<p>En outre, notre directeur g\u00e9n\u00e9ral, Jos\u00e9 M\u00aa Pau, a partag\u00e9 des informations sur l'\u00e9volution de l'entreprise depuis son origine, sur notre organisation actuelle et sur les nouveaux domaines d'activit\u00e9 que nous abordons, afin de promouvoir la connaissance et le sentiment d'int\u00e9gration au sein du groupe Masa.<\/p>\n<p>Ces ateliers seront programm\u00e9s dans les autres d\u00e9l\u00e9gations en fonction de l'emploi du temps des participants. Nous sommes d\u00e9termin\u00e9s \u00e0 renforcer la relation avec notre personnel et \u00e0 continuer d'am\u00e9liorer nos pratiques en mati\u00e8re de sant\u00e9 et de s\u00e9curit\u00e9.<\/p>\n<\/div><\/div><\/div><\/div><\/div><div class=\"fusion-fullwidth fullwidth-box fusion-builder-row-2 fusion-flex-container has-pattern-background has-mask-background nonhundred-percent-fullwidth non-hundred-percent-height-scrolling\" style=\"--awb-border-radius-top-left:0px;--awb-border-radius-top-right:0px;--awb-border-radius-bottom-right:0px;--awb-border-radius-bottom-left:0px;--awb-flex-wrap:wrap;\" ><div class=\"fusion-builder-row fusion-row fusion-flex-align-items-flex-start fusion-flex-content-wrap\" style=\"max-width:1248px;margin-left: calc(-4% \/ 2 );margin-right: calc(-4% \/ 2 );\"><div class=\"fusion-layout-column fusion_builder_column fusion-builder-column-4 fusion_builder_column_1_1 1_1 fusion-flex-column\" style=\"--awb-bg-size:cover;--awb-width-large:100%;--awb-margin-top-large:0px;--awb-spacing-right-large:1.92%;--awb-margin-bottom-large:20px;--awb-spacing-left-large:1.92%;--awb-width-medium:100%;--awb-order-medium:0;--awb-spacing-right-medium:1.92%;--awb-spacing-left-medium:1.92%;--awb-width-small:100%;--awb-order-small:0;--awb-spacing-right-small:1.92%;--awb-spacing-left-small:1.92%;\"><div class=\"fusion-column-wrapper fusion-column-has-shadow fusion-flex-justify-content-flex-start fusion-content-layout-column\"><div class=\"fusion-image-element\" style=\"--awb-caption-title-font-family:var(--h2_typography-font-family);--awb-caption-title-font-weight:var(--h2_typography-font-weight);--awb-caption-title-font-style:var(--h2_typography-font-style);--awb-caption-title-size:var(--h2_typography-font-size);--awb-caption-title-transform:var(--h2_typography-text-transform);--awb-caption-title-line-height:var(--h2_typography-line-height);--awb-caption-title-letter-spacing:var(--h2_typography-letter-spacing);\"><span class=\"fusion-imageframe imageframe-none imageframe-2 hover-type-none\"><img decoding=\"async\" width=\"1200\" height=\"600\" title=\"levante2\" src=\"https:\/\/masagrupo.com\/wp-content\/uploads\/2023\/03\/levante2-1200x600.jpg\" alt class=\"img-responsive wp-image-11816\" srcset=\"https:\/\/masagrupo.com\/wp-content\/uploads\/2023\/03\/levante2-200x100.jpg 200w, https:\/\/masagrupo.com\/wp-content\/uploads\/2023\/03\/levante2-400x200.jpg 400w, https:\/\/masagrupo.com\/wp-content\/uploads\/2023\/03\/levante2-600x300.jpg 600w, https:\/\/masagrupo.com\/wp-content\/uploads\/2023\/03\/levante2-800x400.jpg 800w, https:\/\/masagrupo.com\/wp-content\/uploads\/2023\/03\/levante2-1200x600.jpg 1200w\" sizes=\"(max-width: 640px) 100vw, 1200px\" \/><\/span><\/div><\/div><\/div><\/div><\/div><\/p>","protected":false},"excerpt":{"rendered":"<p>Le 7 mars, nous commen\u00e7ons la conf\u00e9rence d'entreprise pour les responsables de la pr\u00e9vention et les techniciens de la d\u00e9l\u00e9gation de Levante afin d'am\u00e9liorer la sant\u00e9 et la s\u00e9curit\u00e9.<\/p>","protected":false},"author":2,"featured_media":8771,"comment_status":"closed","ping_status":"closed","sticky":false,"template":"","format":"standard","meta":{"footnotes":""},"categories":[1],"tags":[],"class_list":["post-8775","post","type-post","status-publish","format-standard","has-post-thumbnail","hentry","category-digitalizacion-del-mantenimiento"],"yoast_head":"<!-- This site is optimized with the Yoast SEO plugin v27.4 - https:\/\/yoast.com\/product\/yoast-seo-wordpress\/ -->\n<title>Jornadas de Prevenci\u00f3n en la Delegaci\u00f3n de Levante - Grupo Masa<\/title>\n<meta name=\"description\" content=\"El 7 de marzo arrancamos las Jornadas Corporativas para Mandos y T\u00e9cnicos de Prevenci\u00f3n en la Delegaci\u00f3n de Levante para mejorar la seguridad y salud\" \/>\n<meta name=\"robots\" content=\"index, follow, max-snippet:-1, max-image-preview:large, max-video-preview:-1\" \/>\n<link rel=\"canonical\" href=\"https:\/\/masagrupo.com\/fr\/ateliers-de-prevention-dans-la-delegation-de-levante\/\" \/>\n<meta property=\"og:locale\" content=\"fr_FR\" \/>\n<meta property=\"og:type\" content=\"article\" \/>\n<meta property=\"og:title\" content=\"Jornadas de Prevenci\u00f3n en la Delegaci\u00f3n de Levante - Grupo Masa\" \/>\n<meta property=\"og:description\" content=\"El 7 de marzo arrancamos las Jornadas Corporativas para Mandos y T\u00e9cnicos de Prevenci\u00f3n en la Delegaci\u00f3n de Levante para mejorar la seguridad y salud\" \/>\n<meta property=\"og:url\" content=\"https:\/\/masagrupo.com\/fr\/ateliers-de-prevention-dans-la-delegation-de-levante\/\" \/>\n<meta property=\"og:site_name\" content=\"Grupo Masa\" \/>\n<meta property=\"article:published_time\" content=\"2023-03-15T22:58:53+00:00\" \/>\n<meta property=\"article:modified_time\" content=\"2025-11-16T12:26:43+00:00\" \/>\n<meta property=\"og:image\" content=\"https:\/\/masagrupo.com\/wp-content\/uploads\/2023\/03\/2023-03-07-16.28.53-scaled-e1680531298735.jpg\" \/>\n\t<meta property=\"og:image:width\" content=\"1300\" \/>\n\t<meta property=\"og:image:height\" content=\"650\" \/>\n\t<meta property=\"og:image:type\" content=\"image\/jpeg\" \/>\n<meta name=\"author\" content=\"Paloma Ar\u00edn\" \/>\n<meta name=\"twitter:card\" content=\"summary_large_image\" \/>\n<meta name=\"twitter:label1\" content=\"Written by\" \/>\n\t<meta name=\"twitter:data1\" content=\"Paloma Ar\u00edn\" \/>\n\t<meta name=\"twitter:label2\" content=\"Est. reading time\" \/>\n\t<meta name=\"twitter:data2\" content=\"2 minutes\" \/>\n<script type=\"application\/ld+json\" class=\"yoast-schema-graph\">{\"@context\":\"https:\\\/\\\/schema.org\",\"@graph\":[{\"@type\":\"Article\",\"@id\":\"https:\\\/\\\/masagrupo.com\\\/jornadas-de-prevencion-en-la-delegacion-de-levante\\\/#article\",\"isPartOf\":{\"@id\":\"https:\\\/\\\/masagrupo.com\\\/jornadas-de-prevencion-en-la-delegacion-de-levante\\\/\"},\"author\":{\"name\":\"Paloma Ar\u00edn\",\"@id\":\"https:\\\/\\\/masagrupo.com\\\/#\\\/schema\\\/person\\\/7067a848d602fff19af4f2172917fae3\"},\"headline\":\"Jornadas de Prevenci\u00f3n en la Delegaci\u00f3n de Levante\",\"datePublished\":\"2023-03-15T22:58:53+00:00\",\"dateModified\":\"2025-11-16T12:26:43+00:00\",\"mainEntityOfPage\":{\"@id\":\"https:\\\/\\\/masagrupo.com\\\/jornadas-de-prevencion-en-la-delegacion-de-levante\\\/\"},\"wordCount\":4535,\"image\":{\"@id\":\"https:\\\/\\\/masagrupo.com\\\/jornadas-de-prevencion-en-la-delegacion-de-levante\\\/#primaryimage\"},\"thumbnailUrl\":\"https:\\\/\\\/masagrupo.com\\\/wp-content\\\/uploads\\\/2023\\\/03\\\/2023-03-07-16.28.53-scaled-e1680531298735.jpg\",\"articleSection\":[\"Digitalizaci\u00f3n del Mantenimiento\"],\"inLanguage\":\"fr-FR\"},{\"@type\":\"WebPage\",\"@id\":\"https:\\\/\\\/masagrupo.com\\\/jornadas-de-prevencion-en-la-delegacion-de-levante\\\/\",\"url\":\"https:\\\/\\\/masagrupo.com\\\/jornadas-de-prevencion-en-la-delegacion-de-levante\\\/\",\"name\":\"Jornadas de Prevenci\u00f3n en la Delegaci\u00f3n de Levante - Grupo Masa\",\"isPartOf\":{\"@id\":\"https:\\\/\\\/masagrupo.com\\\/#website\"},\"primaryImageOfPage\":{\"@id\":\"https:\\\/\\\/masagrupo.com\\\/jornadas-de-prevencion-en-la-delegacion-de-levante\\\/#primaryimage\"},\"image\":{\"@id\":\"https:\\\/\\\/masagrupo.com\\\/jornadas-de-prevencion-en-la-delegacion-de-levante\\\/#primaryimage\"},\"thumbnailUrl\":\"https:\\\/\\\/masagrupo.com\\\/wp-content\\\/uploads\\\/2023\\\/03\\\/2023-03-07-16.28.53-scaled-e1680531298735.jpg\",\"datePublished\":\"2023-03-15T22:58:53+00:00\",\"dateModified\":\"2025-11-16T12:26:43+00:00\",\"author\":{\"@id\":\"https:\\\/\\\/masagrupo.com\\\/#\\\/schema\\\/person\\\/7067a848d602fff19af4f2172917fae3\"},\"description\":\"El 7 de marzo arrancamos las Jornadas Corporativas para Mandos y T\u00e9cnicos de Prevenci\u00f3n en la Delegaci\u00f3n de Levante para mejorar la seguridad y salud\",\"breadcrumb\":{\"@id\":\"https:\\\/\\\/masagrupo.com\\\/jornadas-de-prevencion-en-la-delegacion-de-levante\\\/#breadcrumb\"},\"inLanguage\":\"fr-FR\",\"potentialAction\":[{\"@type\":\"ReadAction\",\"target\":[\"https:\\\/\\\/masagrupo.com\\\/jornadas-de-prevencion-en-la-delegacion-de-levante\\\/\"]}]},{\"@type\":\"ImageObject\",\"inLanguage\":\"fr-FR\",\"@id\":\"https:\\\/\\\/masagrupo.com\\\/jornadas-de-prevencion-en-la-delegacion-de-levante\\\/#primaryimage\",\"url\":\"https:\\\/\\\/masagrupo.com\\\/wp-content\\\/uploads\\\/2023\\\/03\\\/2023-03-07-16.28.53-scaled-e1680531298735.jpg\",\"contentUrl\":\"https:\\\/\\\/masagrupo.com\\\/wp-content\\\/uploads\\\/2023\\\/03\\\/2023-03-07-16.28.53-scaled-e1680531298735.jpg\",\"width\":1300,\"height\":650,\"caption\":\"Herramientas de MASA\"},{\"@type\":\"BreadcrumbList\",\"@id\":\"https:\\\/\\\/masagrupo.com\\\/jornadas-de-prevencion-en-la-delegacion-de-levante\\\/#breadcrumb\",\"itemListElement\":[{\"@type\":\"ListItem\",\"position\":1,\"name\":\"Portada\",\"item\":\"https:\\\/\\\/masagrupo.com\\\/\"},{\"@type\":\"ListItem\",\"position\":2,\"name\":\"Jornadas de Prevenci\u00f3n en la Delegaci\u00f3n de Levante\"}]},{\"@type\":\"WebSite\",\"@id\":\"https:\\\/\\\/masagrupo.com\\\/#website\",\"url\":\"https:\\\/\\\/masagrupo.com\\\/\",\"name\":\"Grupo Masa\",\"description\":\"MASA es una empresa del Grupo ACS\",\"potentialAction\":[{\"@type\":\"SearchAction\",\"target\":{\"@type\":\"EntryPoint\",\"urlTemplate\":\"https:\\\/\\\/masagrupo.com\\\/?s={search_term_string}\"},\"query-input\":{\"@type\":\"PropertyValueSpecification\",\"valueRequired\":true,\"valueName\":\"search_term_string\"}}],\"inLanguage\":\"fr-FR\"},{\"@type\":\"Person\",\"@id\":\"https:\\\/\\\/masagrupo.com\\\/#\\\/schema\\\/person\\\/7067a848d602fff19af4f2172917fae3\",\"name\":\"Paloma Ar\u00edn\",\"image\":{\"@type\":\"ImageObject\",\"inLanguage\":\"fr-FR\",\"@id\":\"https:\\\/\\\/secure.gravatar.com\\\/avatar\\\/d707daeb8561bd35e0b9c01b797023daef352b68a03c8c613fe9cf9f178aa597?s=96&d=mm&r=g\",\"url\":\"https:\\\/\\\/secure.gravatar.com\\\/avatar\\\/d707daeb8561bd35e0b9c01b797023daef352b68a03c8c613fe9cf9f178aa597?s=96&d=mm&r=g\",\"contentUrl\":\"https:\\\/\\\/secure.gravatar.com\\\/avatar\\\/d707daeb8561bd35e0b9c01b797023daef352b68a03c8c613fe9cf9f178aa597?s=96&d=mm&r=g\",\"caption\":\"Paloma Ar\u00edn\"},\"url\":\"https:\\\/\\\/masagrupo.com\\\/fr\\\/author\\\/paloma-arin\\\/\"}]}<\/script>\n<!-- \/ Yoast SEO plugin. -->","yoast_head_json":{"title":"S\u00e9minaires de pr\u00e9vention dans la d\u00e9l\u00e9gation de Levante - Grupo Masa","description":"Le 7 mars, nous commen\u00e7ons la conf\u00e9rence d'entreprise pour les responsables de la pr\u00e9vention et les techniciens de la d\u00e9l\u00e9gation de Levante afin d'am\u00e9liorer la sant\u00e9 et la s\u00e9curit\u00e9.","robots":{"index":"index","follow":"follow","max-snippet":"max-snippet:-1","max-image-preview":"max-image-preview:large","max-video-preview":"max-video-preview:-1"},"canonical":"https:\/\/masagrupo.com\/fr\/ateliers-de-prevention-dans-la-delegation-de-levante\/","og_locale":"fr_FR","og_type":"article","og_title":"Jornadas de Prevenci\u00f3n en la Delegaci\u00f3n de Levante - Grupo Masa","og_description":"El 7 de marzo arrancamos las Jornadas Corporativas para Mandos y T\u00e9cnicos de Prevenci\u00f3n en la Delegaci\u00f3n de Levante para mejorar la seguridad y salud","og_url":"https:\/\/masagrupo.com\/fr\/ateliers-de-prevention-dans-la-delegation-de-levante\/","og_site_name":"Grupo Masa","article_published_time":"2023-03-15T22:58:53+00:00","article_modified_time":"2025-11-16T12:26:43+00:00","og_image":[{"width":1300,"height":650,"url":"https:\/\/masagrupo.com\/wp-content\/uploads\/2023\/03\/2023-03-07-16.28.53-scaled-e1680531298735.jpg","type":"image\/jpeg"}],"author":"Paloma Ar\u00edn","twitter_card":"summary_large_image","twitter_misc":{"Written by":"Paloma Ar\u00edn","Est. reading time":"2 minutes"},"schema":{"@context":"https:\/\/schema.org","@graph":[{"@type":"Article","@id":"https:\/\/masagrupo.com\/jornadas-de-prevencion-en-la-delegacion-de-levante\/#article","isPartOf":{"@id":"https:\/\/masagrupo.com\/jornadas-de-prevencion-en-la-delegacion-de-levante\/"},"author":{"name":"Paloma Ar\u00edn","@id":"https:\/\/masagrupo.com\/#\/schema\/person\/7067a848d602fff19af4f2172917fae3"},"headline":"Jornadas de Prevenci\u00f3n en la Delegaci\u00f3n de Levante","datePublished":"2023-03-15T22:58:53+00:00","dateModified":"2025-11-16T12:26:43+00:00","mainEntityOfPage":{"@id":"https:\/\/masagrupo.com\/jornadas-de-prevencion-en-la-delegacion-de-levante\/"},"wordCount":4535,"image":{"@id":"https:\/\/masagrupo.com\/jornadas-de-prevencion-en-la-delegacion-de-levante\/#primaryimage"},"thumbnailUrl":"https:\/\/masagrupo.com\/wp-content\/uploads\/2023\/03\/2023-03-07-16.28.53-scaled-e1680531298735.jpg","articleSection":["Digitalizaci\u00f3n del Mantenimiento"],"inLanguage":"fr-FR"},{"@type":"WebPage","@id":"https:\/\/masagrupo.com\/jornadas-de-prevencion-en-la-delegacion-de-levante\/","url":"https:\/\/masagrupo.com\/jornadas-de-prevencion-en-la-delegacion-de-levante\/","name":"S\u00e9minaires de pr\u00e9vention dans la d\u00e9l\u00e9gation de Levante - Grupo Masa","isPartOf":{"@id":"https:\/\/masagrupo.com\/#website"},"primaryImageOfPage":{"@id":"https:\/\/masagrupo.com\/jornadas-de-prevencion-en-la-delegacion-de-levante\/#primaryimage"},"image":{"@id":"https:\/\/masagrupo.com\/jornadas-de-prevencion-en-la-delegacion-de-levante\/#primaryimage"},"thumbnailUrl":"https:\/\/masagrupo.com\/wp-content\/uploads\/2023\/03\/2023-03-07-16.28.53-scaled-e1680531298735.jpg","datePublished":"2023-03-15T22:58:53+00:00","dateModified":"2025-11-16T12:26:43+00:00","author":{"@id":"https:\/\/masagrupo.com\/#\/schema\/person\/7067a848d602fff19af4f2172917fae3"},"description":"Le 7 mars, nous commen\u00e7ons la conf\u00e9rence d'entreprise pour les responsables de la pr\u00e9vention et les techniciens de la d\u00e9l\u00e9gation de Levante afin d'am\u00e9liorer la sant\u00e9 et la s\u00e9curit\u00e9.","breadcrumb":{"@id":"https:\/\/masagrupo.com\/jornadas-de-prevencion-en-la-delegacion-de-levante\/#breadcrumb"},"inLanguage":"fr-FR","potentialAction":[{"@type":"ReadAction","target":["https:\/\/masagrupo.com\/jornadas-de-prevencion-en-la-delegacion-de-levante\/"]}]},{"@type":"ImageObject","inLanguage":"fr-FR","@id":"https:\/\/masagrupo.com\/jornadas-de-prevencion-en-la-delegacion-de-levante\/#primaryimage","url":"https:\/\/masagrupo.com\/wp-content\/uploads\/2023\/03\/2023-03-07-16.28.53-scaled-e1680531298735.jpg","contentUrl":"https:\/\/masagrupo.com\/wp-content\/uploads\/2023\/03\/2023-03-07-16.28.53-scaled-e1680531298735.jpg","width":1300,"height":650,"caption":"Herramientas de MASA"},{"@type":"BreadcrumbList","@id":"https:\/\/masagrupo.com\/jornadas-de-prevencion-en-la-delegacion-de-levante\/#breadcrumb","itemListElement":[{"@type":"ListItem","position":1,"name":"Portada","item":"https:\/\/masagrupo.com\/"},{"@type":"ListItem","position":2,"name":"Jornadas de Prevenci\u00f3n en la Delegaci\u00f3n de Levante"}]},{"@type":"WebSite","@id":"https:\/\/masagrupo.com\/#website","url":"https:\/\/masagrupo.com\/","name":"Groupe Masa","description":"MASA est une soci\u00e9t\u00e9 du groupe ACS","potentialAction":[{"@type":"SearchAction","target":{"@type":"EntryPoint","urlTemplate":"https:\/\/masagrupo.com\/?s={search_term_string}"},"query-input":{"@type":"PropertyValueSpecification","valueRequired":true,"valueName":"search_term_string"}}],"inLanguage":"fr-FR"},{"@type":"Person","@id":"https:\/\/masagrupo.com\/#\/schema\/person\/7067a848d602fff19af4f2172917fae3","name":"Paloma Ar\u00edn","image":{"@type":"ImageObject","inLanguage":"fr-FR","@id":"https:\/\/secure.gravatar.com\/avatar\/d707daeb8561bd35e0b9c01b797023daef352b68a03c8c613fe9cf9f178aa597?s=96&d=mm&r=g","url":"https:\/\/secure.gravatar.com\/avatar\/d707daeb8561bd35e0b9c01b797023daef352b68a03c8c613fe9cf9f178aa597?s=96&d=mm&r=g","contentUrl":"https:\/\/secure.gravatar.com\/avatar\/d707daeb8561bd35e0b9c01b797023daef352b68a03c8c613fe9cf9f178aa597?s=96&d=mm&r=g","caption":"Paloma Ar\u00edn"},"url":"https:\/\/masagrupo.com\/fr\/author\/paloma-arin\/"}]}},"_links":{"self":[{"href":"https:\/\/masagrupo.com\/fr\/wp-json\/wp\/v2\/posts\/8775","targetHints":{"allow":["GET"]}}],"collection":[{"href":"https:\/\/masagrupo.com\/fr\/wp-json\/wp\/v2\/posts"}],"about":[{"href":"https:\/\/masagrupo.com\/fr\/wp-json\/wp\/v2\/types\/post"}],"author":[{"embeddable":true,"href":"https:\/\/masagrupo.com\/fr\/wp-json\/wp\/v2\/users\/2"}],"replies":[{"embeddable":true,"href":"https:\/\/masagrupo.com\/fr\/wp-json\/wp\/v2\/comments?post=8775"}],"version-history":[{"count":22,"href":"https:\/\/masagrupo.com\/fr\/wp-json\/wp\/v2\/posts\/8775\/revisions"}],"predecessor-version":[{"id":11818,"href":"https:\/\/masagrupo.com\/fr\/wp-json\/wp\/v2\/posts\/8775\/revisions\/11818"}],"wp:featuredmedia":[{"embeddable":true,"href":"https:\/\/masagrupo.com\/fr\/wp-json\/wp\/v2\/media\/8771"}],"wp:attachment":[{"href":"https:\/\/masagrupo.com\/fr\/wp-json\/wp\/v2\/media?parent=8775"}],"wp:term":[{"taxonomy":"category","embeddable":true,"href":"https:\/\/masagrupo.com\/fr\/wp-json\/wp\/v2\/categories?post=8775"},{"taxonomy":"post_tag","embeddable":true,"href":"https:\/\/masagrupo.com\/fr\/wp-json\/wp\/v2\/tags?post=8775"}],"curies":[{"name":"wp","href":"https:\/\/api.w.org\/{rel}","templated":true}]}}