{"id":7639,"date":"2022-02-25T14:18:09","date_gmt":"2022-02-25T13:18:09","guid":{"rendered":"http:\/\/masagrupo.com\/?p=7639"},"modified":"2025-11-16T14:47:17","modified_gmt":"2025-11-16T13:47:17","slug":"masse-dans-le-bulletin-du-cepsa-sur-la-securite-et-la-protection-de-lenvironnement","status":"publish","type":"post","link":"https:\/\/masagrupo.com\/fr\/masa-en-el-boletin-de-seguridad-y-proteccion-ambiental-de-cepsa\/","title":{"rendered":"MASA dans le bulletin de Cepsa sur la s\u00e9curit\u00e9 et la protection de l'environnement"},"content":{"rendered":"<div class=\"fusion-fullwidth fullwidth-box fusion-builder-row-1 fusion-flex-container has-pattern-background has-mask-background nonhundred-percent-fullwidth non-hundred-percent-height-scrolling\" style=\"--awb-border-radius-top-left:0px;--awb-border-radius-top-right:0px;--awb-border-radius-bottom-right:0px;--awb-border-radius-bottom-left:0px;--awb-flex-wrap:wrap;\" ><div class=\"fusion-builder-row fusion-row fusion-flex-align-items-center fusion-flex-content-wrap\" style=\"max-width:1248px;margin-left: calc(-4% \/ 2 );margin-right: calc(-4% \/ 2 );\"><div class=\"fusion-layout-column fusion_builder_column fusion-builder-column-0 fusion_builder_column_2_3 2_3 fusion-flex-column\" style=\"--awb-bg-size:cover;--awb-width-large:66.666666666667%;--awb-margin-top-large:0px;--awb-spacing-right-large:2.88%;--awb-margin-bottom-large:20px;--awb-spacing-left-large:2.88%;--awb-width-medium:66.666666666667%;--awb-order-medium:0;--awb-spacing-right-medium:2.88%;--awb-spacing-left-medium:2.88%;--awb-width-small:100%;--awb-order-small:0;--awb-spacing-right-small:1.92%;--awb-spacing-left-small:1.92%;\"><div class=\"fusion-column-wrapper fusion-column-has-shadow fusion-flex-justify-content-flex-start fusion-content-layout-column\"><div class=\"fusion-text fusion-text-1\"><p>Notre directeur national pour la zone sud, Jos\u00e9 Miguel Barranco, a pr\u00e9sent\u00e9 la MASA au bulletin d'information sur la s\u00e9curit\u00e9 et la protection de l'environnement de l'Union europ\u00e9enne. <span style=\"text-decoration: underline;\"><a href=\"https:\/\/www.cepsa.com\/es\/\" target=\"_blank\" rel=\"noopener\">Cepsa<\/a><\/span>. Nous vous laissons avec son entr\u00e9e :<\/p>\n<p>MASA et ses filiales visent \u00e0 maintenir sa position de leader et de r\u00e9f\u00e9rence sur les march\u00e9s, en comprenant qu'aucune situation d'urgence, production ou r\u00e9sultat \u00e9conomique ne peut compromettre un environnement de travail s\u00fbr et sain. C'est le d\u00e9but de la politique des syst\u00e8mes de gestion int\u00e9gr\u00e9s que MASA, dans sa derni\u00e8re r\u00e9vision, a mis en vigueur depuis 2018.<\/p>\n<p>De nombreuses entreprises du secteur disposent, comme nous, d'une d\u00e9claration de principes pour leurs sites et leurs employ\u00e9s. Ces entreprises travaillent avec de nombreux clients, avec un large \u00e9ventail d'activit\u00e9s, de processus de production, de produits, de proc\u00e9dures op\u00e9rationnelles et d'environnements qui font de chaque lieu de travail un endroit tr\u00e8s sp\u00e9cifique et exclusif.<\/p>\n<\/div><\/div><\/div><div class=\"fusion-layout-column fusion_builder_column fusion-builder-column-1 fusion_builder_column_1_3 1_3 fusion-flex-column\" style=\"--awb-bg-size:cover;--awb-width-large:33.333333333333%;--awb-margin-top-large:0px;--awb-spacing-right-large:5.76%;--awb-margin-bottom-large:20px;--awb-spacing-left-large:5.76%;--awb-width-medium:33.333333333333%;--awb-order-medium:0;--awb-spacing-right-medium:5.76%;--awb-spacing-left-medium:5.76%;--awb-width-small:100%;--awb-order-small:0;--awb-spacing-right-small:1.92%;--awb-spacing-left-small:1.92%;\"><div class=\"fusion-column-wrapper fusion-column-has-shadow fusion-flex-justify-content-flex-start fusion-content-layout-column\"><div class=\"fusion-image-element\" style=\"--awb-caption-title-font-family:var(--h2_typography-font-family);--awb-caption-title-font-weight:var(--h2_typography-font-weight);--awb-caption-title-font-style:var(--h2_typography-font-style);--awb-caption-title-size:var(--h2_typography-font-size);--awb-caption-title-transform:var(--h2_typography-text-transform);--awb-caption-title-line-height:var(--h2_typography-line-height);--awb-caption-title-letter-spacing:var(--h2_typography-letter-spacing);\"><span class=\"fusion-imageframe imageframe-none imageframe-1 hover-type-none\"><img decoding=\"async\" width=\"650\" height=\"727\" alt=\"Jos\u00e9 Miguel Barranco\" title=\"cepsa1\" src=\"https:\/\/masagrupo.com\/wp-content\/uploads\/2022\/02\/cepsa1.jpg\" class=\"img-responsive wp-image-11873\" srcset=\"https:\/\/masagrupo.com\/wp-content\/uploads\/2022\/02\/cepsa1-200x224.jpg 200w, https:\/\/masagrupo.com\/wp-content\/uploads\/2022\/02\/cepsa1-400x447.jpg 400w, https:\/\/masagrupo.com\/wp-content\/uploads\/2022\/02\/cepsa1-600x671.jpg 600w, https:\/\/masagrupo.com\/wp-content\/uploads\/2022\/02\/cepsa1.jpg 650w\" sizes=\"(max-width: 640px) 100vw, 400px\" \/><\/span><\/div><\/div><\/div><div class=\"fusion-layout-column fusion_builder_column fusion-builder-column-2 fusion_builder_column_1_1 1_1 fusion-flex-column\" style=\"--awb-bg-size:cover;--awb-width-large:100%;--awb-margin-top-large:0px;--awb-spacing-right-large:1.92%;--awb-margin-bottom-large:20px;--awb-spacing-left-large:1.92%;--awb-width-medium:100%;--awb-order-medium:0;--awb-spacing-right-medium:1.92%;--awb-spacing-left-medium:1.92%;--awb-width-small:100%;--awb-order-small:0;--awb-spacing-right-small:1.92%;--awb-spacing-left-small:1.92%;\"><div class=\"fusion-column-wrapper fusion-column-has-shadow fusion-flex-justify-content-flex-start fusion-content-layout-column\"><div class=\"fusion-text fusion-text-2\"><p>Si nous auditons n'importe quel syst\u00e8me de gestion int\u00e9gr\u00e9 dans lequel la s\u00e9curit\u00e9 est incluse, nous trouverons des dizaines de proc\u00e9dures obligatoires, avec des centaines d'heures consacr\u00e9es \u00e0 la formation, aux manuels de pr\u00e9vention, aux proc\u00e9dures g\u00e9n\u00e9rales et sp\u00e9cifiques, \u00e0 la formation professionnelle, \u00e0 la formation au d\u00e9marrage et \u00e0 bien d'autres choses encore. Mais... o\u00f9 commence l'action pr\u00e9ventive, est-ce la somme des heures de formation jusqu'\u00e0 sati\u00e9t\u00e9 ou est-ce le moment de chercher des alli\u00e9s ?<\/p>\n<p>Nous ne pouvons pas ignorer que la l\u00e9gislation du travail en mati\u00e8re de pr\u00e9vention est de plus en plus \u00e9tendue et qu'elle doit bien s\u00fbr \u00eatre respect\u00e9e, mais nous ne devons pas non plus oublier que notre seul objectif est d'avoir z\u00e9ro accident sur le lieu de travail. Pour y parvenir, il est essentiel de travailler \u00e0 la racine du probl\u00e8me, sur la formation, mais aussi de diffuser une culture pr\u00e9ventive appropri\u00e9e parmi nos employ\u00e9s, car c'est la seule fa\u00e7on d'obtenir des r\u00e9sultats : d\u00e9tecter la faute \u00e0 la source et former des leaders en mati\u00e8re de pr\u00e9vention capables de transmettre naturellement cette culture.<\/p>\n<p>Nous mettons l'accent sur les personnes, et non sur les r\u00f4les. Car le chef n'est pas toujours le patron et le patron n'est pas toujours un chef. Nous devons atteindre nos employ\u00e9s par l'interm\u00e9diaire de leurs propres coll\u00e8gues, les sensibiliser individuellement, les impliquer dans le processus afin qu'ils nous permettent de travailler en \u00e9quipe et d'atteindre l'objectif.<\/p>\n<p>Parmi les nombreux projets auxquels j'ai eu la chance de participer \u00e0 MASA, j'aimerais souligner notre projet IMPULSORES, qui vise \u00e0 encourager cette culture pr\u00e9ventive en localisant et en donnant les outils n\u00e9cessaires \u00e0 nos responsables de la s\u00e9curit\u00e9, avec des r\u00e9sultats tangibles. Leurs efforts ont \u00e9t\u00e9 r\u00e9compens\u00e9s par les prix WePioneer de Cepsa en 2020.<\/p>\n<\/div><div class=\"fusion-image-element\" style=\"--awb-caption-title-font-family:var(--h2_typography-font-family);--awb-caption-title-font-weight:var(--h2_typography-font-weight);--awb-caption-title-font-style:var(--h2_typography-font-style);--awb-caption-title-size:var(--h2_typography-font-size);--awb-caption-title-transform:var(--h2_typography-text-transform);--awb-caption-title-line-height:var(--h2_typography-line-height);--awb-caption-title-letter-spacing:var(--h2_typography-letter-spacing);\"><span class=\"fusion-imageframe imageframe-none imageframe-2 hover-type-none\"><img decoding=\"async\" width=\"1200\" height=\"812\" title=\"cepsa2\" src=\"https:\/\/masagrupo.com\/wp-content\/uploads\/2022\/02\/cepsa2-1200x812.jpg\" alt class=\"img-responsive wp-image-11874\" srcset=\"https:\/\/masagrupo.com\/wp-content\/uploads\/2022\/02\/cepsa2-200x135.jpg 200w, https:\/\/masagrupo.com\/wp-content\/uploads\/2022\/02\/cepsa2-400x271.jpg 400w, https:\/\/masagrupo.com\/wp-content\/uploads\/2022\/02\/cepsa2-600x406.jpg 600w, https:\/\/masagrupo.com\/wp-content\/uploads\/2022\/02\/cepsa2-800x541.jpg 800w, https:\/\/masagrupo.com\/wp-content\/uploads\/2022\/02\/cepsa2-1200x812.jpg 1200w\" sizes=\"(max-width: 640px) 100vw, 1200px\" \/><\/span><\/div><\/div><\/div><\/div><\/div>","protected":false},"excerpt":{"rendered":"<p>MASA et ses filiales s'efforcent de garantir un environnement de travail s\u00fbr et sain.<\/p>","protected":false},"author":2,"featured_media":7631,"comment_status":"closed","ping_status":"closed","sticky":false,"template":"","format":"standard","meta":{"footnotes":""},"categories":[1],"tags":[],"class_list":["post-7639","post","type-post","status-publish","format-standard","has-post-thumbnail","hentry","category-digitalizacion-del-mantenimiento"],"yoast_head":"<!-- This site is optimized with the Yoast SEO plugin v27.4 - https:\/\/yoast.com\/product\/yoast-seo-wordpress\/ -->\n<title>MASA en el Bolet\u00edn\u00a0de Seguridad y Protecci\u00f3n Ambiental de\u00a0Cepsa<\/title>\n<meta name=\"description\" content=\"\u200b\u200b\u200b\u200b\u200b\u200b\u200bMASA\u00a0y sus filiales tienen como objetivo garantizar la seguridad en un entorno de trabajo saludable.\" \/>\n<meta name=\"robots\" content=\"index, follow, max-snippet:-1, max-image-preview:large, max-video-preview:-1\" \/>\n<link rel=\"canonical\" href=\"https:\/\/masagrupo.com\/fr\/masse-dans-le-bulletin-du-cepsa-sur-la-securite-et-la-protection-de-lenvironnement\/\" \/>\n<meta property=\"og:locale\" content=\"fr_FR\" \/>\n<meta property=\"og:type\" content=\"article\" \/>\n<meta property=\"og:title\" content=\"MASA en el Bolet\u00edn\u00a0de Seguridad y Protecci\u00f3n Ambiental de\u00a0Cepsa\" \/>\n<meta property=\"og:description\" content=\"\u200b\u200b\u200b\u200b\u200b\u200b\u200bMASA\u00a0y sus filiales tienen como objetivo garantizar la seguridad en un entorno de trabajo saludable.\" \/>\n<meta property=\"og:url\" content=\"https:\/\/masagrupo.com\/fr\/masse-dans-le-bulletin-du-cepsa-sur-la-securite-et-la-protection-de-lenvironnement\/\" \/>\n<meta property=\"og:site_name\" content=\"Grupo Masa\" \/>\n<meta property=\"article:published_time\" content=\"2022-02-25T13:18:09+00:00\" \/>\n<meta property=\"article:modified_time\" content=\"2025-11-16T13:47:17+00:00\" \/>\n<meta property=\"og:image\" content=\"https:\/\/masagrupo.com\/wp-content\/uploads\/2022\/02\/25983ffb-6007-412b-a7ed-8a2ef23eb1fe.jpg\" \/>\n\t<meta property=\"og:image:width\" content=\"1494\" \/>\n\t<meta property=\"og:image:height\" content=\"764\" \/>\n\t<meta property=\"og:image:type\" content=\"image\/jpeg\" \/>\n<meta name=\"author\" content=\"Paloma Ar\u00edn\" \/>\n<meta name=\"twitter:card\" content=\"summary_large_image\" \/>\n<meta name=\"twitter:label1\" content=\"Written by\" \/>\n\t<meta name=\"twitter:data1\" content=\"Paloma Ar\u00edn\" \/>\n\t<meta name=\"twitter:label2\" content=\"Est. reading time\" \/>\n\t<meta name=\"twitter:data2\" content=\"3 minutes\" \/>\n<script type=\"application\/ld+json\" class=\"yoast-schema-graph\">{\"@context\":\"https:\\\/\\\/schema.org\",\"@graph\":[{\"@type\":\"Article\",\"@id\":\"https:\\\/\\\/masagrupo.com\\\/masa-en-el-boletin-de-seguridad-y-proteccion-ambiental-de-cepsa\\\/#article\",\"isPartOf\":{\"@id\":\"https:\\\/\\\/masagrupo.com\\\/masa-en-el-boletin-de-seguridad-y-proteccion-ambiental-de-cepsa\\\/\"},\"author\":{\"name\":\"Paloma Ar\u00edn\",\"@id\":\"https:\\\/\\\/masagrupo.com\\\/#\\\/schema\\\/person\\\/7067a848d602fff19af4f2172917fae3\"},\"headline\":\"MASA en el Bolet\u00edn\u00a0de Seguridad y Protecci\u00f3n Ambiental de\u00a0Cepsa\",\"datePublished\":\"2022-02-25T13:18:09+00:00\",\"dateModified\":\"2025-11-16T13:47:17+00:00\",\"mainEntityOfPage\":{\"@id\":\"https:\\\/\\\/masagrupo.com\\\/masa-en-el-boletin-de-seguridad-y-proteccion-ambiental-de-cepsa\\\/\"},\"wordCount\":3166,\"image\":{\"@id\":\"https:\\\/\\\/masagrupo.com\\\/masa-en-el-boletin-de-seguridad-y-proteccion-ambiental-de-cepsa\\\/#primaryimage\"},\"thumbnailUrl\":\"https:\\\/\\\/masagrupo.com\\\/wp-content\\\/uploads\\\/2022\\\/02\\\/25983ffb-6007-412b-a7ed-8a2ef23eb1fe.jpg\",\"articleSection\":[\"Digitalizaci\u00f3n del Mantenimiento\"],\"inLanguage\":\"fr-FR\"},{\"@type\":\"WebPage\",\"@id\":\"https:\\\/\\\/masagrupo.com\\\/masa-en-el-boletin-de-seguridad-y-proteccion-ambiental-de-cepsa\\\/\",\"url\":\"https:\\\/\\\/masagrupo.com\\\/masa-en-el-boletin-de-seguridad-y-proteccion-ambiental-de-cepsa\\\/\",\"name\":\"MASA en el Bolet\u00edn\u00a0de Seguridad y Protecci\u00f3n Ambiental de\u00a0Cepsa\",\"isPartOf\":{\"@id\":\"https:\\\/\\\/masagrupo.com\\\/#website\"},\"primaryImageOfPage\":{\"@id\":\"https:\\\/\\\/masagrupo.com\\\/masa-en-el-boletin-de-seguridad-y-proteccion-ambiental-de-cepsa\\\/#primaryimage\"},\"image\":{\"@id\":\"https:\\\/\\\/masagrupo.com\\\/masa-en-el-boletin-de-seguridad-y-proteccion-ambiental-de-cepsa\\\/#primaryimage\"},\"thumbnailUrl\":\"https:\\\/\\\/masagrupo.com\\\/wp-content\\\/uploads\\\/2022\\\/02\\\/25983ffb-6007-412b-a7ed-8a2ef23eb1fe.jpg\",\"datePublished\":\"2022-02-25T13:18:09+00:00\",\"dateModified\":\"2025-11-16T13:47:17+00:00\",\"author\":{\"@id\":\"https:\\\/\\\/masagrupo.com\\\/#\\\/schema\\\/person\\\/7067a848d602fff19af4f2172917fae3\"},\"description\":\"\u200b\u200b\u200b\u200b\u200b\u200b\u200bMASA\u00a0y sus filiales tienen como objetivo garantizar la seguridad en un entorno de trabajo saludable.\",\"breadcrumb\":{\"@id\":\"https:\\\/\\\/masagrupo.com\\\/masa-en-el-boletin-de-seguridad-y-proteccion-ambiental-de-cepsa\\\/#breadcrumb\"},\"inLanguage\":\"fr-FR\",\"potentialAction\":[{\"@type\":\"ReadAction\",\"target\":[\"https:\\\/\\\/masagrupo.com\\\/masa-en-el-boletin-de-seguridad-y-proteccion-ambiental-de-cepsa\\\/\"]}]},{\"@type\":\"ImageObject\",\"inLanguage\":\"fr-FR\",\"@id\":\"https:\\\/\\\/masagrupo.com\\\/masa-en-el-boletin-de-seguridad-y-proteccion-ambiental-de-cepsa\\\/#primaryimage\",\"url\":\"https:\\\/\\\/masagrupo.com\\\/wp-content\\\/uploads\\\/2022\\\/02\\\/25983ffb-6007-412b-a7ed-8a2ef23eb1fe.jpg\",\"contentUrl\":\"https:\\\/\\\/masagrupo.com\\\/wp-content\\\/uploads\\\/2022\\\/02\\\/25983ffb-6007-412b-a7ed-8a2ef23eb1fe.jpg\",\"width\":1494,\"height\":764},{\"@type\":\"BreadcrumbList\",\"@id\":\"https:\\\/\\\/masagrupo.com\\\/masa-en-el-boletin-de-seguridad-y-proteccion-ambiental-de-cepsa\\\/#breadcrumb\",\"itemListElement\":[{\"@type\":\"ListItem\",\"position\":1,\"name\":\"Portada\",\"item\":\"https:\\\/\\\/masagrupo.com\\\/\"},{\"@type\":\"ListItem\",\"position\":2,\"name\":\"MASA en el Bolet\u00edn\u00a0de Seguridad y Protecci\u00f3n Ambiental de\u00a0Cepsa\"}]},{\"@type\":\"WebSite\",\"@id\":\"https:\\\/\\\/masagrupo.com\\\/#website\",\"url\":\"https:\\\/\\\/masagrupo.com\\\/\",\"name\":\"Grupo Masa\",\"description\":\"MASA es una empresa del Grupo ACS\",\"potentialAction\":[{\"@type\":\"SearchAction\",\"target\":{\"@type\":\"EntryPoint\",\"urlTemplate\":\"https:\\\/\\\/masagrupo.com\\\/?s={search_term_string}\"},\"query-input\":{\"@type\":\"PropertyValueSpecification\",\"valueRequired\":true,\"valueName\":\"search_term_string\"}}],\"inLanguage\":\"fr-FR\"},{\"@type\":\"Person\",\"@id\":\"https:\\\/\\\/masagrupo.com\\\/#\\\/schema\\\/person\\\/7067a848d602fff19af4f2172917fae3\",\"name\":\"Paloma Ar\u00edn\",\"image\":{\"@type\":\"ImageObject\",\"inLanguage\":\"fr-FR\",\"@id\":\"https:\\\/\\\/secure.gravatar.com\\\/avatar\\\/d707daeb8561bd35e0b9c01b797023daef352b68a03c8c613fe9cf9f178aa597?s=96&d=mm&r=g\",\"url\":\"https:\\\/\\\/secure.gravatar.com\\\/avatar\\\/d707daeb8561bd35e0b9c01b797023daef352b68a03c8c613fe9cf9f178aa597?s=96&d=mm&r=g\",\"contentUrl\":\"https:\\\/\\\/secure.gravatar.com\\\/avatar\\\/d707daeb8561bd35e0b9c01b797023daef352b68a03c8c613fe9cf9f178aa597?s=96&d=mm&r=g\",\"caption\":\"Paloma Ar\u00edn\"},\"url\":\"https:\\\/\\\/masagrupo.com\\\/fr\\\/author\\\/paloma-arin\\\/\"}]}<\/script>\n<!-- \/ Yoast SEO plugin. -->","yoast_head_json":{"title":"MASA dans le bulletin de Cepsa sur la s\u00e9curit\u00e9 et la protection de l'environnement","description":"MASA et ses filiales s'efforcent de garantir un environnement de travail s\u00fbr et sain.","robots":{"index":"index","follow":"follow","max-snippet":"max-snippet:-1","max-image-preview":"max-image-preview:large","max-video-preview":"max-video-preview:-1"},"canonical":"https:\/\/masagrupo.com\/fr\/masse-dans-le-bulletin-du-cepsa-sur-la-securite-et-la-protection-de-lenvironnement\/","og_locale":"fr_FR","og_type":"article","og_title":"MASA en el Bolet\u00edn\u00a0de Seguridad y Protecci\u00f3n Ambiental de\u00a0Cepsa","og_description":"\u200b\u200b\u200b\u200b\u200b\u200b\u200bMASA\u00a0y sus filiales tienen como objetivo garantizar la seguridad en un entorno de trabajo saludable.","og_url":"https:\/\/masagrupo.com\/fr\/masse-dans-le-bulletin-du-cepsa-sur-la-securite-et-la-protection-de-lenvironnement\/","og_site_name":"Grupo Masa","article_published_time":"2022-02-25T13:18:09+00:00","article_modified_time":"2025-11-16T13:47:17+00:00","og_image":[{"width":1494,"height":764,"url":"https:\/\/masagrupo.com\/wp-content\/uploads\/2022\/02\/25983ffb-6007-412b-a7ed-8a2ef23eb1fe.jpg","type":"image\/jpeg"}],"author":"Paloma Ar\u00edn","twitter_card":"summary_large_image","twitter_misc":{"Written by":"Paloma Ar\u00edn","Est. reading time":"3 minutes"},"schema":{"@context":"https:\/\/schema.org","@graph":[{"@type":"Article","@id":"https:\/\/masagrupo.com\/masa-en-el-boletin-de-seguridad-y-proteccion-ambiental-de-cepsa\/#article","isPartOf":{"@id":"https:\/\/masagrupo.com\/masa-en-el-boletin-de-seguridad-y-proteccion-ambiental-de-cepsa\/"},"author":{"name":"Paloma Ar\u00edn","@id":"https:\/\/masagrupo.com\/#\/schema\/person\/7067a848d602fff19af4f2172917fae3"},"headline":"MASA en el Bolet\u00edn\u00a0de Seguridad y Protecci\u00f3n Ambiental de\u00a0Cepsa","datePublished":"2022-02-25T13:18:09+00:00","dateModified":"2025-11-16T13:47:17+00:00","mainEntityOfPage":{"@id":"https:\/\/masagrupo.com\/masa-en-el-boletin-de-seguridad-y-proteccion-ambiental-de-cepsa\/"},"wordCount":3166,"image":{"@id":"https:\/\/masagrupo.com\/masa-en-el-boletin-de-seguridad-y-proteccion-ambiental-de-cepsa\/#primaryimage"},"thumbnailUrl":"https:\/\/masagrupo.com\/wp-content\/uploads\/2022\/02\/25983ffb-6007-412b-a7ed-8a2ef23eb1fe.jpg","articleSection":["Digitalizaci\u00f3n del Mantenimiento"],"inLanguage":"fr-FR"},{"@type":"WebPage","@id":"https:\/\/masagrupo.com\/masa-en-el-boletin-de-seguridad-y-proteccion-ambiental-de-cepsa\/","url":"https:\/\/masagrupo.com\/masa-en-el-boletin-de-seguridad-y-proteccion-ambiental-de-cepsa\/","name":"MASA dans le bulletin de Cepsa sur la s\u00e9curit\u00e9 et la protection de l'environnement","isPartOf":{"@id":"https:\/\/masagrupo.com\/#website"},"primaryImageOfPage":{"@id":"https:\/\/masagrupo.com\/masa-en-el-boletin-de-seguridad-y-proteccion-ambiental-de-cepsa\/#primaryimage"},"image":{"@id":"https:\/\/masagrupo.com\/masa-en-el-boletin-de-seguridad-y-proteccion-ambiental-de-cepsa\/#primaryimage"},"thumbnailUrl":"https:\/\/masagrupo.com\/wp-content\/uploads\/2022\/02\/25983ffb-6007-412b-a7ed-8a2ef23eb1fe.jpg","datePublished":"2022-02-25T13:18:09+00:00","dateModified":"2025-11-16T13:47:17+00:00","author":{"@id":"https:\/\/masagrupo.com\/#\/schema\/person\/7067a848d602fff19af4f2172917fae3"},"description":"MASA et ses filiales s'efforcent de garantir un environnement de travail s\u00fbr et sain.","breadcrumb":{"@id":"https:\/\/masagrupo.com\/masa-en-el-boletin-de-seguridad-y-proteccion-ambiental-de-cepsa\/#breadcrumb"},"inLanguage":"fr-FR","potentialAction":[{"@type":"ReadAction","target":["https:\/\/masagrupo.com\/masa-en-el-boletin-de-seguridad-y-proteccion-ambiental-de-cepsa\/"]}]},{"@type":"ImageObject","inLanguage":"fr-FR","@id":"https:\/\/masagrupo.com\/masa-en-el-boletin-de-seguridad-y-proteccion-ambiental-de-cepsa\/#primaryimage","url":"https:\/\/masagrupo.com\/wp-content\/uploads\/2022\/02\/25983ffb-6007-412b-a7ed-8a2ef23eb1fe.jpg","contentUrl":"https:\/\/masagrupo.com\/wp-content\/uploads\/2022\/02\/25983ffb-6007-412b-a7ed-8a2ef23eb1fe.jpg","width":1494,"height":764},{"@type":"BreadcrumbList","@id":"https:\/\/masagrupo.com\/masa-en-el-boletin-de-seguridad-y-proteccion-ambiental-de-cepsa\/#breadcrumb","itemListElement":[{"@type":"ListItem","position":1,"name":"Portada","item":"https:\/\/masagrupo.com\/"},{"@type":"ListItem","position":2,"name":"MASA en el Bolet\u00edn\u00a0de Seguridad y Protecci\u00f3n Ambiental de\u00a0Cepsa"}]},{"@type":"WebSite","@id":"https:\/\/masagrupo.com\/#website","url":"https:\/\/masagrupo.com\/","name":"Groupe Masa","description":"MASA est une soci\u00e9t\u00e9 du groupe ACS","potentialAction":[{"@type":"SearchAction","target":{"@type":"EntryPoint","urlTemplate":"https:\/\/masagrupo.com\/?s={search_term_string}"},"query-input":{"@type":"PropertyValueSpecification","valueRequired":true,"valueName":"search_term_string"}}],"inLanguage":"fr-FR"},{"@type":"Person","@id":"https:\/\/masagrupo.com\/#\/schema\/person\/7067a848d602fff19af4f2172917fae3","name":"Paloma Ar\u00edn","image":{"@type":"ImageObject","inLanguage":"fr-FR","@id":"https:\/\/secure.gravatar.com\/avatar\/d707daeb8561bd35e0b9c01b797023daef352b68a03c8c613fe9cf9f178aa597?s=96&d=mm&r=g","url":"https:\/\/secure.gravatar.com\/avatar\/d707daeb8561bd35e0b9c01b797023daef352b68a03c8c613fe9cf9f178aa597?s=96&d=mm&r=g","contentUrl":"https:\/\/secure.gravatar.com\/avatar\/d707daeb8561bd35e0b9c01b797023daef352b68a03c8c613fe9cf9f178aa597?s=96&d=mm&r=g","caption":"Paloma Ar\u00edn"},"url":"https:\/\/masagrupo.com\/fr\/author\/paloma-arin\/"}]}},"_links":{"self":[{"href":"https:\/\/masagrupo.com\/fr\/wp-json\/wp\/v2\/posts\/7639","targetHints":{"allow":["GET"]}}],"collection":[{"href":"https:\/\/masagrupo.com\/fr\/wp-json\/wp\/v2\/posts"}],"about":[{"href":"https:\/\/masagrupo.com\/fr\/wp-json\/wp\/v2\/types\/post"}],"author":[{"embeddable":true,"href":"https:\/\/masagrupo.com\/fr\/wp-json\/wp\/v2\/users\/2"}],"replies":[{"embeddable":true,"href":"https:\/\/masagrupo.com\/fr\/wp-json\/wp\/v2\/comments?post=7639"}],"version-history":[{"count":11,"href":"https:\/\/masagrupo.com\/fr\/wp-json\/wp\/v2\/posts\/7639\/revisions"}],"predecessor-version":[{"id":11876,"href":"https:\/\/masagrupo.com\/fr\/wp-json\/wp\/v2\/posts\/7639\/revisions\/11876"}],"wp:featuredmedia":[{"embeddable":true,"href":"https:\/\/masagrupo.com\/fr\/wp-json\/wp\/v2\/media\/7631"}],"wp:attachment":[{"href":"https:\/\/masagrupo.com\/fr\/wp-json\/wp\/v2\/media?parent=7639"}],"wp:term":[{"taxonomy":"category","embeddable":true,"href":"https:\/\/masagrupo.com\/fr\/wp-json\/wp\/v2\/categories?post=7639"},{"taxonomy":"post_tag","embeddable":true,"href":"https:\/\/masagrupo.com\/fr\/wp-json\/wp\/v2\/tags?post=7639"}],"curies":[{"name":"wp","href":"https:\/\/api.w.org\/{rel}","templated":true}]}}