{"id":7602,"date":"2022-02-10T16:34:34","date_gmt":"2022-02-10T15:34:34","guid":{"rendered":"http:\/\/masagrupo.com\/?p=7602"},"modified":"2025-11-16T14:52:03","modified_gmt":"2025-11-16T13:52:03","slug":"notre-calcul-de-lempreinte-carbone-de-masse","status":"publish","type":"post","link":"https:\/\/masagrupo.com\/fr\/nuestro-calculo-de-la-huella-de-carbono-en-masa\/","title":{"rendered":"Le calcul de notre empreinte carbone \u00e0 la MASA"},"content":{"rendered":"<p><span style=\"font-weight: 400;\">En octobre dernier, le calcul de la <strong>Empreinte carbone de la MASA<\/strong> et le Rapport sur les \u00e9missions de gaz \u00e0 effet de serre 2020 ont \u00e9t\u00e9 v\u00e9rifi\u00e9s par <a href=\"https:\/\/www.bureauveritas.es\" target=\"_blank\" rel=\"noopener\">Bureau Veritas<\/a>, conform\u00e9ment \u00e0 la norme <\/span><i><span style=\"font-weight: 400;\">UNE-EN-ISO 14064-1:2019 :<\/span><\/i> <i><span style=\"font-weight: 400;\">\u201cGaz \u00e0 effet de serre. Sp\u00e9cifications et orientations, au niveau des organisations, pour la quantification et la d\u00e9claration des \u00e9missions et des absorptions de gaz \u00e0 effet de serre\u201d.\u00a0<\/span><\/i><span style=\"font-weight: 400;\">\u00a0<\/span><\/p>\n<p><span style=\"font-weight: 400;\"><strong>Le r\u00e9sultat est satisfaisant<\/strong>, et le certificat de v\u00e9rification correspondant est obtenu :<\/span><object data=\"https:\/\/masagrupo.com\/wp-content\/uploads\/2022\/02\/VERIFICACIO\u0301N-HUELLA_2020-1.pdf\" type=\"application\/pdf\" width=\"100%\" height=\"900px\"><a href=\"https:\/\/masagrupo.com\/wp-content\/uploads\/2022\/02\/VERIFICACIO\u0301N-HUELLA_2020-1.pdf\">Certificat de v\u00e9rification<\/a><\/object><span style=\"font-weight: 400;\">L'empreinte carbone de la MASA en 2020 \u00e9tait de 2120,42 tonnes de CO<\/span><span style=\"font-weight: 400;\">2<\/span><span style=\"font-weight: 400;\">e, r\u00e9partis comme suit :<\/span><\/p>\n<p><img decoding=\"async\" class=\"size-full wp-image-11881 aligncenter\" src=\"https:\/\/masagrupo.com\/wp-content\/uploads\/2022\/02\/DIAGRAMA-EMISIONES-1.png\" alt=\"\" width=\"748\" height=\"454\" srcset=\"https:\/\/masagrupo.com\/wp-content\/uploads\/2022\/02\/DIAGRAMA-EMISIONES-1-200x121.png 200w, https:\/\/masagrupo.com\/wp-content\/uploads\/2022\/02\/DIAGRAMA-EMISIONES-1-300x182.png 300w, https:\/\/masagrupo.com\/wp-content\/uploads\/2022\/02\/DIAGRAMA-EMISIONES-1-400x243.png 400w, https:\/\/masagrupo.com\/wp-content\/uploads\/2022\/02\/DIAGRAMA-EMISIONES-1-600x364.png 600w, https:\/\/masagrupo.com\/wp-content\/uploads\/2022\/02\/DIAGRAMA-EMISIONES-1.png 748w\" sizes=\"(max-width: 748px) 100vw, 748px\" \/><\/p>\n<p><img decoding=\"async\" class=\"size-full wp-image-11880 aligncenter\" src=\"https:\/\/masagrupo.com\/wp-content\/uploads\/2022\/02\/TABLA-EMISIONES-GAS-1.jpg\" alt=\"\" width=\"949\" height=\"989\" srcset=\"https:\/\/masagrupo.com\/wp-content\/uploads\/2022\/02\/TABLA-EMISIONES-GAS-1-200x208.jpg 200w, https:\/\/masagrupo.com\/wp-content\/uploads\/2022\/02\/TABLA-EMISIONES-GAS-1-288x300.jpg 288w, https:\/\/masagrupo.com\/wp-content\/uploads\/2022\/02\/TABLA-EMISIONES-GAS-1-400x417.jpg 400w, https:\/\/masagrupo.com\/wp-content\/uploads\/2022\/02\/TABLA-EMISIONES-GAS-1-600x625.jpg 600w, https:\/\/masagrupo.com\/wp-content\/uploads\/2022\/02\/TABLA-EMISIONES-GAS-1-768x800.jpg 768w, https:\/\/masagrupo.com\/wp-content\/uploads\/2022\/02\/TABLA-EMISIONES-GAS-1-800x834.jpg 800w, https:\/\/masagrupo.com\/wp-content\/uploads\/2022\/02\/TABLA-EMISIONES-GAS-1.jpg 949w\" sizes=\"(max-width: 949px) 100vw, 949px\" \/><\/p>\n<p><img decoding=\"async\" class=\"size-fusion-1200 wp-image-11879 aligncenter\" src=\"https:\/\/masagrupo.com\/wp-content\/uploads\/2022\/02\/GRAFICOS-SECTORES-1-1200x886.png\" alt=\"\" width=\"1200\" height=\"886\" srcset=\"https:\/\/masagrupo.com\/wp-content\/uploads\/2022\/02\/GRAFICOS-SECTORES-1-200x148.png 200w, https:\/\/masagrupo.com\/wp-content\/uploads\/2022\/02\/GRAFICOS-SECTORES-1-300x222.png 300w, https:\/\/masagrupo.com\/wp-content\/uploads\/2022\/02\/GRAFICOS-SECTORES-1-400x295.png 400w, https:\/\/masagrupo.com\/wp-content\/uploads\/2022\/02\/GRAFICOS-SECTORES-1-600x443.png 600w, https:\/\/masagrupo.com\/wp-content\/uploads\/2022\/02\/GRAFICOS-SECTORES-1-768x567.png 768w, https:\/\/masagrupo.com\/wp-content\/uploads\/2022\/02\/GRAFICOS-SECTORES-1-800x591.png 800w, https:\/\/masagrupo.com\/wp-content\/uploads\/2022\/02\/GRAFICOS-SECTORES-1-1024x756.png 1024w, https:\/\/masagrupo.com\/wp-content\/uploads\/2022\/02\/GRAFICOS-SECTORES-1-1200x886.png 1200w, https:\/\/masagrupo.com\/wp-content\/uploads\/2022\/02\/GRAFICOS-SECTORES-1-1536x1134.png 1536w\" sizes=\"(max-width: 1200px) 100vw, 1200px\" \/><\/p>\n<p><span style=\"font-weight: 400;\">Ce processus sur notre empreinte carbone est la contribution de MASA \u00e0 l'initiative de l'Union europ\u00e9enne. <\/span><b><i><a href=\"https:\/\/www.un.org\/es\/chronicle\/article\/objetivo-13-la-adopcion-de-medidas-urgentes-para-combatir-el-cambio-climatico-los-ods-y-el-acuerdo\" target=\"_blank\" rel=\"noopener\">ODD 13, Action pour le climat<\/a>. <\/i><\/b><span style=\"font-weight: 400;\">MASA s'attaque au changement climatique en calculant son empreinte carbone. Ce faisant, nous ratifions notre engagement \u00e0 contribuer \u00e0 une plan\u00e8te saine qui rende la vie possible aux g\u00e9n\u00e9rations futures.<\/span><img decoding=\"async\" class=\"aligncenter wp-image-7586 size-full\" src=\"https:\/\/masagrupo.com\/wp-content\/uploads\/2022\/02\/ODS.png\" alt=\"ODD 13\" width=\"277\" height=\"263\" srcset=\"https:\/\/masagrupo.com\/wp-content\/uploads\/2022\/02\/ODS-50x47.png 50w, https:\/\/masagrupo.com\/wp-content\/uploads\/2022\/02\/ODS-53x50.png 53w, https:\/\/masagrupo.com\/wp-content\/uploads\/2022\/02\/ODS.png 277w\" sizes=\"(max-width: 277px) 100vw, 277px\" \/><\/p>\n<p>&nbsp;<\/p>","protected":false},"excerpt":{"rendered":"<p>La contribution de MASA \u00e0 l'ODD 13, Action pour le climat. Nous nous attaquons au changement climatique par le biais du calcul de l'empreinte carbone.<\/p>","protected":false},"author":2,"featured_media":7625,"comment_status":"closed","ping_status":"closed","sticky":false,"template":"","format":"standard","meta":{"footnotes":""},"categories":[1],"tags":[],"class_list":["post-7602","post","type-post","status-publish","format-standard","has-post-thumbnail","hentry","category-digitalizacion-del-mantenimiento"],"yoast_head":"<!-- This site is optimized with the Yoast SEO plugin v27.4 - https:\/\/yoast.com\/product\/yoast-seo-wordpress\/ -->\n<title>Nuestro c\u00e1lculo de la huella de carbono en MASA - Grupo Masa<\/title>\n<meta name=\"description\" content=\"La contribuci\u00f3n de MASA al ODS 13, Acci\u00f3n por el clima. Hacemos frente al cambio clim\u00e1tico mediante el C\u00e1lculo de la Huella de Carbono.\" \/>\n<meta name=\"robots\" content=\"index, follow, max-snippet:-1, max-image-preview:large, max-video-preview:-1\" \/>\n<link rel=\"canonical\" href=\"https:\/\/masagrupo.com\/fr\/notre-calcul-de-lempreinte-carbone-de-masse\/\" \/>\n<meta property=\"og:locale\" content=\"fr_FR\" \/>\n<meta property=\"og:type\" content=\"article\" \/>\n<meta property=\"og:title\" content=\"Nuestro c\u00e1lculo de la huella de carbono en MASA - Grupo Masa\" \/>\n<meta property=\"og:description\" content=\"La contribuci\u00f3n de MASA al ODS 13, Acci\u00f3n por el clima. Hacemos frente al cambio clim\u00e1tico mediante el C\u00e1lculo de la Huella de Carbono.\" \/>\n<meta property=\"og:url\" content=\"https:\/\/masagrupo.com\/fr\/notre-calcul-de-lempreinte-carbone-de-masse\/\" \/>\n<meta property=\"og:site_name\" content=\"Grupo Masa\" \/>\n<meta property=\"article:published_time\" content=\"2022-02-10T15:34:34+00:00\" \/>\n<meta property=\"article:modified_time\" content=\"2025-11-16T13:52:03+00:00\" \/>\n<meta property=\"og:image\" content=\"https:\/\/masagrupo.com\/wp-content\/uploads\/2022\/02\/S-SDG-Poster-without-UN-emblem_WEB-e1644572957290.png\" \/>\n\t<meta property=\"og:image:width\" content=\"1273\" \/>\n\t<meta property=\"og:image:height\" content=\"900\" \/>\n\t<meta property=\"og:image:type\" content=\"image\/png\" \/>\n<meta name=\"author\" content=\"Paloma Ar\u00edn\" \/>\n<meta name=\"twitter:card\" content=\"summary_large_image\" \/>\n<meta name=\"twitter:label1\" content=\"Written by\" \/>\n\t<meta name=\"twitter:data1\" content=\"Paloma Ar\u00edn\" \/>\n\t<meta name=\"twitter:label2\" content=\"Est. reading time\" \/>\n\t<meta name=\"twitter:data2\" content=\"2 minutes\" \/>\n<script type=\"application\/ld+json\" class=\"yoast-schema-graph\">{\"@context\":\"https:\\\/\\\/schema.org\",\"@graph\":[{\"@type\":\"Article\",\"@id\":\"https:\\\/\\\/masagrupo.com\\\/nuestro-calculo-de-la-huella-de-carbono-en-masa\\\/#article\",\"isPartOf\":{\"@id\":\"https:\\\/\\\/masagrupo.com\\\/nuestro-calculo-de-la-huella-de-carbono-en-masa\\\/\"},\"author\":{\"name\":\"Paloma Ar\u00edn\",\"@id\":\"https:\\\/\\\/masagrupo.com\\\/#\\\/schema\\\/person\\\/7067a848d602fff19af4f2172917fae3\"},\"headline\":\"Nuestro c\u00e1lculo de la huella de carbono en MASA\",\"datePublished\":\"2022-02-10T15:34:34+00:00\",\"dateModified\":\"2025-11-16T13:52:03+00:00\",\"mainEntityOfPage\":{\"@id\":\"https:\\\/\\\/masagrupo.com\\\/nuestro-calculo-de-la-huella-de-carbono-en-masa\\\/\"},\"wordCount\":170,\"image\":{\"@id\":\"https:\\\/\\\/masagrupo.com\\\/nuestro-calculo-de-la-huella-de-carbono-en-masa\\\/#primaryimage\"},\"thumbnailUrl\":\"https:\\\/\\\/masagrupo.com\\\/wp-content\\\/uploads\\\/2022\\\/02\\\/S-SDG-Poster-without-UN-emblem_WEB-e1644572957290.png\",\"articleSection\":[\"Digitalizaci\u00f3n del Mantenimiento\"],\"inLanguage\":\"fr-FR\"},{\"@type\":\"WebPage\",\"@id\":\"https:\\\/\\\/masagrupo.com\\\/nuestro-calculo-de-la-huella-de-carbono-en-masa\\\/\",\"url\":\"https:\\\/\\\/masagrupo.com\\\/nuestro-calculo-de-la-huella-de-carbono-en-masa\\\/\",\"name\":\"Nuestro c\u00e1lculo de la huella de carbono en MASA - Grupo Masa\",\"isPartOf\":{\"@id\":\"https:\\\/\\\/masagrupo.com\\\/#website\"},\"primaryImageOfPage\":{\"@id\":\"https:\\\/\\\/masagrupo.com\\\/nuestro-calculo-de-la-huella-de-carbono-en-masa\\\/#primaryimage\"},\"image\":{\"@id\":\"https:\\\/\\\/masagrupo.com\\\/nuestro-calculo-de-la-huella-de-carbono-en-masa\\\/#primaryimage\"},\"thumbnailUrl\":\"https:\\\/\\\/masagrupo.com\\\/wp-content\\\/uploads\\\/2022\\\/02\\\/S-SDG-Poster-without-UN-emblem_WEB-e1644572957290.png\",\"datePublished\":\"2022-02-10T15:34:34+00:00\",\"dateModified\":\"2025-11-16T13:52:03+00:00\",\"author\":{\"@id\":\"https:\\\/\\\/masagrupo.com\\\/#\\\/schema\\\/person\\\/7067a848d602fff19af4f2172917fae3\"},\"description\":\"La contribuci\u00f3n de MASA al ODS 13, Acci\u00f3n por el clima. Hacemos frente al cambio clim\u00e1tico mediante el C\u00e1lculo de la Huella de Carbono.\",\"breadcrumb\":{\"@id\":\"https:\\\/\\\/masagrupo.com\\\/nuestro-calculo-de-la-huella-de-carbono-en-masa\\\/#breadcrumb\"},\"inLanguage\":\"fr-FR\",\"potentialAction\":[{\"@type\":\"ReadAction\",\"target\":[\"https:\\\/\\\/masagrupo.com\\\/nuestro-calculo-de-la-huella-de-carbono-en-masa\\\/\"]}]},{\"@type\":\"ImageObject\",\"inLanguage\":\"fr-FR\",\"@id\":\"https:\\\/\\\/masagrupo.com\\\/nuestro-calculo-de-la-huella-de-carbono-en-masa\\\/#primaryimage\",\"url\":\"https:\\\/\\\/masagrupo.com\\\/wp-content\\\/uploads\\\/2022\\\/02\\\/S-SDG-Poster-without-UN-emblem_WEB-e1644572957290.png\",\"contentUrl\":\"https:\\\/\\\/masagrupo.com\\\/wp-content\\\/uploads\\\/2022\\\/02\\\/S-SDG-Poster-without-UN-emblem_WEB-e1644572957290.png\",\"width\":1273,\"height\":900,\"caption\":\"ODS\"},{\"@type\":\"BreadcrumbList\",\"@id\":\"https:\\\/\\\/masagrupo.com\\\/nuestro-calculo-de-la-huella-de-carbono-en-masa\\\/#breadcrumb\",\"itemListElement\":[{\"@type\":\"ListItem\",\"position\":1,\"name\":\"Portada\",\"item\":\"https:\\\/\\\/masagrupo.com\\\/\"},{\"@type\":\"ListItem\",\"position\":2,\"name\":\"Nuestro c\u00e1lculo de la huella de carbono en MASA\"}]},{\"@type\":\"WebSite\",\"@id\":\"https:\\\/\\\/masagrupo.com\\\/#website\",\"url\":\"https:\\\/\\\/masagrupo.com\\\/\",\"name\":\"Grupo Masa\",\"description\":\"MASA es una empresa del Grupo ACS\",\"potentialAction\":[{\"@type\":\"SearchAction\",\"target\":{\"@type\":\"EntryPoint\",\"urlTemplate\":\"https:\\\/\\\/masagrupo.com\\\/?s={search_term_string}\"},\"query-input\":{\"@type\":\"PropertyValueSpecification\",\"valueRequired\":true,\"valueName\":\"search_term_string\"}}],\"inLanguage\":\"fr-FR\"},{\"@type\":\"Person\",\"@id\":\"https:\\\/\\\/masagrupo.com\\\/#\\\/schema\\\/person\\\/7067a848d602fff19af4f2172917fae3\",\"name\":\"Paloma Ar\u00edn\",\"image\":{\"@type\":\"ImageObject\",\"inLanguage\":\"fr-FR\",\"@id\":\"https:\\\/\\\/secure.gravatar.com\\\/avatar\\\/d707daeb8561bd35e0b9c01b797023daef352b68a03c8c613fe9cf9f178aa597?s=96&d=mm&r=g\",\"url\":\"https:\\\/\\\/secure.gravatar.com\\\/avatar\\\/d707daeb8561bd35e0b9c01b797023daef352b68a03c8c613fe9cf9f178aa597?s=96&d=mm&r=g\",\"contentUrl\":\"https:\\\/\\\/secure.gravatar.com\\\/avatar\\\/d707daeb8561bd35e0b9c01b797023daef352b68a03c8c613fe9cf9f178aa597?s=96&d=mm&r=g\",\"caption\":\"Paloma Ar\u00edn\"},\"url\":\"https:\\\/\\\/masagrupo.com\\\/fr\\\/author\\\/paloma-arin\\\/\"}]}<\/script>\n<!-- \/ Yoast SEO plugin. -->","yoast_head_json":{"title":"Notre calcul de l'empreinte carbone chez MASA - Masa Group","description":"La contribution de MASA \u00e0 l'ODD 13, Action pour le climat. Nous nous attaquons au changement climatique par le biais du calcul de l'empreinte carbone.","robots":{"index":"index","follow":"follow","max-snippet":"max-snippet:-1","max-image-preview":"max-image-preview:large","max-video-preview":"max-video-preview:-1"},"canonical":"https:\/\/masagrupo.com\/fr\/notre-calcul-de-lempreinte-carbone-de-masse\/","og_locale":"fr_FR","og_type":"article","og_title":"Nuestro c\u00e1lculo de la huella de carbono en MASA - Grupo Masa","og_description":"La contribuci\u00f3n de MASA al ODS 13, Acci\u00f3n por el clima. Hacemos frente al cambio clim\u00e1tico mediante el C\u00e1lculo de la Huella de Carbono.","og_url":"https:\/\/masagrupo.com\/fr\/notre-calcul-de-lempreinte-carbone-de-masse\/","og_site_name":"Grupo Masa","article_published_time":"2022-02-10T15:34:34+00:00","article_modified_time":"2025-11-16T13:52:03+00:00","og_image":[{"width":1273,"height":900,"url":"https:\/\/masagrupo.com\/wp-content\/uploads\/2022\/02\/S-SDG-Poster-without-UN-emblem_WEB-e1644572957290.png","type":"image\/png"}],"author":"Paloma Ar\u00edn","twitter_card":"summary_large_image","twitter_misc":{"Written by":"Paloma Ar\u00edn","Est. reading time":"2 minutes"},"schema":{"@context":"https:\/\/schema.org","@graph":[{"@type":"Article","@id":"https:\/\/masagrupo.com\/nuestro-calculo-de-la-huella-de-carbono-en-masa\/#article","isPartOf":{"@id":"https:\/\/masagrupo.com\/nuestro-calculo-de-la-huella-de-carbono-en-masa\/"},"author":{"name":"Paloma Ar\u00edn","@id":"https:\/\/masagrupo.com\/#\/schema\/person\/7067a848d602fff19af4f2172917fae3"},"headline":"Nuestro c\u00e1lculo de la huella de carbono en MASA","datePublished":"2022-02-10T15:34:34+00:00","dateModified":"2025-11-16T13:52:03+00:00","mainEntityOfPage":{"@id":"https:\/\/masagrupo.com\/nuestro-calculo-de-la-huella-de-carbono-en-masa\/"},"wordCount":170,"image":{"@id":"https:\/\/masagrupo.com\/nuestro-calculo-de-la-huella-de-carbono-en-masa\/#primaryimage"},"thumbnailUrl":"https:\/\/masagrupo.com\/wp-content\/uploads\/2022\/02\/S-SDG-Poster-without-UN-emblem_WEB-e1644572957290.png","articleSection":["Digitalizaci\u00f3n del Mantenimiento"],"inLanguage":"fr-FR"},{"@type":"WebPage","@id":"https:\/\/masagrupo.com\/nuestro-calculo-de-la-huella-de-carbono-en-masa\/","url":"https:\/\/masagrupo.com\/nuestro-calculo-de-la-huella-de-carbono-en-masa\/","name":"Notre calcul de l'empreinte carbone chez MASA - Masa Group","isPartOf":{"@id":"https:\/\/masagrupo.com\/#website"},"primaryImageOfPage":{"@id":"https:\/\/masagrupo.com\/nuestro-calculo-de-la-huella-de-carbono-en-masa\/#primaryimage"},"image":{"@id":"https:\/\/masagrupo.com\/nuestro-calculo-de-la-huella-de-carbono-en-masa\/#primaryimage"},"thumbnailUrl":"https:\/\/masagrupo.com\/wp-content\/uploads\/2022\/02\/S-SDG-Poster-without-UN-emblem_WEB-e1644572957290.png","datePublished":"2022-02-10T15:34:34+00:00","dateModified":"2025-11-16T13:52:03+00:00","author":{"@id":"https:\/\/masagrupo.com\/#\/schema\/person\/7067a848d602fff19af4f2172917fae3"},"description":"La contribution de MASA \u00e0 l'ODD 13, Action pour le climat. Nous nous attaquons au changement climatique par le biais du calcul de l'empreinte carbone.","breadcrumb":{"@id":"https:\/\/masagrupo.com\/nuestro-calculo-de-la-huella-de-carbono-en-masa\/#breadcrumb"},"inLanguage":"fr-FR","potentialAction":[{"@type":"ReadAction","target":["https:\/\/masagrupo.com\/nuestro-calculo-de-la-huella-de-carbono-en-masa\/"]}]},{"@type":"ImageObject","inLanguage":"fr-FR","@id":"https:\/\/masagrupo.com\/nuestro-calculo-de-la-huella-de-carbono-en-masa\/#primaryimage","url":"https:\/\/masagrupo.com\/wp-content\/uploads\/2022\/02\/S-SDG-Poster-without-UN-emblem_WEB-e1644572957290.png","contentUrl":"https:\/\/masagrupo.com\/wp-content\/uploads\/2022\/02\/S-SDG-Poster-without-UN-emblem_WEB-e1644572957290.png","width":1273,"height":900,"caption":"ODS"},{"@type":"BreadcrumbList","@id":"https:\/\/masagrupo.com\/nuestro-calculo-de-la-huella-de-carbono-en-masa\/#breadcrumb","itemListElement":[{"@type":"ListItem","position":1,"name":"Portada","item":"https:\/\/masagrupo.com\/"},{"@type":"ListItem","position":2,"name":"Nuestro c\u00e1lculo de la huella de carbono en MASA"}]},{"@type":"WebSite","@id":"https:\/\/masagrupo.com\/#website","url":"https:\/\/masagrupo.com\/","name":"Groupe Masa","description":"MASA est une soci\u00e9t\u00e9 du groupe ACS","potentialAction":[{"@type":"SearchAction","target":{"@type":"EntryPoint","urlTemplate":"https:\/\/masagrupo.com\/?s={search_term_string}"},"query-input":{"@type":"PropertyValueSpecification","valueRequired":true,"valueName":"search_term_string"}}],"inLanguage":"fr-FR"},{"@type":"Person","@id":"https:\/\/masagrupo.com\/#\/schema\/person\/7067a848d602fff19af4f2172917fae3","name":"Paloma Ar\u00edn","image":{"@type":"ImageObject","inLanguage":"fr-FR","@id":"https:\/\/secure.gravatar.com\/avatar\/d707daeb8561bd35e0b9c01b797023daef352b68a03c8c613fe9cf9f178aa597?s=96&d=mm&r=g","url":"https:\/\/secure.gravatar.com\/avatar\/d707daeb8561bd35e0b9c01b797023daef352b68a03c8c613fe9cf9f178aa597?s=96&d=mm&r=g","contentUrl":"https:\/\/secure.gravatar.com\/avatar\/d707daeb8561bd35e0b9c01b797023daef352b68a03c8c613fe9cf9f178aa597?s=96&d=mm&r=g","caption":"Paloma Ar\u00edn"},"url":"https:\/\/masagrupo.com\/fr\/author\/paloma-arin\/"}]}},"_links":{"self":[{"href":"https:\/\/masagrupo.com\/fr\/wp-json\/wp\/v2\/posts\/7602","targetHints":{"allow":["GET"]}}],"collection":[{"href":"https:\/\/masagrupo.com\/fr\/wp-json\/wp\/v2\/posts"}],"about":[{"href":"https:\/\/masagrupo.com\/fr\/wp-json\/wp\/v2\/types\/post"}],"author":[{"embeddable":true,"href":"https:\/\/masagrupo.com\/fr\/wp-json\/wp\/v2\/users\/2"}],"replies":[{"embeddable":true,"href":"https:\/\/masagrupo.com\/fr\/wp-json\/wp\/v2\/comments?post=7602"}],"version-history":[{"count":17,"href":"https:\/\/masagrupo.com\/fr\/wp-json\/wp\/v2\/posts\/7602\/revisions"}],"predecessor-version":[{"id":11883,"href":"https:\/\/masagrupo.com\/fr\/wp-json\/wp\/v2\/posts\/7602\/revisions\/11883"}],"wp:featuredmedia":[{"embeddable":true,"href":"https:\/\/masagrupo.com\/fr\/wp-json\/wp\/v2\/media\/7625"}],"wp:attachment":[{"href":"https:\/\/masagrupo.com\/fr\/wp-json\/wp\/v2\/media?parent=7602"}],"wp:term":[{"taxonomy":"category","embeddable":true,"href":"https:\/\/masagrupo.com\/fr\/wp-json\/wp\/v2\/categories?post=7602"},{"taxonomy":"post_tag","embeddable":true,"href":"https:\/\/masagrupo.com\/fr\/wp-json\/wp\/v2\/tags?post=7602"}],"curies":[{"name":"wp","href":"https:\/\/api.w.org\/{rel}","templated":true}]}}