{"id":7500,"date":"2022-01-19T12:06:29","date_gmt":"2022-01-19T11:06:29","guid":{"rendered":"http:\/\/masagrupo.com\/?p=7500"},"modified":"2025-11-16T14:59:35","modified_gmt":"2025-11-16T13:59:35","slug":"la-maintenance-dans-lenvironnement-de-lindustrie-4-0","status":"publish","type":"post","link":"https:\/\/masagrupo.com\/fr\/mantenimiento-en-el-entorno-de-la-industria-4-0\/","title":{"rendered":"MASA au Forum multisectoriel de l'AEM sur la maintenance 2021"},"content":{"rendered":"<div class=\"fusion-fullwidth fullwidth-box fusion-builder-row-1 fusion-flex-container nonhundred-percent-fullwidth non-hundred-percent-height-scrolling\" style=\"--awb-border-radius-top-left:0px;--awb-border-radius-top-right:0px;--awb-border-radius-bottom-right:0px;--awb-border-radius-bottom-left:0px;--awb-flex-wrap:wrap;\" ><div class=\"fusion-builder-row fusion-row fusion-flex-align-items-flex-start fusion-flex-content-wrap\" style=\"max-width:1248px;margin-left: calc(-4% \/ 2 );margin-right: calc(-4% \/ 2 );\"><div class=\"fusion-layout-column fusion_builder_column fusion-builder-column-0 fusion_builder_column_1_1 1_1 fusion-flex-column\" style=\"--awb-bg-size:cover;--awb-width-large:100%;--awb-margin-top-large:0px;--awb-spacing-right-large:1.92%;--awb-margin-bottom-large:0px;--awb-spacing-left-large:1.92%;--awb-width-medium:100%;--awb-spacing-right-medium:1.92%;--awb-spacing-left-medium:1.92%;--awb-width-small:100%;--awb-spacing-right-small:1.92%;--awb-spacing-left-small:1.92%;\"><div class=\"fusion-column-wrapper fusion-flex-justify-content-flex-start fusion-content-layout-column\"><div class=\"fusion-text fusion-text-1\"><p>En novembre dernier, lors de la <span style=\"text-decoration: underline;\"><a href=\"https:\/\/foromultisectorial2021.aem.es\/\" target=\"_blank\" rel=\"noopener\">Forum multisectoriel de l'AEM sur la maintenance<\/a><\/span>, <span style=\"text-decoration: underline;\"><a href=\"https:\/\/es.linkedin.com\/in\/jose-luis-bernal-santiago-47768390\" target=\"_blank\" rel=\"noopener\">Jos\u00e9 Luis Bernal Santiago<\/a><\/span>, DIRECTEUR SS.TT. DE MASA, et <a href=\"https:\/\/es.linkedin.com\/in\/jose-daniel-guirado-camacho-024a7512a\" target=\"_blank\" rel=\"noopener\">Jos\u00e9 Daniel Guirado Camacho<\/a>, La pr\u00e9sentation \u00e9tait intitul\u00e9e : \u00abANALYSE DU DEGR\u00c9 DE MATURIT\u00c9 POUR LE CHANGEMENT. SUCCESS STORIES\u00ab.\u00ab<\/p>\n<p>Dans cette pr\u00e9sentation, ils ont expliqu\u00e9 comment mettre en \u0153uvre la maintenance 4.0. dans le cadre d'une strat\u00e9gie bien con\u00e7ue, bas\u00e9e sur l'ing\u00e9nierie de la maintenance, applicable \u00e0 tout secteur et \u00e0 toute sp\u00e9cialit\u00e9.<\/p>\n<p>La strat\u00e9gie de maintenance 4.0 doit \u00eatre consid\u00e9r\u00e9e comme un chapitre d'un projet global de num\u00e9risation. En nous concentrant sur la maintenance 4.0, nous devrions ajouter que la num\u00e9risation devrait \u00eatre un outil au service de la strat\u00e9gie, \u201cne num\u00e9risons que ce qui fonctionne\u201d.<\/p>\n<p>En tenant compte de cette affirmation, et sur la base de notre vaste exp\u00e9rience, une \u201c\u00e9tude pr\u00e9alable du degr\u00e9 de maturit\u00e9 pour le passage \u00e0 la maintenance 4.0\u201d est essentielle comme point de d\u00e9part, dans notre cas nous utilisons la m\u00e9thodologie EAC (\u00e9tudes et analyses sur le terrain), int\u00e9gr\u00e9e comme l'un de nos outils d'ing\u00e9nierie de la maintenance du \u201cMod\u00e8le Masa\u201d. Dans ces EAC, nous distinguons deux blocs d'objectifs principaux de l'analyse :<\/p>\n<ul>\n<li>Le premier est compos\u00e9 d'aspects directs de notre strat\u00e9gie de gestion de la maintenance dans les domaines suivants :\n<ul>\n<li>Organisation, personnel et relations<\/li>\n<li>Planification (pr\u00e9paration), hi\u00e9rarchisation et pr\u00e9paration du travail<\/li>\n<li>Ing\u00e9nierie de maintenance (plans et indicateurs)<\/li>\n<li>Facteur d'utilisation<\/li>\n<li>Entreposage et achats<\/li>\n<\/ul>\n<\/li>\n<li>Le deuxi\u00e8me bloc est compos\u00e9 d'aspects li\u00e9s aux domaines technologiques suivants de l'autodiagnostic num\u00e9rique avanc\u00e9 : l'automatisation, la connectivit\u00e9, les applications et les donn\u00e9es num\u00e9riques, sans oublier la relation IT\/OT.<br \/>\nApr\u00e8s cette phase d'analyse et de mise en place du plan d'action associ\u00e9, la mise en \u0153uvre des outils num\u00e9riques est simplifi\u00e9e pour optimiser chacun des processus du cycle PDCA et la gestion du syst\u00e8me de GMAO, garantissant son int\u00e9gration dans le projet global de Digitalisation de notre Client.<\/li>\n<\/ul>\n<p><img decoding=\"async\" class=\"wp-image-11889 alignleft\" src=\"https:\/\/masagrupo.com\/wp-content\/uploads\/2022\/01\/aem1.jpg\" alt=\"\" width=\"261\" height=\"196\" srcset=\"https:\/\/masagrupo.com\/wp-content\/uploads\/2022\/01\/aem1-200x150.jpg 200w, https:\/\/masagrupo.com\/wp-content\/uploads\/2022\/01\/aem1-300x225.jpg 300w, https:\/\/masagrupo.com\/wp-content\/uploads\/2022\/01\/aem1-400x300.jpg 400w, https:\/\/masagrupo.com\/wp-content\/uploads\/2022\/01\/aem1-600x450.jpg 600w, https:\/\/masagrupo.com\/wp-content\/uploads\/2022\/01\/aem1.jpg 650w\" sizes=\"(max-width: 261px) 100vw, 261px\" \/>Enfin, il est important de souligner que, pour le d\u00e9veloppement des projets de Digitalisation, la participation des Entreprises de Maintenance est requise, qui disposent d'Experts Techniques dans l'analyse du degr\u00e9 de maturit\u00e9 et de Partenaires Technologiques, qui apportent leur exp\u00e9rience dans le d\u00e9veloppement de plateformes logicielles (applications de mobilit\u00e9, d\u00e9veloppement d'interfaces avec les GMAO...).<\/p>\n<p>Nous \u00e9tayerons notre th\u00e8se par quelques exemples de r\u00e9ussite, dans lesquels nous avons mis en \u0153uvre notre strat\u00e9gie bas\u00e9e sur le \u201cMOD\u00c8LE DE MASSE\u201d.<\/p>\n<\/div><div class=\"fusion-image-element\" style=\"--awb-aspect-ratio:16 \/ 9;--awb-caption-title-font-family:var(--h2_typography-font-family);--awb-caption-title-font-weight:var(--h2_typography-font-weight);--awb-caption-title-font-style:var(--h2_typography-font-style);--awb-caption-title-size:var(--h2_typography-font-size);--awb-caption-title-transform:var(--h2_typography-text-transform);--awb-caption-title-line-height:var(--h2_typography-line-height);--awb-caption-title-letter-spacing:var(--h2_typography-letter-spacing);\"><span class=\"fusion-imageframe imageframe-none imageframe-1 hover-type-none has-aspect-ratio\"><img decoding=\"async\" width=\"1200\" height=\"900\" title=\"aem2\" src=\"https:\/\/masagrupo.com\/wp-content\/uploads\/2022\/01\/aem2-1-1200x900.jpg\" class=\"img-responsive wp-image-11891 img-with-aspect-ratio\" data-parent-fit=\"cover\" data-parent-container=\".fusion-image-element\" alt srcset=\"https:\/\/masagrupo.com\/wp-content\/uploads\/2022\/01\/aem2-1-200x150.jpg 200w, https:\/\/masagrupo.com\/wp-content\/uploads\/2022\/01\/aem2-1-400x300.jpg 400w, https:\/\/masagrupo.com\/wp-content\/uploads\/2022\/01\/aem2-1-600x450.jpg 600w, https:\/\/masagrupo.com\/wp-content\/uploads\/2022\/01\/aem2-1-800x600.jpg 800w, https:\/\/masagrupo.com\/wp-content\/uploads\/2022\/01\/aem2-1-1200x900.jpg 1200w\" sizes=\"(max-width: 640px) 100vw, 1200px\" \/><\/span><\/div><\/div><\/div><\/div><\/div>","protected":false},"excerpt":{"rendered":"<p>Pr\u00e9sentation au Forum multisectoriel de l'AEM sur la maintenance, Jos\u00e9 Luis Bernal et Jose Daniel Guirado : \u00abANALYSE DU DEGR\u00c9 DE MATURITE POUR LE CHANGEMENT\u00bb.<\/p>","protected":false},"author":2,"featured_media":7511,"comment_status":"closed","ping_status":"closed","sticky":false,"template":"","format":"standard","meta":{"footnotes":""},"categories":[1],"tags":[],"class_list":["post-7500","post","type-post","status-publish","format-standard","has-post-thumbnail","hentry","category-digitalizacion-del-mantenimiento"],"yoast_head":"<!-- This site is optimized with the Yoast SEO plugin v27.4 - https:\/\/yoast.com\/product\/yoast-seo-wordpress\/ -->\n<title>MASA en el Foro Multisectorial AEM de mantenimiento 2021 - Grupo Masa<\/title>\n<meta name=\"description\" content=\"Ponencia en Foro Multisectorial AEM de mantenimiento, Jos\u00e9 Luis Bernal y Jose Daniel Guirado: &quot;AN\u00c1LISIS DEL GRADO DE MADUREZ PARA EL CAMBIO&quot;.\" \/>\n<meta name=\"robots\" content=\"index, follow, max-snippet:-1, max-image-preview:large, max-video-preview:-1\" \/>\n<link rel=\"canonical\" href=\"https:\/\/masagrupo.com\/fr\/la-maintenance-dans-lenvironnement-de-lindustrie-4-0\/\" \/>\n<meta property=\"og:locale\" content=\"fr_FR\" \/>\n<meta property=\"og:type\" content=\"article\" \/>\n<meta property=\"og:title\" content=\"MASA en el Foro Multisectorial AEM de mantenimiento 2021 - Grupo Masa\" \/>\n<meta property=\"og:description\" content=\"Ponencia en Foro Multisectorial AEM de mantenimiento, Jos\u00e9 Luis Bernal y Jose Daniel Guirado: &quot;AN\u00c1LISIS DEL GRADO DE MADUREZ PARA EL CAMBIO&quot;.\" \/>\n<meta property=\"og:url\" content=\"https:\/\/masagrupo.com\/fr\/la-maintenance-dans-lenvironnement-de-lindustrie-4-0\/\" \/>\n<meta property=\"og:site_name\" content=\"Grupo Masa\" \/>\n<meta property=\"article:published_time\" content=\"2022-01-19T11:06:29+00:00\" \/>\n<meta property=\"article:modified_time\" content=\"2025-11-16T13:59:35+00:00\" \/>\n<meta property=\"og:image\" content=\"https:\/\/masagrupo.com\/wp-content\/uploads\/2022\/01\/IMG_4035-scaled-e1642594715920.jpg\" \/>\n\t<meta property=\"og:image:width\" content=\"909\" \/>\n\t<meta property=\"og:image:height\" content=\"682\" \/>\n\t<meta property=\"og:image:type\" content=\"image\/jpeg\" \/>\n<meta name=\"author\" content=\"Paloma Ar\u00edn\" \/>\n<meta name=\"twitter:card\" content=\"summary_large_image\" \/>\n<meta name=\"twitter:label1\" content=\"Written by\" \/>\n\t<meta name=\"twitter:data1\" content=\"Paloma Ar\u00edn\" \/>\n\t<meta name=\"twitter:label2\" content=\"Est. reading time\" \/>\n\t<meta name=\"twitter:data2\" content=\"3 minutes\" \/>\n<script type=\"application\/ld+json\" class=\"yoast-schema-graph\">{\"@context\":\"https:\\\/\\\/schema.org\",\"@graph\":[{\"@type\":\"Article\",\"@id\":\"https:\\\/\\\/masagrupo.com\\\/mantenimiento-en-el-entorno-de-la-industria-4-0\\\/#article\",\"isPartOf\":{\"@id\":\"https:\\\/\\\/masagrupo.com\\\/mantenimiento-en-el-entorno-de-la-industria-4-0\\\/\"},\"author\":{\"name\":\"Paloma Ar\u00edn\",\"@id\":\"https:\\\/\\\/masagrupo.com\\\/#\\\/schema\\\/person\\\/7067a848d602fff19af4f2172917fae3\"},\"headline\":\"MASA en el Foro Multisectorial AEM de mantenimiento 2021\",\"datePublished\":\"2022-01-19T11:06:29+00:00\",\"dateModified\":\"2025-11-16T13:59:35+00:00\",\"mainEntityOfPage\":{\"@id\":\"https:\\\/\\\/masagrupo.com\\\/mantenimiento-en-el-entorno-de-la-industria-4-0\\\/\"},\"wordCount\":896,\"image\":{\"@id\":\"https:\\\/\\\/masagrupo.com\\\/mantenimiento-en-el-entorno-de-la-industria-4-0\\\/#primaryimage\"},\"thumbnailUrl\":\"https:\\\/\\\/masagrupo.com\\\/wp-content\\\/uploads\\\/2022\\\/01\\\/IMG_4035-scaled-e1642594715920.jpg\",\"articleSection\":[\"Digitalizaci\u00f3n del Mantenimiento\"],\"inLanguage\":\"fr-FR\"},{\"@type\":\"WebPage\",\"@id\":\"https:\\\/\\\/masagrupo.com\\\/mantenimiento-en-el-entorno-de-la-industria-4-0\\\/\",\"url\":\"https:\\\/\\\/masagrupo.com\\\/mantenimiento-en-el-entorno-de-la-industria-4-0\\\/\",\"name\":\"MASA en el Foro Multisectorial AEM de mantenimiento 2021 - Grupo Masa\",\"isPartOf\":{\"@id\":\"https:\\\/\\\/masagrupo.com\\\/#website\"},\"primaryImageOfPage\":{\"@id\":\"https:\\\/\\\/masagrupo.com\\\/mantenimiento-en-el-entorno-de-la-industria-4-0\\\/#primaryimage\"},\"image\":{\"@id\":\"https:\\\/\\\/masagrupo.com\\\/mantenimiento-en-el-entorno-de-la-industria-4-0\\\/#primaryimage\"},\"thumbnailUrl\":\"https:\\\/\\\/masagrupo.com\\\/wp-content\\\/uploads\\\/2022\\\/01\\\/IMG_4035-scaled-e1642594715920.jpg\",\"datePublished\":\"2022-01-19T11:06:29+00:00\",\"dateModified\":\"2025-11-16T13:59:35+00:00\",\"author\":{\"@id\":\"https:\\\/\\\/masagrupo.com\\\/#\\\/schema\\\/person\\\/7067a848d602fff19af4f2172917fae3\"},\"description\":\"Ponencia en Foro Multisectorial AEM de mantenimiento, Jos\u00e9 Luis Bernal y Jose Daniel Guirado: \\\"AN\u00c1LISIS DEL GRADO DE MADUREZ PARA EL CAMBIO\\\".\",\"breadcrumb\":{\"@id\":\"https:\\\/\\\/masagrupo.com\\\/mantenimiento-en-el-entorno-de-la-industria-4-0\\\/#breadcrumb\"},\"inLanguage\":\"fr-FR\",\"potentialAction\":[{\"@type\":\"ReadAction\",\"target\":[\"https:\\\/\\\/masagrupo.com\\\/mantenimiento-en-el-entorno-de-la-industria-4-0\\\/\"]}]},{\"@type\":\"ImageObject\",\"inLanguage\":\"fr-FR\",\"@id\":\"https:\\\/\\\/masagrupo.com\\\/mantenimiento-en-el-entorno-de-la-industria-4-0\\\/#primaryimage\",\"url\":\"https:\\\/\\\/masagrupo.com\\\/wp-content\\\/uploads\\\/2022\\\/01\\\/IMG_4035-scaled-e1642594715920.jpg\",\"contentUrl\":\"https:\\\/\\\/masagrupo.com\\\/wp-content\\\/uploads\\\/2022\\\/01\\\/IMG_4035-scaled-e1642594715920.jpg\",\"width\":909,\"height\":682},{\"@type\":\"BreadcrumbList\",\"@id\":\"https:\\\/\\\/masagrupo.com\\\/mantenimiento-en-el-entorno-de-la-industria-4-0\\\/#breadcrumb\",\"itemListElement\":[{\"@type\":\"ListItem\",\"position\":1,\"name\":\"Portada\",\"item\":\"https:\\\/\\\/masagrupo.com\\\/\"},{\"@type\":\"ListItem\",\"position\":2,\"name\":\"MASA en el Foro Multisectorial AEM de mantenimiento 2021\"}]},{\"@type\":\"WebSite\",\"@id\":\"https:\\\/\\\/masagrupo.com\\\/#website\",\"url\":\"https:\\\/\\\/masagrupo.com\\\/\",\"name\":\"Grupo Masa\",\"description\":\"MASA es una empresa del Grupo ACS\",\"potentialAction\":[{\"@type\":\"SearchAction\",\"target\":{\"@type\":\"EntryPoint\",\"urlTemplate\":\"https:\\\/\\\/masagrupo.com\\\/?s={search_term_string}\"},\"query-input\":{\"@type\":\"PropertyValueSpecification\",\"valueRequired\":true,\"valueName\":\"search_term_string\"}}],\"inLanguage\":\"fr-FR\"},{\"@type\":\"Person\",\"@id\":\"https:\\\/\\\/masagrupo.com\\\/#\\\/schema\\\/person\\\/7067a848d602fff19af4f2172917fae3\",\"name\":\"Paloma Ar\u00edn\",\"image\":{\"@type\":\"ImageObject\",\"inLanguage\":\"fr-FR\",\"@id\":\"https:\\\/\\\/secure.gravatar.com\\\/avatar\\\/d707daeb8561bd35e0b9c01b797023daef352b68a03c8c613fe9cf9f178aa597?s=96&d=mm&r=g\",\"url\":\"https:\\\/\\\/secure.gravatar.com\\\/avatar\\\/d707daeb8561bd35e0b9c01b797023daef352b68a03c8c613fe9cf9f178aa597?s=96&d=mm&r=g\",\"contentUrl\":\"https:\\\/\\\/secure.gravatar.com\\\/avatar\\\/d707daeb8561bd35e0b9c01b797023daef352b68a03c8c613fe9cf9f178aa597?s=96&d=mm&r=g\",\"caption\":\"Paloma Ar\u00edn\"},\"url\":\"https:\\\/\\\/masagrupo.com\\\/fr\\\/author\\\/paloma-arin\\\/\"}]}<\/script>\n<!-- \/ Yoast SEO plugin. -->","yoast_head_json":{"title":"MASA au Forum multisectoriel de l'AEM sur la maintenance 2021 - Groupe Masa","description":"Pr\u00e9sentation au Forum multisectoriel de l'AEM sur la maintenance, Jos\u00e9 Luis Bernal et Jose Daniel Guirado : \"ANALYSE DU DEGR\u00c9 DE MATURIT\u00c9 POUR LE CHANGEMENT\".","robots":{"index":"index","follow":"follow","max-snippet":"max-snippet:-1","max-image-preview":"max-image-preview:large","max-video-preview":"max-video-preview:-1"},"canonical":"https:\/\/masagrupo.com\/fr\/la-maintenance-dans-lenvironnement-de-lindustrie-4-0\/","og_locale":"fr_FR","og_type":"article","og_title":"MASA en el Foro Multisectorial AEM de mantenimiento 2021 - Grupo Masa","og_description":"Ponencia en Foro Multisectorial AEM de mantenimiento, Jos\u00e9 Luis Bernal y Jose Daniel Guirado: \"AN\u00c1LISIS DEL GRADO DE MADUREZ PARA EL CAMBIO\".","og_url":"https:\/\/masagrupo.com\/fr\/la-maintenance-dans-lenvironnement-de-lindustrie-4-0\/","og_site_name":"Grupo Masa","article_published_time":"2022-01-19T11:06:29+00:00","article_modified_time":"2025-11-16T13:59:35+00:00","og_image":[{"width":909,"height":682,"url":"https:\/\/masagrupo.com\/wp-content\/uploads\/2022\/01\/IMG_4035-scaled-e1642594715920.jpg","type":"image\/jpeg"}],"author":"Paloma Ar\u00edn","twitter_card":"summary_large_image","twitter_misc":{"Written by":"Paloma Ar\u00edn","Est. reading time":"3 minutes"},"schema":{"@context":"https:\/\/schema.org","@graph":[{"@type":"Article","@id":"https:\/\/masagrupo.com\/mantenimiento-en-el-entorno-de-la-industria-4-0\/#article","isPartOf":{"@id":"https:\/\/masagrupo.com\/mantenimiento-en-el-entorno-de-la-industria-4-0\/"},"author":{"name":"Paloma Ar\u00edn","@id":"https:\/\/masagrupo.com\/#\/schema\/person\/7067a848d602fff19af4f2172917fae3"},"headline":"MASA en el Foro Multisectorial AEM de mantenimiento 2021","datePublished":"2022-01-19T11:06:29+00:00","dateModified":"2025-11-16T13:59:35+00:00","mainEntityOfPage":{"@id":"https:\/\/masagrupo.com\/mantenimiento-en-el-entorno-de-la-industria-4-0\/"},"wordCount":896,"image":{"@id":"https:\/\/masagrupo.com\/mantenimiento-en-el-entorno-de-la-industria-4-0\/#primaryimage"},"thumbnailUrl":"https:\/\/masagrupo.com\/wp-content\/uploads\/2022\/01\/IMG_4035-scaled-e1642594715920.jpg","articleSection":["Digitalizaci\u00f3n del Mantenimiento"],"inLanguage":"fr-FR"},{"@type":"WebPage","@id":"https:\/\/masagrupo.com\/mantenimiento-en-el-entorno-de-la-industria-4-0\/","url":"https:\/\/masagrupo.com\/mantenimiento-en-el-entorno-de-la-industria-4-0\/","name":"MASA au Forum multisectoriel de l'AEM sur la maintenance 2021 - Groupe Masa","isPartOf":{"@id":"https:\/\/masagrupo.com\/#website"},"primaryImageOfPage":{"@id":"https:\/\/masagrupo.com\/mantenimiento-en-el-entorno-de-la-industria-4-0\/#primaryimage"},"image":{"@id":"https:\/\/masagrupo.com\/mantenimiento-en-el-entorno-de-la-industria-4-0\/#primaryimage"},"thumbnailUrl":"https:\/\/masagrupo.com\/wp-content\/uploads\/2022\/01\/IMG_4035-scaled-e1642594715920.jpg","datePublished":"2022-01-19T11:06:29+00:00","dateModified":"2025-11-16T13:59:35+00:00","author":{"@id":"https:\/\/masagrupo.com\/#\/schema\/person\/7067a848d602fff19af4f2172917fae3"},"description":"Pr\u00e9sentation au Forum multisectoriel de l'AEM sur la maintenance, Jos\u00e9 Luis Bernal et Jose Daniel Guirado : \"ANALYSE DU DEGR\u00c9 DE MATURIT\u00c9 POUR LE CHANGEMENT\".","breadcrumb":{"@id":"https:\/\/masagrupo.com\/mantenimiento-en-el-entorno-de-la-industria-4-0\/#breadcrumb"},"inLanguage":"fr-FR","potentialAction":[{"@type":"ReadAction","target":["https:\/\/masagrupo.com\/mantenimiento-en-el-entorno-de-la-industria-4-0\/"]}]},{"@type":"ImageObject","inLanguage":"fr-FR","@id":"https:\/\/masagrupo.com\/mantenimiento-en-el-entorno-de-la-industria-4-0\/#primaryimage","url":"https:\/\/masagrupo.com\/wp-content\/uploads\/2022\/01\/IMG_4035-scaled-e1642594715920.jpg","contentUrl":"https:\/\/masagrupo.com\/wp-content\/uploads\/2022\/01\/IMG_4035-scaled-e1642594715920.jpg","width":909,"height":682},{"@type":"BreadcrumbList","@id":"https:\/\/masagrupo.com\/mantenimiento-en-el-entorno-de-la-industria-4-0\/#breadcrumb","itemListElement":[{"@type":"ListItem","position":1,"name":"Portada","item":"https:\/\/masagrupo.com\/"},{"@type":"ListItem","position":2,"name":"MASA en el Foro Multisectorial AEM de mantenimiento 2021"}]},{"@type":"WebSite","@id":"https:\/\/masagrupo.com\/#website","url":"https:\/\/masagrupo.com\/","name":"Groupe Masa","description":"MASA est une soci\u00e9t\u00e9 du groupe ACS","potentialAction":[{"@type":"SearchAction","target":{"@type":"EntryPoint","urlTemplate":"https:\/\/masagrupo.com\/?s={search_term_string}"},"query-input":{"@type":"PropertyValueSpecification","valueRequired":true,"valueName":"search_term_string"}}],"inLanguage":"fr-FR"},{"@type":"Person","@id":"https:\/\/masagrupo.com\/#\/schema\/person\/7067a848d602fff19af4f2172917fae3","name":"Paloma Ar\u00edn","image":{"@type":"ImageObject","inLanguage":"fr-FR","@id":"https:\/\/secure.gravatar.com\/avatar\/d707daeb8561bd35e0b9c01b797023daef352b68a03c8c613fe9cf9f178aa597?s=96&d=mm&r=g","url":"https:\/\/secure.gravatar.com\/avatar\/d707daeb8561bd35e0b9c01b797023daef352b68a03c8c613fe9cf9f178aa597?s=96&d=mm&r=g","contentUrl":"https:\/\/secure.gravatar.com\/avatar\/d707daeb8561bd35e0b9c01b797023daef352b68a03c8c613fe9cf9f178aa597?s=96&d=mm&r=g","caption":"Paloma Ar\u00edn"},"url":"https:\/\/masagrupo.com\/fr\/author\/paloma-arin\/"}]}},"_links":{"self":[{"href":"https:\/\/masagrupo.com\/fr\/wp-json\/wp\/v2\/posts\/7500","targetHints":{"allow":["GET"]}}],"collection":[{"href":"https:\/\/masagrupo.com\/fr\/wp-json\/wp\/v2\/posts"}],"about":[{"href":"https:\/\/masagrupo.com\/fr\/wp-json\/wp\/v2\/types\/post"}],"author":[{"embeddable":true,"href":"https:\/\/masagrupo.com\/fr\/wp-json\/wp\/v2\/users\/2"}],"replies":[{"embeddable":true,"href":"https:\/\/masagrupo.com\/fr\/wp-json\/wp\/v2\/comments?post=7500"}],"version-history":[{"count":22,"href":"https:\/\/masagrupo.com\/fr\/wp-json\/wp\/v2\/posts\/7500\/revisions"}],"predecessor-version":[{"id":11894,"href":"https:\/\/masagrupo.com\/fr\/wp-json\/wp\/v2\/posts\/7500\/revisions\/11894"}],"wp:featuredmedia":[{"embeddable":true,"href":"https:\/\/masagrupo.com\/fr\/wp-json\/wp\/v2\/media\/7511"}],"wp:attachment":[{"href":"https:\/\/masagrupo.com\/fr\/wp-json\/wp\/v2\/media?parent=7500"}],"wp:term":[{"taxonomy":"category","embeddable":true,"href":"https:\/\/masagrupo.com\/fr\/wp-json\/wp\/v2\/categories?post=7500"},{"taxonomy":"post_tag","embeddable":true,"href":"https:\/\/masagrupo.com\/fr\/wp-json\/wp\/v2\/tags?post=7500"}],"curies":[{"name":"wp","href":"https:\/\/api.w.org\/{rel}","templated":true}]}}