{"id":7439,"date":"2021-11-16T19:29:14","date_gmt":"2021-11-16T18:29:14","guid":{"rendered":"http:\/\/masagrupo.com\/?p=7439"},"modified":"2025-11-16T15:04:20","modified_gmt":"2025-11-16T14:04:20","slug":"journee-mondiale-de-la-qualite-2","status":"publish","type":"post","link":"https:\/\/masagrupo.com\/fr\/dia-mundial-de-la-calidad\/","title":{"rendered":"Journ\u00e9e mondiale de la qualit\u00e9"},"content":{"rendered":"<div class=\"fusion-fullwidth fullwidth-box fusion-builder-row-1 fusion-flex-container has-pattern-background has-mask-background nonhundred-percent-fullwidth non-hundred-percent-height-scrolling\" style=\"--awb-border-radius-top-left:0px;--awb-border-radius-top-right:0px;--awb-border-radius-bottom-right:0px;--awb-border-radius-bottom-left:0px;--awb-flex-wrap:wrap;\" ><div class=\"fusion-builder-row fusion-row fusion-flex-align-items-flex-start fusion-flex-content-wrap\" style=\"max-width:1248px;margin-left: calc(-4% \/ 2 );margin-right: calc(-4% \/ 2 );\"><div class=\"fusion-layout-column fusion_builder_column fusion-builder-column-0 fusion_builder_column_1_1 1_1 fusion-flex-column\" style=\"--awb-bg-size:cover;--awb-width-large:100%;--awb-margin-top-large:0px;--awb-spacing-right-large:1.92%;--awb-margin-bottom-large:20px;--awb-spacing-left-large:1.92%;--awb-width-medium:100%;--awb-order-medium:0;--awb-spacing-right-medium:1.92%;--awb-spacing-left-medium:1.92%;--awb-width-small:100%;--awb-order-small:0;--awb-spacing-right-small:1.92%;--awb-spacing-left-small:1.92%;\"><div class=\"fusion-column-wrapper fusion-column-has-shadow fusion-flex-justify-content-flex-start fusion-content-layout-column\"><div class=\"fusion-text fusion-text-1\"><p>Le deuxi\u00e8me jeudi de novembre, la Journ\u00e9e mondiale de la qualit\u00e9 a \u00e9t\u00e9 c\u00e9l\u00e9br\u00e9e dans le but de r\u00e9fl\u00e9chir \u00e0 l'importance de la gestion de la qualit\u00e9 dans la vie quotidienne et au d\u00e9veloppement de processus, de syst\u00e8mes et de r\u00e9sultats plus efficaces au niveau de l'entreprise.<\/p>\n<p>La c\u00e9l\u00e9bration de cette journ\u00e9e vise \u00e0 sensibiliser les entreprises et les pouvoirs publics \u00e0 la g\u00e9n\u00e9ration d'une vision strat\u00e9gique de la qualit\u00e9 dans la gestion, qui a un impact sur l'am\u00e9lioration continue des biens et des services.<\/p>\n<h2>Quelle est l'origine de la Journ\u00e9e mondiale de la qualit\u00e9 ?<\/h2>\n<p>En 1989, le Chartered Quality Institute (anciennement connu sous le nom d'Institute of Quality Assurance (IQA)) a c\u00e9l\u00e9br\u00e9 la premi\u00e8re Journ\u00e9e mondiale de la qualit\u00e9, dans le but de sensibiliser \u00e0 l'importance de la qualit\u00e9 dans les entreprises et les organisations.<\/p>\n<p>D'autre part, certaines sources indiquent que l'Organisation des Nations unies (ONU) a promulgu\u00e9 cette journ\u00e9e mondiale en 1990. Cependant, elle n'est pas mentionn\u00e9e sur leur site web officiel.<\/p>\n<p>Au Japon, le mois de novembre est consid\u00e9r\u00e9 comme le \u00abmois de la qualit\u00e9\u00bb depuis 1959. D'autres pays de l'Est ont adopt\u00e9 cette date, tandis que certaines nations, comme les \u00c9tats-Unis et le Canada, le c\u00e9l\u00e8brent en octobre.<\/p>\n<h2>Campagne 2021 : Durabilit\u00e9 : am\u00e9liorer nos produits, les gens et la plan\u00e8te<\/h2>\n<p>Le th\u00e8me de la journ\u00e9e mondiale 2021 de cette ann\u00e9e (11\/11\/21) \u00e9tait \u201cDurabilit\u00e9 : am\u00e9liorer nos produits, nos populations et notre plan\u00e8te\".<\/p>\n<p>Cette campagne vise \u00e0 int\u00e9grer les attentes et les besoins en mati\u00e8re de durabilit\u00e9 dans les processus<\/p>\n<p>et des plans, par le biais du syst\u00e8me de gestion de l'organisation. Elle innove \u00e9galement et stimule la conception de produits et de services commercialement viables et durables.<\/p>\n<p>Les trois objectifs de la durabilit\u00e9 : les personnes, la plan\u00e8te et les entreprises.<\/p>\n<p><img decoding=\"async\" class=\"size-full wp-image-11896 alignleft\" src=\"https:\/\/masagrupo.com\/wp-content\/uploads\/2021\/11\/futuro-sostenible.png\" alt=\"\" width=\"463\" height=\"482\" srcset=\"https:\/\/masagrupo.com\/wp-content\/uploads\/2021\/11\/futuro-sostenible-200x208.png 200w, https:\/\/masagrupo.com\/wp-content\/uploads\/2021\/11\/futuro-sostenible-288x300.png 288w, https:\/\/masagrupo.com\/wp-content\/uploads\/2021\/11\/futuro-sostenible-400x416.png 400w, https:\/\/masagrupo.com\/wp-content\/uploads\/2021\/11\/futuro-sostenible.png 463w\" sizes=\"(max-width: 463px) 100vw, 463px\" \/>Les entreprises s'engagent sur la voie de la durabilit\u00e9 en utilisant un mod\u00e8le ax\u00e9 sur les personnes, la plan\u00e8te et l'entreprise. Lorsque ces objectifs se recoupent, nous voyons des opportunit\u00e9s naturelles d'innover, de prot\u00e9ger et d'entretenir un avenir sain. Lorsque nous int\u00e9grons cette vision dans notre fa\u00e7on de travailler et de vivre, nous pouvons mieux r\u00e9soudre les d\u00e9fis les plus difficiles de demain, sans compromettre la capacit\u00e9 des g\u00e9n\u00e9rations futures \u00e0 r\u00e9soudre les leurs.<\/p>\n<p>La r\u00e9ussite de la soci\u00e9t\u00e9 actuelle consiste \u00e0 maintenir l'\u00e9quilibre et la durabilit\u00e9 entre l'environnement et le monde social et \u00e9conomique, afin de r\u00e9pondre aux besoins du pr\u00e9sent sans compromettre les besoins des g\u00e9n\u00e9rations futures.<\/p>\n<p>Pour cette raison, et afin de respecter les principes du d\u00e9veloppement durable, les exigences l\u00e9gales sont de plus en plus \u00e9lev\u00e9es et ont conduit \u00e0 l'apparition de normes telles que l'ISO, le R\u00e8glement et l'UNE, afin de fournir des exigences efficaces aux entreprises pour am\u00e9liorer la qualit\u00e9 de leurs produits et services, tout en r\u00e9duisant les impacts environnementaux g\u00e9n\u00e9r\u00e9s.<\/p>\n<p>En outre, suite au mandat donn\u00e9 au Pacte mondial de sensibiliser les organisations et de les aider \u00e0 contribuer au nouveau programme de d\u00e9veloppement, les objectifs de d\u00e9veloppement durable (ODD) des Nations unies jouent un r\u00f4le essentiel, en fournissant aux entreprises un cadre universel et coh\u00e9rent pour identifier les objectifs et les cibles qu'elles peuvent influencer et commencer \u00e0 mettre en \u0153uvre des activit\u00e9s et des op\u00e9rations pour contribuer au d\u00e9veloppement durable, localement et internationalement.<\/p>\n<p>Dans le monde entier, des entreprises et des organisations s'appuient sur des syst\u00e8mes de gestion de la qualit\u00e9 et de l'environnement, qui constituent un outil essentiel pour garantir la satisfaction des clients et la protection de l'environnement.<\/p>\n<h2>Conclusions<\/h2>\n<p>La qualit\u00e9 signifie g\u00e9rer et bien faire les choses, s'efforcer d'\u00eatre meilleur et plus efficace chaque jour.<\/p>\n<p>La qualit\u00e9 est dans les personnes, les personnes sont la qualit\u00e9.<\/p>\n<p>Chaque jour, nous sommes tous de qualit\u00e9.<\/p>\n<p>#DCM2021<\/p>\n<\/div><div class=\"fusion-image-element\" style=\"--awb-caption-title-font-family:var(--h2_typography-font-family);--awb-caption-title-font-weight:var(--h2_typography-font-weight);--awb-caption-title-font-style:var(--h2_typography-font-style);--awb-caption-title-size:var(--h2_typography-font-size);--awb-caption-title-transform:var(--h2_typography-text-transform);--awb-caption-title-line-height:var(--h2_typography-line-height);--awb-caption-title-letter-spacing:var(--h2_typography-letter-spacing);\"><span class=\"fusion-imageframe imageframe-none imageframe-1 hover-type-none\"><img decoding=\"async\" width=\"822\" height=\"239\" title=\"objectifs de d\u00e9veloppement durable\" src=\"https:\/\/masagrupo.com\/wp-content\/uploads\/2021\/11\/objetivos-desarrollo-sostenible.png\" alt class=\"img-responsive wp-image-11897\" srcset=\"https:\/\/masagrupo.com\/wp-content\/uploads\/2021\/11\/objetivos-desarrollo-sostenible-200x58.png 200w, https:\/\/masagrupo.com\/wp-content\/uploads\/2021\/11\/objetivos-desarrollo-sostenible-400x116.png 400w, https:\/\/masagrupo.com\/wp-content\/uploads\/2021\/11\/objetivos-desarrollo-sostenible-600x174.png 600w, https:\/\/masagrupo.com\/wp-content\/uploads\/2021\/11\/objetivos-desarrollo-sostenible-800x233.png 800w, https:\/\/masagrupo.com\/wp-content\/uploads\/2021\/11\/objetivos-desarrollo-sostenible.png 822w\" sizes=\"(max-width: 640px) 100vw, 822px\" \/><\/span><\/div><div class=\"fusion-image-element\" style=\"--awb-caption-title-font-family:var(--h2_typography-font-family);--awb-caption-title-font-weight:var(--h2_typography-font-weight);--awb-caption-title-font-style:var(--h2_typography-font-style);--awb-caption-title-size:var(--h2_typography-font-size);--awb-caption-title-transform:var(--h2_typography-text-transform);--awb-caption-title-line-height:var(--h2_typography-line-height);--awb-caption-title-letter-spacing:var(--h2_typography-letter-spacing);\"><span class=\"fusion-imageframe imageframe-none imageframe-2 hover-type-none\"><img decoding=\"async\" width=\"412\" height=\"122\" alt=\"Personnes de qualit\u00e9\" title=\"image7\" src=\"https:\/\/masagrupo.com\/wp-content\/uploads\/2021\/11\/image7.png\" class=\"img-responsive wp-image-11898\" srcset=\"https:\/\/masagrupo.com\/wp-content\/uploads\/2021\/11\/image7-200x59.png 200w, https:\/\/masagrupo.com\/wp-content\/uploads\/2021\/11\/image7-400x118.png 400w, https:\/\/masagrupo.com\/wp-content\/uploads\/2021\/11\/image7.png 412w\" sizes=\"(max-width: 640px) 100vw, 412px\" \/><\/span><\/div><\/div><\/div><\/div><\/div>","protected":false},"excerpt":{"rendered":"<p>Le deuxi\u00e8me jeudi de novembre, la Journ\u00e9e mondiale de la qualit\u00e9 a \u00e9t\u00e9 c\u00e9l\u00e9br\u00e9e dans le but de r\u00e9fl\u00e9chir \u00e0 l'importance de la gestion de la qualit\u00e9 dans la vie quotidienne et au d\u00e9veloppement de processus, de syst\u00e8mes et de r\u00e9sultats plus efficaces au niveau de l'entreprise.<\/p>","protected":false},"author":2,"featured_media":7446,"comment_status":"closed","ping_status":"closed","sticky":false,"template":"","format":"standard","meta":{"footnotes":""},"categories":[83],"tags":[],"class_list":["post-7439","post","type-post","status-publish","format-standard","has-post-thumbnail","hentry","category-empresas-de-servicios-industriales"],"yoast_head":"<!-- This site is optimized with the Yoast SEO plugin v27.4 - https:\/\/yoast.com\/product\/yoast-seo-wordpress\/ -->\n<title>D\u00eda Mundial de la Calidad - Grupo Masa<\/title>\n<meta name=\"description\" content=\"El segundo jueves del mes de noviembre se celebr\u00f3 el D\u00eda Mundial de la Calidad, con la finalidad de reflexionar acerca de la relevancia de la gesti\u00f3n de la calidad en la vida cotidiana y el desarrollo de procesos, sistemas y resultados m\u00e1s eficientes a nivel empresarial.\" \/>\n<meta name=\"robots\" content=\"index, follow, max-snippet:-1, max-image-preview:large, max-video-preview:-1\" \/>\n<link rel=\"canonical\" href=\"https:\/\/masagrupo.com\/fr\/journee-mondiale-de-la-qualite-2\/\" \/>\n<meta property=\"og:locale\" content=\"fr_FR\" \/>\n<meta property=\"og:type\" content=\"article\" \/>\n<meta property=\"og:title\" content=\"D\u00eda Mundial de la Calidad - Grupo Masa\" \/>\n<meta property=\"og:description\" content=\"El segundo jueves del mes de noviembre se celebr\u00f3 el D\u00eda Mundial de la Calidad, con la finalidad de reflexionar acerca de la relevancia de la gesti\u00f3n de la calidad en la vida cotidiana y el desarrollo de procesos, sistemas y resultados m\u00e1s eficientes a nivel empresarial.\" \/>\n<meta property=\"og:url\" content=\"https:\/\/masagrupo.com\/fr\/journee-mondiale-de-la-qualite-2\/\" \/>\n<meta property=\"og:site_name\" content=\"Grupo Masa\" \/>\n<meta property=\"article:published_time\" content=\"2021-11-16T18:29:14+00:00\" \/>\n<meta property=\"article:modified_time\" content=\"2025-11-16T14:04:20+00:00\" \/>\n<meta property=\"og:image\" content=\"https:\/\/masagrupo.com\/wp-content\/uploads\/2021\/12\/image12.jpg\" \/>\n\t<meta property=\"og:image:width\" content=\"741\" \/>\n\t<meta property=\"og:image:height\" content=\"752\" \/>\n\t<meta property=\"og:image:type\" content=\"image\/jpeg\" \/>\n<meta name=\"author\" content=\"Paloma Ar\u00edn\" \/>\n<meta name=\"twitter:card\" content=\"summary_large_image\" \/>\n<meta name=\"twitter:label1\" content=\"Written by\" \/>\n\t<meta name=\"twitter:data1\" content=\"Paloma Ar\u00edn\" \/>\n\t<meta name=\"twitter:label2\" content=\"Est. reading time\" \/>\n\t<meta name=\"twitter:data2\" content=\"4 minutes\" \/>\n<script type=\"application\/ld+json\" class=\"yoast-schema-graph\">{\"@context\":\"https:\\\/\\\/schema.org\",\"@graph\":[{\"@type\":\"Article\",\"@id\":\"https:\\\/\\\/masagrupo.com\\\/dia-mundial-de-la-calidad\\\/#article\",\"isPartOf\":{\"@id\":\"https:\\\/\\\/masagrupo.com\\\/dia-mundial-de-la-calidad\\\/\"},\"author\":{\"name\":\"Paloma Ar\u00edn\",\"@id\":\"https:\\\/\\\/masagrupo.com\\\/#\\\/schema\\\/person\\\/7067a848d602fff19af4f2172917fae3\"},\"headline\":\"D\u00eda Mundial de la Calidad\",\"datePublished\":\"2021-11-16T18:29:14+00:00\",\"dateModified\":\"2025-11-16T14:04:20+00:00\",\"mainEntityOfPage\":{\"@id\":\"https:\\\/\\\/masagrupo.com\\\/dia-mundial-de-la-calidad\\\/\"},\"wordCount\":2321,\"image\":{\"@id\":\"https:\\\/\\\/masagrupo.com\\\/dia-mundial-de-la-calidad\\\/#primaryimage\"},\"thumbnailUrl\":\"https:\\\/\\\/masagrupo.com\\\/wp-content\\\/uploads\\\/2021\\\/12\\\/image12.jpg\",\"articleSection\":[\"Servicios Industriales - Grupo Masa\"],\"inLanguage\":\"fr-FR\"},{\"@type\":\"WebPage\",\"@id\":\"https:\\\/\\\/masagrupo.com\\\/dia-mundial-de-la-calidad\\\/\",\"url\":\"https:\\\/\\\/masagrupo.com\\\/dia-mundial-de-la-calidad\\\/\",\"name\":\"D\u00eda Mundial de la Calidad - Grupo Masa\",\"isPartOf\":{\"@id\":\"https:\\\/\\\/masagrupo.com\\\/#website\"},\"primaryImageOfPage\":{\"@id\":\"https:\\\/\\\/masagrupo.com\\\/dia-mundial-de-la-calidad\\\/#primaryimage\"},\"image\":{\"@id\":\"https:\\\/\\\/masagrupo.com\\\/dia-mundial-de-la-calidad\\\/#primaryimage\"},\"thumbnailUrl\":\"https:\\\/\\\/masagrupo.com\\\/wp-content\\\/uploads\\\/2021\\\/12\\\/image12.jpg\",\"datePublished\":\"2021-11-16T18:29:14+00:00\",\"dateModified\":\"2025-11-16T14:04:20+00:00\",\"author\":{\"@id\":\"https:\\\/\\\/masagrupo.com\\\/#\\\/schema\\\/person\\\/7067a848d602fff19af4f2172917fae3\"},\"description\":\"El segundo jueves del mes de noviembre se celebr\u00f3 el D\u00eda Mundial de la Calidad, con la finalidad de reflexionar acerca de la relevancia de la gesti\u00f3n de la calidad en la vida cotidiana y el desarrollo de procesos, sistemas y resultados m\u00e1s eficientes a nivel empresarial.\",\"breadcrumb\":{\"@id\":\"https:\\\/\\\/masagrupo.com\\\/dia-mundial-de-la-calidad\\\/#breadcrumb\"},\"inLanguage\":\"fr-FR\",\"potentialAction\":[{\"@type\":\"ReadAction\",\"target\":[\"https:\\\/\\\/masagrupo.com\\\/dia-mundial-de-la-calidad\\\/\"]}]},{\"@type\":\"ImageObject\",\"inLanguage\":\"fr-FR\",\"@id\":\"https:\\\/\\\/masagrupo.com\\\/dia-mundial-de-la-calidad\\\/#primaryimage\",\"url\":\"https:\\\/\\\/masagrupo.com\\\/wp-content\\\/uploads\\\/2021\\\/12\\\/image12.jpg\",\"contentUrl\":\"https:\\\/\\\/masagrupo.com\\\/wp-content\\\/uploads\\\/2021\\\/12\\\/image12.jpg\",\"width\":741,\"height\":752},{\"@type\":\"BreadcrumbList\",\"@id\":\"https:\\\/\\\/masagrupo.com\\\/dia-mundial-de-la-calidad\\\/#breadcrumb\",\"itemListElement\":[{\"@type\":\"ListItem\",\"position\":1,\"name\":\"Portada\",\"item\":\"https:\\\/\\\/masagrupo.com\\\/\"},{\"@type\":\"ListItem\",\"position\":2,\"name\":\"D\u00eda Mundial de la Calidad\"}]},{\"@type\":\"WebSite\",\"@id\":\"https:\\\/\\\/masagrupo.com\\\/#website\",\"url\":\"https:\\\/\\\/masagrupo.com\\\/\",\"name\":\"Grupo Masa\",\"description\":\"MASA es una empresa del Grupo ACS\",\"potentialAction\":[{\"@type\":\"SearchAction\",\"target\":{\"@type\":\"EntryPoint\",\"urlTemplate\":\"https:\\\/\\\/masagrupo.com\\\/?s={search_term_string}\"},\"query-input\":{\"@type\":\"PropertyValueSpecification\",\"valueRequired\":true,\"valueName\":\"search_term_string\"}}],\"inLanguage\":\"fr-FR\"},{\"@type\":\"Person\",\"@id\":\"https:\\\/\\\/masagrupo.com\\\/#\\\/schema\\\/person\\\/7067a848d602fff19af4f2172917fae3\",\"name\":\"Paloma Ar\u00edn\",\"image\":{\"@type\":\"ImageObject\",\"inLanguage\":\"fr-FR\",\"@id\":\"https:\\\/\\\/secure.gravatar.com\\\/avatar\\\/d707daeb8561bd35e0b9c01b797023daef352b68a03c8c613fe9cf9f178aa597?s=96&d=mm&r=g\",\"url\":\"https:\\\/\\\/secure.gravatar.com\\\/avatar\\\/d707daeb8561bd35e0b9c01b797023daef352b68a03c8c613fe9cf9f178aa597?s=96&d=mm&r=g\",\"contentUrl\":\"https:\\\/\\\/secure.gravatar.com\\\/avatar\\\/d707daeb8561bd35e0b9c01b797023daef352b68a03c8c613fe9cf9f178aa597?s=96&d=mm&r=g\",\"caption\":\"Paloma Ar\u00edn\"},\"url\":\"https:\\\/\\\/masagrupo.com\\\/fr\\\/author\\\/paloma-arin\\\/\"}]}<\/script>\n<!-- \/ Yoast SEO plugin. -->","yoast_head_json":{"title":"Journ\u00e9e mondiale de la qualit\u00e9 - Grupo Masa","description":"Le deuxi\u00e8me jeudi de novembre, la Journ\u00e9e mondiale de la qualit\u00e9 a \u00e9t\u00e9 c\u00e9l\u00e9br\u00e9e dans le but de r\u00e9fl\u00e9chir \u00e0 l'importance de la gestion de la qualit\u00e9 dans la vie quotidienne et au d\u00e9veloppement de processus, de syst\u00e8mes et de r\u00e9sultats plus efficaces au niveau de l'entreprise.","robots":{"index":"index","follow":"follow","max-snippet":"max-snippet:-1","max-image-preview":"max-image-preview:large","max-video-preview":"max-video-preview:-1"},"canonical":"https:\/\/masagrupo.com\/fr\/journee-mondiale-de-la-qualite-2\/","og_locale":"fr_FR","og_type":"article","og_title":"D\u00eda Mundial de la Calidad - Grupo Masa","og_description":"El segundo jueves del mes de noviembre se celebr\u00f3 el D\u00eda Mundial de la Calidad, con la finalidad de reflexionar acerca de la relevancia de la gesti\u00f3n de la calidad en la vida cotidiana y el desarrollo de procesos, sistemas y resultados m\u00e1s eficientes a nivel empresarial.","og_url":"https:\/\/masagrupo.com\/fr\/journee-mondiale-de-la-qualite-2\/","og_site_name":"Grupo Masa","article_published_time":"2021-11-16T18:29:14+00:00","article_modified_time":"2025-11-16T14:04:20+00:00","og_image":[{"width":741,"height":752,"url":"https:\/\/masagrupo.com\/wp-content\/uploads\/2021\/12\/image12.jpg","type":"image\/jpeg"}],"author":"Paloma Ar\u00edn","twitter_card":"summary_large_image","twitter_misc":{"Written by":"Paloma Ar\u00edn","Est. reading time":"4 minutes"},"schema":{"@context":"https:\/\/schema.org","@graph":[{"@type":"Article","@id":"https:\/\/masagrupo.com\/dia-mundial-de-la-calidad\/#article","isPartOf":{"@id":"https:\/\/masagrupo.com\/dia-mundial-de-la-calidad\/"},"author":{"name":"Paloma Ar\u00edn","@id":"https:\/\/masagrupo.com\/#\/schema\/person\/7067a848d602fff19af4f2172917fae3"},"headline":"D\u00eda Mundial de la Calidad","datePublished":"2021-11-16T18:29:14+00:00","dateModified":"2025-11-16T14:04:20+00:00","mainEntityOfPage":{"@id":"https:\/\/masagrupo.com\/dia-mundial-de-la-calidad\/"},"wordCount":2321,"image":{"@id":"https:\/\/masagrupo.com\/dia-mundial-de-la-calidad\/#primaryimage"},"thumbnailUrl":"https:\/\/masagrupo.com\/wp-content\/uploads\/2021\/12\/image12.jpg","articleSection":["Servicios Industriales - Grupo Masa"],"inLanguage":"fr-FR"},{"@type":"WebPage","@id":"https:\/\/masagrupo.com\/dia-mundial-de-la-calidad\/","url":"https:\/\/masagrupo.com\/dia-mundial-de-la-calidad\/","name":"Journ\u00e9e mondiale de la qualit\u00e9 - Grupo Masa","isPartOf":{"@id":"https:\/\/masagrupo.com\/#website"},"primaryImageOfPage":{"@id":"https:\/\/masagrupo.com\/dia-mundial-de-la-calidad\/#primaryimage"},"image":{"@id":"https:\/\/masagrupo.com\/dia-mundial-de-la-calidad\/#primaryimage"},"thumbnailUrl":"https:\/\/masagrupo.com\/wp-content\/uploads\/2021\/12\/image12.jpg","datePublished":"2021-11-16T18:29:14+00:00","dateModified":"2025-11-16T14:04:20+00:00","author":{"@id":"https:\/\/masagrupo.com\/#\/schema\/person\/7067a848d602fff19af4f2172917fae3"},"description":"Le deuxi\u00e8me jeudi de novembre, la Journ\u00e9e mondiale de la qualit\u00e9 a \u00e9t\u00e9 c\u00e9l\u00e9br\u00e9e dans le but de r\u00e9fl\u00e9chir \u00e0 l'importance de la gestion de la qualit\u00e9 dans la vie quotidienne et au d\u00e9veloppement de processus, de syst\u00e8mes et de r\u00e9sultats plus efficaces au niveau de l'entreprise.","breadcrumb":{"@id":"https:\/\/masagrupo.com\/dia-mundial-de-la-calidad\/#breadcrumb"},"inLanguage":"fr-FR","potentialAction":[{"@type":"ReadAction","target":["https:\/\/masagrupo.com\/dia-mundial-de-la-calidad\/"]}]},{"@type":"ImageObject","inLanguage":"fr-FR","@id":"https:\/\/masagrupo.com\/dia-mundial-de-la-calidad\/#primaryimage","url":"https:\/\/masagrupo.com\/wp-content\/uploads\/2021\/12\/image12.jpg","contentUrl":"https:\/\/masagrupo.com\/wp-content\/uploads\/2021\/12\/image12.jpg","width":741,"height":752},{"@type":"BreadcrumbList","@id":"https:\/\/masagrupo.com\/dia-mundial-de-la-calidad\/#breadcrumb","itemListElement":[{"@type":"ListItem","position":1,"name":"Portada","item":"https:\/\/masagrupo.com\/"},{"@type":"ListItem","position":2,"name":"D\u00eda Mundial de la Calidad"}]},{"@type":"WebSite","@id":"https:\/\/masagrupo.com\/#website","url":"https:\/\/masagrupo.com\/","name":"Groupe Masa","description":"MASA est une soci\u00e9t\u00e9 du groupe ACS","potentialAction":[{"@type":"SearchAction","target":{"@type":"EntryPoint","urlTemplate":"https:\/\/masagrupo.com\/?s={search_term_string}"},"query-input":{"@type":"PropertyValueSpecification","valueRequired":true,"valueName":"search_term_string"}}],"inLanguage":"fr-FR"},{"@type":"Person","@id":"https:\/\/masagrupo.com\/#\/schema\/person\/7067a848d602fff19af4f2172917fae3","name":"Paloma Ar\u00edn","image":{"@type":"ImageObject","inLanguage":"fr-FR","@id":"https:\/\/secure.gravatar.com\/avatar\/d707daeb8561bd35e0b9c01b797023daef352b68a03c8c613fe9cf9f178aa597?s=96&d=mm&r=g","url":"https:\/\/secure.gravatar.com\/avatar\/d707daeb8561bd35e0b9c01b797023daef352b68a03c8c613fe9cf9f178aa597?s=96&d=mm&r=g","contentUrl":"https:\/\/secure.gravatar.com\/avatar\/d707daeb8561bd35e0b9c01b797023daef352b68a03c8c613fe9cf9f178aa597?s=96&d=mm&r=g","caption":"Paloma Ar\u00edn"},"url":"https:\/\/masagrupo.com\/fr\/author\/paloma-arin\/"}]}},"_links":{"self":[{"href":"https:\/\/masagrupo.com\/fr\/wp-json\/wp\/v2\/posts\/7439","targetHints":{"allow":["GET"]}}],"collection":[{"href":"https:\/\/masagrupo.com\/fr\/wp-json\/wp\/v2\/posts"}],"about":[{"href":"https:\/\/masagrupo.com\/fr\/wp-json\/wp\/v2\/types\/post"}],"author":[{"embeddable":true,"href":"https:\/\/masagrupo.com\/fr\/wp-json\/wp\/v2\/users\/2"}],"replies":[{"embeddable":true,"href":"https:\/\/masagrupo.com\/fr\/wp-json\/wp\/v2\/comments?post=7439"}],"version-history":[{"count":10,"href":"https:\/\/masagrupo.com\/fr\/wp-json\/wp\/v2\/posts\/7439\/revisions"}],"predecessor-version":[{"id":11899,"href":"https:\/\/masagrupo.com\/fr\/wp-json\/wp\/v2\/posts\/7439\/revisions\/11899"}],"wp:featuredmedia":[{"embeddable":true,"href":"https:\/\/masagrupo.com\/fr\/wp-json\/wp\/v2\/media\/7446"}],"wp:attachment":[{"href":"https:\/\/masagrupo.com\/fr\/wp-json\/wp\/v2\/media?parent=7439"}],"wp:term":[{"taxonomy":"category","embeddable":true,"href":"https:\/\/masagrupo.com\/fr\/wp-json\/wp\/v2\/categories?post=7439"},{"taxonomy":"post_tag","embeddable":true,"href":"https:\/\/masagrupo.com\/fr\/wp-json\/wp\/v2\/tags?post=7439"}],"curies":[{"name":"wp","href":"https:\/\/api.w.org\/{rel}","templated":true}]}}