{"id":5845,"date":"2020-10-05T17:00:00","date_gmt":"2020-10-05T15:00:00","guid":{"rendered":"http:\/\/masagrupo.com\/?p=5845"},"modified":"2025-11-17T13:14:27","modified_gmt":"2025-11-17T12:14:27","slug":"masse-certifiee-iso","status":"publish","type":"post","link":"https:\/\/masagrupo.com\/fr\/masa-certificada-en-la-norma-iso\/","title":{"rendered":"MASA EST CERTIFI\u00c9E ISO 50.001 DANS SES BUREAUX DE BARCELONE ET DE MADRID."},"content":{"rendered":"<div class=\"fusion-fullwidth fullwidth-box fusion-builder-row-1 fusion-flex-container has-pattern-background has-mask-background nonhundred-percent-fullwidth non-hundred-percent-height-scrolling\" style=\"--awb-border-radius-top-left:0px;--awb-border-radius-top-right:0px;--awb-border-radius-bottom-right:0px;--awb-border-radius-bottom-left:0px;--awb-flex-wrap:wrap;\" ><div class=\"fusion-builder-row fusion-row fusion-flex-align-items-flex-start fusion-flex-content-wrap\" style=\"max-width:1248px;margin-left: calc(-4% \/ 2 );margin-right: calc(-4% \/ 2 );\"><div class=\"fusion-layout-column fusion_builder_column fusion-builder-column-0 fusion_builder_column_1_1 1_1 fusion-flex-column\" style=\"--awb-bg-size:cover;--awb-width-large:100%;--awb-margin-top-large:0px;--awb-spacing-right-large:1.92%;--awb-margin-bottom-large:20px;--awb-spacing-left-large:1.92%;--awb-width-medium:100%;--awb-order-medium:0;--awb-spacing-right-medium:1.92%;--awb-spacing-left-medium:1.92%;--awb-width-small:100%;--awb-order-small:0;--awb-spacing-right-small:1.92%;--awb-spacing-left-small:1.92%;\"><div class=\"fusion-column-wrapper fusion-column-has-shadow fusion-flex-justify-content-flex-start fusion-content-layout-column\"><div class=\"fusion-title title fusion-title-1 fusion-sep-none fusion-title-text fusion-title-size-two\" style=\"--awb-text-color:var(--awb-color8);\"><h2 class=\"fusion-title-heading title-heading-left\" style=\"margin:0;\">Cette certification garantit le respect des exigences en mati\u00e8re de gestion de la consommation d'\u00e9nergie, ce qui permet de r\u00e9aliser des \u00e9conomies visibles dans ce domaine.<\/h2><\/div><div class=\"fusion-text fusion-text-1\"><p>Depuis 2016, MASA, soci\u00e9t\u00e9 de services industriels, a opt\u00e9 pour un syst\u00e8me de gestion de l'\u00e9nergie dans le but de conna\u00eetre la consommation \u00e9nerg\u00e9tique de ses installations, cherchant \u00e0 la fois \u00e0 se conformer aux exigences l\u00e9gales et \u00e0 am\u00e9liorer ses performances.<\/p>\n<p>Dans un contexte mondial qui appelle une r\u00e9action imm\u00e9diate \u00e0 la consommation incontr\u00f4l\u00e9e des ressources naturelles, <a href=\"https:\/\/masagrupo.com\/fr\/entreprise\/\">GROUPE MASA<\/a> s'acquitte de sa responsabilit\u00e9 de proposer et de mettre en \u0153uvre des mesures visant \u00e0 r\u00e9duire sa consommation.<\/p>\n<p>\u00c0 cette fin, elle a d\u00e9velopp\u00e9 le projet \u00e9nerg\u00e9tique principalement dans deux installations, les bureaux du GRUPO MASA \u00e0 Barcelone sur la Gran V\u00eda et les bureaux madril\u00e8nes d'Edificaci\u00f3n sur la Calle T\u00e9llez. MASA cherche \u00e0 la fois \u00e0 \u00e9conomiser l'\u00e9nergie et \u00e0 donner de la visibilit\u00e9 aux r\u00e9sultats obtenus, en d\u00e9montrant que les mesures sont efficaces et peuvent \u00eatre mises en \u0153uvre dans n'importe quelle installation. Ainsi, MASA a obtenu la certification ISO 50.001 dans les bureaux susmentionn\u00e9s. Cette certification garantit le respect des exigences en mati\u00e8re de gestion de la consommation d'\u00e9nergie, ce qui permet de r\u00e9aliser des \u00e9conomies visibles dans ce domaine.<\/p>\n<p>Le graphique suivant montre l'\u00e9volution de la consommation dans les bureaux T\u00e9llez tout au long de l'ann\u00e9e, en indiquant la consommation mensuelle cumul\u00e9e pour chaque ann\u00e9e depuis 2017. Il convient de noter que ces bureaux ont commenc\u00e9 leur certification en 2019, ann\u00e9e o\u00f9 les r\u00e9sultats obtenus commencent \u00e0 \u00eatre observ\u00e9s. En revanche, apr\u00e8s l'ann\u00e9e anormale 2020, il n'est pas possible de tirer de r\u00e9elles conclusions sur la performance \u00e9nerg\u00e9tique apr\u00e8s les mesures prises car ils ont \u00e9t\u00e9 inoccup\u00e9s pendant plusieurs mois de l'ann\u00e9e.<\/p>\n<\/div><div class=\"fusion-image-element\" style=\"text-align:center;--awb-caption-title-font-family:var(--h2_typography-font-family);--awb-caption-title-font-weight:var(--h2_typography-font-weight);--awb-caption-title-font-style:var(--h2_typography-font-style);--awb-caption-title-size:var(--h2_typography-font-size);--awb-caption-title-transform:var(--h2_typography-text-transform);--awb-caption-title-line-height:var(--h2_typography-line-height);--awb-caption-title-letter-spacing:var(--h2_typography-letter-spacing);\"><span class=\"fusion-imageframe imageframe-none imageframe-1 hover-type-none\"><img decoding=\"async\" width=\"571\" height=\"366\" title=\"GraphiqueISO50_1\" src=\"https:\/\/masagrupo.com\/wp-content\/uploads\/2020\/10\/GraficaISO50_1-1.jpg\" alt class=\"img-responsive wp-image-11973\" srcset=\"https:\/\/masagrupo.com\/wp-content\/uploads\/2020\/10\/GraficaISO50_1-1-200x128.jpg 200w, https:\/\/masagrupo.com\/wp-content\/uploads\/2020\/10\/GraficaISO50_1-1-400x256.jpg 400w, https:\/\/masagrupo.com\/wp-content\/uploads\/2020\/10\/GraficaISO50_1-1.jpg 571w\" sizes=\"(max-width: 640px) 100vw, 571px\" \/><\/span><\/div><div class=\"fusion-text fusion-text-2\"><p>De m\u00eame, l'\u00e9volution de la consommation mensuelle cumul\u00e9e des bureaux de Gran V\u00eda, certifi\u00e9s depuis la fin de l'ann\u00e9e 2016, est \u00e9galement pr\u00e9sent\u00e9e. Il est clair que la consommation des bureaux a \u00e9t\u00e9 progressivement r\u00e9duite gr\u00e2ce aux mesures mises en \u0153uvre, r\u00e9duisant la consommation de plus de 10% par rapport \u00e0 l'ann\u00e9e pr\u00e9c\u00e9dente pour chacune des ann\u00e9es au cours desquelles le projet a \u00e9t\u00e9 mis en \u0153uvre. De m\u00eame, l'ann\u00e9e 2020 n\u00e9cessitera une analyse d\u00e9taill\u00e9e car les bureaux n'ont pas \u00e9t\u00e9 occup\u00e9s dans un r\u00e9gime normal en raison de la situation g\u00e9n\u00e9r\u00e9e par COVID-19.<\/p>\n<\/div><div class=\"fusion-image-element\" style=\"text-align:center;--awb-caption-title-font-family:var(--h2_typography-font-family);--awb-caption-title-font-weight:var(--h2_typography-font-weight);--awb-caption-title-font-style:var(--h2_typography-font-style);--awb-caption-title-size:var(--h2_typography-font-size);--awb-caption-title-transform:var(--h2_typography-text-transform);--awb-caption-title-line-height:var(--h2_typography-line-height);--awb-caption-title-letter-spacing:var(--h2_typography-letter-spacing);\"><span class=\"fusion-imageframe imageframe-none imageframe-2 hover-type-none\"><img decoding=\"async\" width=\"571\" height=\"366\" title=\"GraphiqueISO50_2\" src=\"https:\/\/masagrupo.com\/wp-content\/uploads\/2020\/10\/GraficaISO50_2.jpg\" alt class=\"img-responsive wp-image-11974\" srcset=\"https:\/\/masagrupo.com\/wp-content\/uploads\/2020\/10\/GraficaISO50_2-200x128.jpg 200w, https:\/\/masagrupo.com\/wp-content\/uploads\/2020\/10\/GraficaISO50_2-400x256.jpg 400w, https:\/\/masagrupo.com\/wp-content\/uploads\/2020\/10\/GraficaISO50_2.jpg 571w\" sizes=\"(max-width: 640px) 100vw, 571px\" \/><\/span><\/div><div class=\"fusion-text fusion-text-3\"><p><strong>OBJECTIFS \u00c9NERG\u00c9TIQUES<\/strong><\/p>\n<p>Pour atteindre ces r\u00e9sultats, l'accent a \u00e9t\u00e9 mis sur :<\/p>\n<ul>\n<li>Contr\u00f4le des syst\u00e8mes de climatisation, \u00e9tablissement d'horaires et de temp\u00e9ratures de consigne, ainsi que contr\u00f4le de leur arr\u00eat lorsqu'ils ne sont pas n\u00e9cessaires.<\/li>\n<li>Contr\u00f4le des syst\u00e8mes d'\u00e9clairage, mise en place d'un \u00e9clairage zonal et remplacement de la technologie d'\u00e9clairage par une technologie d'\u00e9clairage plus efficace (d\u00e9tecteurs de pr\u00e9sence, minuteries, \u00e9clairage LED, etc.).<\/li>\n<\/ul>\n<p>Dans le cadre de la\u00a0<strong>Les bureaux de T\u00e9llez,<\/strong>\u00a0apr\u00e8s le remplacement de tous les \u00e9crans fluorescents par des \u00e9crans LED, des travaux sont en cours pour l'installation de d\u00e9tecteurs de pr\u00e9sence dans les espaces communs afin d'\u00e9viter qu'ils ne s'allument lorsqu'il n'y a personne.<\/p>\n<p>On estime que ces mesures permettront d'\u00e9conomiser 6 000 kWh\/an et que le d\u00e9lai de r\u00e9cup\u00e9ration sera de 1,92 an.<\/p>\n<p>\u00c9missions de CO2 \u00ab\u00e9vit\u00e9es\u00bb : 1,98 tCO2\/an<\/p>\n<p>Actuellement, dans la\u00a0<strong>Bureaux de la Gran V\u00eda<\/strong>\u00a0L'\u00e9clairage fluorescent est progressivement remplac\u00e9 par l'\u00e9clairage LED dans tous les bureaux et l'\u00e9clairage est sectoris\u00e9 par poste de travail.<\/p>\n<p>Avec cet objectif, des \u00e9conomies de 3 000 kWh\/an et une p\u00e9riode de retour sur investissement de 0,14 an sont estim\u00e9es.<\/p>\n<p>\u00c9missions de CO2 \u00ab\u00e9vit\u00e9es\u00bb : 0,96 tCO2\/an<\/p>\n<\/div><div class=\"fusion-image-element\" style=\"--awb-caption-title-font-family:var(--h2_typography-font-family);--awb-caption-title-font-weight:var(--h2_typography-font-weight);--awb-caption-title-font-style:var(--h2_typography-font-style);--awb-caption-title-size:var(--h2_typography-font-size);--awb-caption-title-transform:var(--h2_typography-text-transform);--awb-caption-title-line-height:var(--h2_typography-line-height);--awb-caption-title-letter-spacing:var(--h2_typography-letter-spacing);\"><span class=\"fusion-imageframe imageframe-none imageframe-3 hover-type-none\"><img decoding=\"async\" width=\"276\" height=\"189\" title=\"GraphiqueISO50_3\" src=\"https:\/\/masagrupo.com\/wp-content\/uploads\/2020\/10\/GraficaISO50_3.jpg\" alt class=\"img-responsive wp-image-11975\" srcset=\"https:\/\/masagrupo.com\/wp-content\/uploads\/2020\/10\/GraficaISO50_3-200x137.jpg 200w, https:\/\/masagrupo.com\/wp-content\/uploads\/2020\/10\/GraficaISO50_3.jpg 276w\" sizes=\"(max-width: 640px) 100vw, 276px\" \/><\/span><\/div><\/div><\/div><\/div><\/div>","protected":false},"excerpt":{"rendered":"<p>Cette certification garantit le respect des exigences en mati\u00e8re de gestion de la consommation d'\u00e9nergie, ce qui permet de r\u00e9aliser des \u00e9conomies visibles dans ce domaine.<\/p>","protected":false},"author":1,"featured_media":5908,"comment_status":"closed","ping_status":"closed","sticky":false,"template":"","format":"standard","meta":{"footnotes":""},"categories":[84],"tags":[],"class_list":["post-5845","post","type-post","status-publish","format-standard","has-post-thumbnail","hentry","category-grupo-masa"],"yoast_head":"<!-- This site is optimized with the Yoast SEO plugin v27.4 - https:\/\/yoast.com\/product\/yoast-seo-wordpress\/ -->\n<title>GRUPO MASA CERTIFICADA EN LA NORMA ISO<\/title>\n<meta name=\"description\" content=\"Grupo Masa, empresa de servicios industriales integrales, ha sido certificada en la norma ISO, demostrando la eficacia de la gesti\u00f3n de la energ\u00eda.\" \/>\n<meta name=\"robots\" content=\"index, follow, max-snippet:-1, max-image-preview:large, max-video-preview:-1\" \/>\n<link rel=\"canonical\" href=\"https:\/\/masagrupo.com\/fr\/masse-certifiee-iso\/\" \/>\n<meta property=\"og:locale\" content=\"fr_FR\" \/>\n<meta property=\"og:type\" content=\"article\" \/>\n<meta property=\"og:title\" content=\"GRUPO MASA CERTIFICADA EN LA NORMA ISO\" \/>\n<meta property=\"og:description\" content=\"Grupo Masa, empresa de servicios industriales integrales, ha sido certificada en la norma ISO, demostrando la eficacia de la gesti\u00f3n de la energ\u00eda.\" \/>\n<meta property=\"og:url\" content=\"https:\/\/masagrupo.com\/fr\/masse-certifiee-iso\/\" \/>\n<meta property=\"og:site_name\" content=\"Grupo Masa\" \/>\n<meta property=\"article:published_time\" content=\"2020-10-05T15:00:00+00:00\" \/>\n<meta property=\"article:modified_time\" content=\"2025-11-17T12:14:27+00:00\" \/>\n<meta property=\"og:image\" content=\"https:\/\/masagrupo.com\/wp-content\/uploads\/2021\/01\/post-ISO.jpg\" \/>\n\t<meta property=\"og:image:width\" content=\"900\" \/>\n\t<meta property=\"og:image:height\" content=\"600\" \/>\n\t<meta property=\"og:image:type\" content=\"image\/jpeg\" \/>\n<meta name=\"author\" content=\"wpusrmasa\" \/>\n<meta name=\"twitter:card\" content=\"summary_large_image\" \/>\n<meta name=\"twitter:label1\" content=\"Written by\" \/>\n\t<meta name=\"twitter:data1\" content=\"wpusrmasa\" \/>\n\t<meta name=\"twitter:label2\" content=\"Est. reading time\" \/>\n\t<meta name=\"twitter:data2\" content=\"4 minutes\" \/>\n<script type=\"application\/ld+json\" class=\"yoast-schema-graph\">{\"@context\":\"https:\\\/\\\/schema.org\",\"@graph\":[{\"@type\":\"Article\",\"@id\":\"https:\\\/\\\/masagrupo.com\\\/masa-certificada-en-la-norma-iso\\\/#article\",\"isPartOf\":{\"@id\":\"https:\\\/\\\/masagrupo.com\\\/masa-certificada-en-la-norma-iso\\\/\"},\"author\":{\"name\":\"wpusrmasa\",\"@id\":\"https:\\\/\\\/masagrupo.com\\\/#\\\/schema\\\/person\\\/ad509334dfed7f3add3a1c0c841a79b1\"},\"headline\":\"MASA CERTIFICADA EN LA NORMA ISO 50.001 EN SUS OFICINAS DE BARCELONA Y MADRID\",\"datePublished\":\"2020-10-05T15:00:00+00:00\",\"dateModified\":\"2025-11-17T12:14:27+00:00\",\"mainEntityOfPage\":{\"@id\":\"https:\\\/\\\/masagrupo.com\\\/masa-certificada-en-la-norma-iso\\\/\"},\"wordCount\":3102,\"image\":{\"@id\":\"https:\\\/\\\/masagrupo.com\\\/masa-certificada-en-la-norma-iso\\\/#primaryimage\"},\"thumbnailUrl\":\"https:\\\/\\\/masagrupo.com\\\/wp-content\\\/uploads\\\/2021\\\/01\\\/post-ISO.jpg\",\"articleSection\":[\"Grupo Masa\"],\"inLanguage\":\"fr-FR\"},{\"@type\":\"WebPage\",\"@id\":\"https:\\\/\\\/masagrupo.com\\\/masa-certificada-en-la-norma-iso\\\/\",\"url\":\"https:\\\/\\\/masagrupo.com\\\/masa-certificada-en-la-norma-iso\\\/\",\"name\":\"GRUPO MASA CERTIFICADA EN LA NORMA ISO\",\"isPartOf\":{\"@id\":\"https:\\\/\\\/masagrupo.com\\\/#website\"},\"primaryImageOfPage\":{\"@id\":\"https:\\\/\\\/masagrupo.com\\\/masa-certificada-en-la-norma-iso\\\/#primaryimage\"},\"image\":{\"@id\":\"https:\\\/\\\/masagrupo.com\\\/masa-certificada-en-la-norma-iso\\\/#primaryimage\"},\"thumbnailUrl\":\"https:\\\/\\\/masagrupo.com\\\/wp-content\\\/uploads\\\/2021\\\/01\\\/post-ISO.jpg\",\"datePublished\":\"2020-10-05T15:00:00+00:00\",\"dateModified\":\"2025-11-17T12:14:27+00:00\",\"author\":{\"@id\":\"https:\\\/\\\/masagrupo.com\\\/#\\\/schema\\\/person\\\/ad509334dfed7f3add3a1c0c841a79b1\"},\"description\":\"Grupo Masa, empresa de servicios industriales integrales, ha sido certificada en la norma ISO, demostrando la eficacia de la gesti\u00f3n de la energ\u00eda.\",\"breadcrumb\":{\"@id\":\"https:\\\/\\\/masagrupo.com\\\/masa-certificada-en-la-norma-iso\\\/#breadcrumb\"},\"inLanguage\":\"fr-FR\",\"potentialAction\":[{\"@type\":\"ReadAction\",\"target\":[\"https:\\\/\\\/masagrupo.com\\\/masa-certificada-en-la-norma-iso\\\/\"]}]},{\"@type\":\"ImageObject\",\"inLanguage\":\"fr-FR\",\"@id\":\"https:\\\/\\\/masagrupo.com\\\/masa-certificada-en-la-norma-iso\\\/#primaryimage\",\"url\":\"https:\\\/\\\/masagrupo.com\\\/wp-content\\\/uploads\\\/2021\\\/01\\\/post-ISO.jpg\",\"contentUrl\":\"https:\\\/\\\/masagrupo.com\\\/wp-content\\\/uploads\\\/2021\\\/01\\\/post-ISO.jpg\",\"width\":900,\"height\":600,\"caption\":\"MASA CERTIFICADA EN LA NORMA ISO\"},{\"@type\":\"BreadcrumbList\",\"@id\":\"https:\\\/\\\/masagrupo.com\\\/masa-certificada-en-la-norma-iso\\\/#breadcrumb\",\"itemListElement\":[{\"@type\":\"ListItem\",\"position\":1,\"name\":\"Portada\",\"item\":\"https:\\\/\\\/masagrupo.com\\\/\"},{\"@type\":\"ListItem\",\"position\":2,\"name\":\"MASA CERTIFICADA EN LA NORMA ISO 50.001 EN SUS OFICINAS DE BARCELONA Y MADRID\"}]},{\"@type\":\"WebSite\",\"@id\":\"https:\\\/\\\/masagrupo.com\\\/#website\",\"url\":\"https:\\\/\\\/masagrupo.com\\\/\",\"name\":\"Grupo Masa\",\"description\":\"MASA es una empresa del Grupo ACS\",\"potentialAction\":[{\"@type\":\"SearchAction\",\"target\":{\"@type\":\"EntryPoint\",\"urlTemplate\":\"https:\\\/\\\/masagrupo.com\\\/?s={search_term_string}\"},\"query-input\":{\"@type\":\"PropertyValueSpecification\",\"valueRequired\":true,\"valueName\":\"search_term_string\"}}],\"inLanguage\":\"fr-FR\"},{\"@type\":\"Person\",\"@id\":\"https:\\\/\\\/masagrupo.com\\\/#\\\/schema\\\/person\\\/ad509334dfed7f3add3a1c0c841a79b1\",\"name\":\"wpusrmasa\",\"image\":{\"@type\":\"ImageObject\",\"inLanguage\":\"fr-FR\",\"@id\":\"https:\\\/\\\/secure.gravatar.com\\\/avatar\\\/c74af4ac740e51611af247b790751ef972aef0b67a5a92b3e82ca6e38dfa0e85?s=96&d=mm&r=g\",\"url\":\"https:\\\/\\\/secure.gravatar.com\\\/avatar\\\/c74af4ac740e51611af247b790751ef972aef0b67a5a92b3e82ca6e38dfa0e85?s=96&d=mm&r=g\",\"contentUrl\":\"https:\\\/\\\/secure.gravatar.com\\\/avatar\\\/c74af4ac740e51611af247b790751ef972aef0b67a5a92b3e82ca6e38dfa0e85?s=96&d=mm&r=g\",\"caption\":\"wpusrmasa\"},\"url\":\"https:\\\/\\\/masagrupo.com\\\/fr\\\/author\\\/wpusrmasa\\\/\"}]}<\/script>\n<!-- \/ Yoast SEO plugin. -->","yoast_head_json":{"title":"GROUPE DE MASSE CERTIFI\u00c9 ISO","description":"Grupo Masa, une entreprise de services industriels int\u00e9graux, a \u00e9t\u00e9 certifi\u00e9e selon la norme ISO, d\u00e9montrant ainsi l'efficacit\u00e9 de sa gestion de l'\u00e9nergie.","robots":{"index":"index","follow":"follow","max-snippet":"max-snippet:-1","max-image-preview":"max-image-preview:large","max-video-preview":"max-video-preview:-1"},"canonical":"https:\/\/masagrupo.com\/fr\/masse-certifiee-iso\/","og_locale":"fr_FR","og_type":"article","og_title":"GRUPO MASA CERTIFICADA EN LA NORMA ISO","og_description":"Grupo Masa, empresa de servicios industriales integrales, ha sido certificada en la norma ISO, demostrando la eficacia de la gesti\u00f3n de la energ\u00eda.","og_url":"https:\/\/masagrupo.com\/fr\/masse-certifiee-iso\/","og_site_name":"Grupo Masa","article_published_time":"2020-10-05T15:00:00+00:00","article_modified_time":"2025-11-17T12:14:27+00:00","og_image":[{"width":900,"height":600,"url":"https:\/\/masagrupo.com\/wp-content\/uploads\/2021\/01\/post-ISO.jpg","type":"image\/jpeg"}],"author":"wpusrmasa","twitter_card":"summary_large_image","twitter_misc":{"Written by":"wpusrmasa","Est. reading time":"4 minutes"},"schema":{"@context":"https:\/\/schema.org","@graph":[{"@type":"Article","@id":"https:\/\/masagrupo.com\/masa-certificada-en-la-norma-iso\/#article","isPartOf":{"@id":"https:\/\/masagrupo.com\/masa-certificada-en-la-norma-iso\/"},"author":{"name":"wpusrmasa","@id":"https:\/\/masagrupo.com\/#\/schema\/person\/ad509334dfed7f3add3a1c0c841a79b1"},"headline":"MASA CERTIFICADA EN LA NORMA ISO 50.001 EN SUS OFICINAS DE BARCELONA Y MADRID","datePublished":"2020-10-05T15:00:00+00:00","dateModified":"2025-11-17T12:14:27+00:00","mainEntityOfPage":{"@id":"https:\/\/masagrupo.com\/masa-certificada-en-la-norma-iso\/"},"wordCount":3102,"image":{"@id":"https:\/\/masagrupo.com\/masa-certificada-en-la-norma-iso\/#primaryimage"},"thumbnailUrl":"https:\/\/masagrupo.com\/wp-content\/uploads\/2021\/01\/post-ISO.jpg","articleSection":["Grupo Masa"],"inLanguage":"fr-FR"},{"@type":"WebPage","@id":"https:\/\/masagrupo.com\/masa-certificada-en-la-norma-iso\/","url":"https:\/\/masagrupo.com\/masa-certificada-en-la-norma-iso\/","name":"GROUPE DE MASSE CERTIFI\u00c9 ISO","isPartOf":{"@id":"https:\/\/masagrupo.com\/#website"},"primaryImageOfPage":{"@id":"https:\/\/masagrupo.com\/masa-certificada-en-la-norma-iso\/#primaryimage"},"image":{"@id":"https:\/\/masagrupo.com\/masa-certificada-en-la-norma-iso\/#primaryimage"},"thumbnailUrl":"https:\/\/masagrupo.com\/wp-content\/uploads\/2021\/01\/post-ISO.jpg","datePublished":"2020-10-05T15:00:00+00:00","dateModified":"2025-11-17T12:14:27+00:00","author":{"@id":"https:\/\/masagrupo.com\/#\/schema\/person\/ad509334dfed7f3add3a1c0c841a79b1"},"description":"Grupo Masa, une entreprise de services industriels int\u00e9graux, a \u00e9t\u00e9 certifi\u00e9e selon la norme ISO, d\u00e9montrant ainsi l'efficacit\u00e9 de sa gestion de l'\u00e9nergie.","breadcrumb":{"@id":"https:\/\/masagrupo.com\/masa-certificada-en-la-norma-iso\/#breadcrumb"},"inLanguage":"fr-FR","potentialAction":[{"@type":"ReadAction","target":["https:\/\/masagrupo.com\/masa-certificada-en-la-norma-iso\/"]}]},{"@type":"ImageObject","inLanguage":"fr-FR","@id":"https:\/\/masagrupo.com\/masa-certificada-en-la-norma-iso\/#primaryimage","url":"https:\/\/masagrupo.com\/wp-content\/uploads\/2021\/01\/post-ISO.jpg","contentUrl":"https:\/\/masagrupo.com\/wp-content\/uploads\/2021\/01\/post-ISO.jpg","width":900,"height":600,"caption":"MASA CERTIFICADA EN LA NORMA ISO"},{"@type":"BreadcrumbList","@id":"https:\/\/masagrupo.com\/masa-certificada-en-la-norma-iso\/#breadcrumb","itemListElement":[{"@type":"ListItem","position":1,"name":"Portada","item":"https:\/\/masagrupo.com\/"},{"@type":"ListItem","position":2,"name":"MASA CERTIFICADA EN LA NORMA ISO 50.001 EN SUS OFICINAS DE BARCELONA Y MADRID"}]},{"@type":"WebSite","@id":"https:\/\/masagrupo.com\/#website","url":"https:\/\/masagrupo.com\/","name":"Groupe Masa","description":"MASA est une soci\u00e9t\u00e9 du groupe ACS","potentialAction":[{"@type":"SearchAction","target":{"@type":"EntryPoint","urlTemplate":"https:\/\/masagrupo.com\/?s={search_term_string}"},"query-input":{"@type":"PropertyValueSpecification","valueRequired":true,"valueName":"search_term_string"}}],"inLanguage":"fr-FR"},{"@type":"Person","@id":"https:\/\/masagrupo.com\/#\/schema\/person\/ad509334dfed7f3add3a1c0c841a79b1","name":"wpusrmasa","image":{"@type":"ImageObject","inLanguage":"fr-FR","@id":"https:\/\/secure.gravatar.com\/avatar\/c74af4ac740e51611af247b790751ef972aef0b67a5a92b3e82ca6e38dfa0e85?s=96&d=mm&r=g","url":"https:\/\/secure.gravatar.com\/avatar\/c74af4ac740e51611af247b790751ef972aef0b67a5a92b3e82ca6e38dfa0e85?s=96&d=mm&r=g","contentUrl":"https:\/\/secure.gravatar.com\/avatar\/c74af4ac740e51611af247b790751ef972aef0b67a5a92b3e82ca6e38dfa0e85?s=96&d=mm&r=g","caption":"wpusrmasa"},"url":"https:\/\/masagrupo.com\/fr\/author\/wpusrmasa\/"}]}},"_links":{"self":[{"href":"https:\/\/masagrupo.com\/fr\/wp-json\/wp\/v2\/posts\/5845","targetHints":{"allow":["GET"]}}],"collection":[{"href":"https:\/\/masagrupo.com\/fr\/wp-json\/wp\/v2\/posts"}],"about":[{"href":"https:\/\/masagrupo.com\/fr\/wp-json\/wp\/v2\/types\/post"}],"author":[{"embeddable":true,"href":"https:\/\/masagrupo.com\/fr\/wp-json\/wp\/v2\/users\/1"}],"replies":[{"embeddable":true,"href":"https:\/\/masagrupo.com\/fr\/wp-json\/wp\/v2\/comments?post=5845"}],"version-history":[{"count":14,"href":"https:\/\/masagrupo.com\/fr\/wp-json\/wp\/v2\/posts\/5845\/revisions"}],"predecessor-version":[{"id":11977,"href":"https:\/\/masagrupo.com\/fr\/wp-json\/wp\/v2\/posts\/5845\/revisions\/11977"}],"wp:featuredmedia":[{"embeddable":true,"href":"https:\/\/masagrupo.com\/fr\/wp-json\/wp\/v2\/media\/5908"}],"wp:attachment":[{"href":"https:\/\/masagrupo.com\/fr\/wp-json\/wp\/v2\/media?parent=5845"}],"wp:term":[{"taxonomy":"category","embeddable":true,"href":"https:\/\/masagrupo.com\/fr\/wp-json\/wp\/v2\/categories?post=5845"},{"taxonomy":"post_tag","embeddable":true,"href":"https:\/\/masagrupo.com\/fr\/wp-json\/wp\/v2\/tags?post=5845"}],"curies":[{"name":"wp","href":"https:\/\/api.w.org\/{rel}","templated":true}]}}