{"id":10182,"date":"2025-02-05T19:41:54","date_gmt":"2025-02-05T18:41:54","guid":{"rendered":"http:\/\/masagrupo.com\/?p=10182"},"modified":"2025-11-14T16:53:21","modified_gmt":"2025-11-14T15:53:21","slug":"masa-promeut-la-securite-au-travail-avec-sa-journee-de-la-securite-a-ilboc-cartagena","status":"publish","type":"post","link":"https:\/\/masagrupo.com\/fr\/masa-impulsa-la-seguridad-laboral-con-sus-jornadas-safety-day-en-ilboc-cartagena\/","title":{"rendered":"MASA promeut la s\u00e9curit\u00e9 au travail avec sa journ\u00e9e de la s\u00e9curit\u00e9 \u00e0 l'ILBOC de Carthag\u00e8ne"},"content":{"rendered":"<p><div class=\"fusion-fullwidth fullwidth-box fusion-builder-row-1 fusion-flex-container has-pattern-background has-mask-background nonhundred-percent-fullwidth non-hundred-percent-height-scrolling\" style=\"--awb-border-radius-top-left:0px;--awb-border-radius-top-right:0px;--awb-border-radius-bottom-right:0px;--awb-border-radius-bottom-left:0px;--awb-flex-wrap:wrap;\" ><div class=\"fusion-builder-row fusion-row fusion-flex-align-items-flex-start fusion-flex-content-wrap\" style=\"max-width:1248px;margin-left: calc(-4% \/ 2 );margin-right: calc(-4% \/ 2 );\"><div class=\"fusion-layout-column fusion_builder_column fusion-builder-column-0 fusion_builder_column_1_1 1_1 fusion-flex-column\" style=\"--awb-bg-size:cover;--awb-width-large:100%;--awb-margin-top-large:0px;--awb-spacing-right-large:1.92%;--awb-margin-bottom-large:20px;--awb-spacing-left-large:1.92%;--awb-width-medium:100%;--awb-order-medium:0;--awb-spacing-right-medium:1.92%;--awb-spacing-left-medium:1.92%;--awb-width-small:100%;--awb-order-small:0;--awb-spacing-right-small:1.92%;--awb-spacing-left-small:1.92%;\"><div class=\"fusion-column-wrapper fusion-column-has-shadow fusion-flex-justify-content-flex-start fusion-content-layout-column\"><div class=\"fusion-title title fusion-title-1 fusion-sep-none fusion-title-text fusion-title-size-two\" style=\"--awb-text-color:var(--awb-color8);--awb-font-size:38px;\"><h2 class=\"fusion-title-heading title-heading-left\" style=\"margin:0;font-size:1em;\">Une initiative visant \u00e0 renforcer la culture de la pr\u00e9vention et de la sensibilisation parmi les travailleurs.<\/h2><\/div><div class=\"fusion-text fusion-text-1\"><p>Dans le cadre d'une action conjointe visant \u00e0 renforcer la culture de la s\u00e9curit\u00e9 au travail, MASA a organis\u00e9 ses sessions participatives de la Journ\u00e9e de la s\u00e9curit\u00e9 dans les installations d'ILBOC \u00e0 Cartagena. Ces sessions, qui ont eu lieu les 30 et 31 janvier, ont \u00e9t\u00e9 suivies par 33 employ\u00e9s de MASA, avec la collaboration active de l'\u00e9quipe de direction d'ILBOC.<\/p>\n<\/div><\/div><\/div><\/div><\/div><div class=\"fusion-fullwidth fullwidth-box fusion-builder-row-2 fusion-flex-container has-pattern-background has-mask-background nonhundred-percent-fullwidth non-hundred-percent-height-scrolling\" style=\"--awb-border-radius-top-left:0px;--awb-border-radius-top-right:0px;--awb-border-radius-bottom-right:0px;--awb-border-radius-bottom-left:0px;--awb-flex-wrap:wrap;\" ><div class=\"fusion-builder-row fusion-row fusion-flex-align-items-center fusion-flex-content-wrap\" style=\"max-width:1248px;margin-left: calc(-4% \/ 2 );margin-right: calc(-4% \/ 2 );\"><div class=\"fusion-layout-column fusion_builder_column fusion-builder-column-1 fusion_builder_column_1_4 1_4 fusion-flex-column\" style=\"--awb-bg-size:cover;--awb-width-large:25%;--awb-margin-top-large:0px;--awb-spacing-right-large:7.68%;--awb-margin-bottom-large:20px;--awb-spacing-left-large:7.68%;--awb-width-medium:25%;--awb-order-medium:0;--awb-spacing-right-medium:7.68%;--awb-spacing-left-medium:7.68%;--awb-width-small:100%;--awb-order-small:0;--awb-spacing-right-small:1.92%;--awb-spacing-left-small:1.92%;\"><div class=\"fusion-column-wrapper fusion-column-has-shadow fusion-flex-justify-content-flex-start fusion-content-layout-column\"><div class=\"fusion-image-element\" style=\"--awb-caption-title-font-family:var(--h2_typography-font-family);--awb-caption-title-font-weight:var(--h2_typography-font-weight);--awb-caption-title-font-style:var(--h2_typography-font-style);--awb-caption-title-size:var(--h2_typography-font-size);--awb-caption-title-transform:var(--h2_typography-text-transform);--awb-caption-title-line-height:var(--h2_typography-line-height);--awb-caption-title-letter-spacing:var(--h2_typography-letter-spacing);\"><span class=\"fusion-imageframe imageframe-none imageframe-1 hover-type-none\"><img decoding=\"async\" width=\"400\" height=\"402\" alt=\"La s\u00e9curit\u00e9 au travail chez Masa\" title=\"s\u00e9curit\u00e9 au travail-masse2\" src=\"https:\/\/masagrupo.com\/wp-content\/uploads\/2025\/02\/seguridad-laboral-masa2-400x402.jpg\" class=\"img-responsive wp-image-11641\" srcset=\"https:\/\/masagrupo.com\/wp-content\/uploads\/2025\/02\/seguridad-laboral-masa2-200x201.jpg 200w, https:\/\/masagrupo.com\/wp-content\/uploads\/2025\/02\/seguridad-laboral-masa2-400x402.jpg 400w, https:\/\/masagrupo.com\/wp-content\/uploads\/2025\/02\/seguridad-laboral-masa2-600x603.jpg 600w, https:\/\/masagrupo.com\/wp-content\/uploads\/2025\/02\/seguridad-laboral-masa2-800x804.jpg 800w, https:\/\/masagrupo.com\/wp-content\/uploads\/2025\/02\/seguridad-laboral-masa2-1200x1206.jpg 1200w\" sizes=\"(max-width: 640px) 100vw, 400px\" \/><\/span><\/div><\/div><\/div><div class=\"fusion-layout-column fusion_builder_column fusion-builder-column-2 fusion_builder_column_3_4 3_4 fusion-flex-column\" style=\"--awb-bg-size:cover;--awb-width-large:75%;--awb-margin-top-large:0px;--awb-spacing-right-large:2.56%;--awb-margin-bottom-large:20px;--awb-spacing-left-large:2.56%;--awb-width-medium:75%;--awb-order-medium:0;--awb-spacing-right-medium:2.56%;--awb-spacing-left-medium:2.56%;--awb-width-small:100%;--awb-order-small:0;--awb-spacing-right-small:1.92%;--awb-spacing-left-small:1.92%;\"><div class=\"fusion-column-wrapper fusion-column-has-shadow fusion-flex-justify-content-flex-start fusion-content-layout-column\"><div class=\"fusion-text fusion-text-2\"><p>Les journ\u00e9es se sont concentr\u00e9es sur des ateliers pratiques destin\u00e9s \u00e0 sensibiliser aux comportements \u00e0 risque et \u00e0 promouvoir des pratiques s\u00fbres dans l'environnement de travail. Ces activit\u00e9s visent \u00e0 laisser une impression durable sur l'\u00e9tat d'esprit des travailleurs, en encourageant des attitudes proactives \u00e0 l'\u00e9gard de la s\u00e9curit\u00e9 et en r\u00e9alisant des am\u00e9liorations mesurables dans les comportements quotidiens.<\/p>\n<p>Outre le renforcement de la culture de la s\u00e9curit\u00e9, ces sessions ont permis de renforcer la collaboration entre l'entreprise collaboratrice et le client, ainsi qu'avec les sous-traitants, en mati\u00e8re de sant\u00e9 et de s\u00e9curit\u00e9. La participation de l'\u00e9quipe de montage des \u00e9chafaudages, dont la contribution a \u00e9t\u00e9 fondamentale pour le succ\u00e8s des activit\u00e9s, a \u00e9t\u00e9 particuli\u00e8rement remarqu\u00e9e.<\/p>\n<\/div><\/div><\/div><\/div><\/div><div class=\"fusion-fullwidth fullwidth-box fusion-builder-row-3 fusion-flex-container has-pattern-background has-mask-background nonhundred-percent-fullwidth non-hundred-percent-height-scrolling\" style=\"--awb-border-radius-top-left:0px;--awb-border-radius-top-right:0px;--awb-border-radius-bottom-right:0px;--awb-border-radius-bottom-left:0px;--awb-flex-wrap:wrap;\" ><div class=\"fusion-builder-row fusion-row fusion-flex-align-items-flex-start fusion-flex-content-wrap\" style=\"max-width:1248px;margin-left: calc(-4% \/ 2 );margin-right: calc(-4% \/ 2 );\"><div class=\"fusion-layout-column fusion_builder_column fusion-builder-column-3 fusion_builder_column_1_1 1_1 fusion-flex-column\" style=\"--awb-bg-size:cover;--awb-width-large:100%;--awb-margin-top-large:0px;--awb-spacing-right-large:1.92%;--awb-margin-bottom-large:20px;--awb-spacing-left-large:1.92%;--awb-width-medium:100%;--awb-order-medium:0;--awb-spacing-right-medium:1.92%;--awb-spacing-left-medium:1.92%;--awb-width-small:100%;--awb-order-small:0;--awb-spacing-right-small:1.92%;--awb-spacing-left-small:1.92%;\"><div class=\"fusion-column-wrapper fusion-column-has-shadow fusion-flex-justify-content-flex-start fusion-content-layout-column\"><div class=\"fusion-image-element\" style=\"--awb-aspect-ratio:21 \/ 9;--awb-caption-title-font-family:var(--h2_typography-font-family);--awb-caption-title-font-weight:var(--h2_typography-font-weight);--awb-caption-title-font-style:var(--h2_typography-font-style);--awb-caption-title-size:var(--h2_typography-font-size);--awb-caption-title-transform:var(--h2_typography-text-transform);--awb-caption-title-line-height:var(--h2_typography-line-height);--awb-caption-title-letter-spacing:var(--h2_typography-letter-spacing);\"><span class=\"fusion-imageframe imageframe-none imageframe-2 hover-type-none has-aspect-ratio\"><img decoding=\"async\" width=\"1024\" height=\"569\" alt=\"S\u00e9curit\u00e9 du travail Grupo Masa\" title=\"travail-s\u00e9curit\u00e9-masse4\" src=\"https:\/\/masagrupo.com\/wp-content\/uploads\/2025\/02\/seguridad-laboral-masa4-1024x569.jpg\" class=\"img-responsive wp-image-11644 img-with-aspect-ratio\" data-parent-fit=\"cover\" data-parent-container=\".fusion-image-element\" srcset=\"https:\/\/masagrupo.com\/wp-content\/uploads\/2025\/02\/seguridad-laboral-masa4-200x111.jpg 200w, https:\/\/masagrupo.com\/wp-content\/uploads\/2025\/02\/seguridad-laboral-masa4-400x222.jpg 400w, https:\/\/masagrupo.com\/wp-content\/uploads\/2025\/02\/seguridad-laboral-masa4-600x333.jpg 600w, https:\/\/masagrupo.com\/wp-content\/uploads\/2025\/02\/seguridad-laboral-masa4-800x444.jpg 800w, https:\/\/masagrupo.com\/wp-content\/uploads\/2025\/02\/seguridad-laboral-masa4-1200x667.jpg 1200w\" sizes=\"(max-width: 640px) 100vw, 1200px\" \/><\/span><\/div><\/div><\/div><\/div><\/div><div class=\"fusion-fullwidth fullwidth-box fusion-builder-row-4 fusion-flex-container has-pattern-background has-mask-background nonhundred-percent-fullwidth non-hundred-percent-height-scrolling\" style=\"--awb-border-radius-top-left:0px;--awb-border-radius-top-right:0px;--awb-border-radius-bottom-right:0px;--awb-border-radius-bottom-left:0px;--awb-flex-wrap:wrap;\" ><div class=\"fusion-builder-row fusion-row fusion-flex-align-items-center fusion-flex-content-wrap\" style=\"max-width:1248px;margin-left: calc(-4% \/ 2 );margin-right: calc(-4% \/ 2 );\"><div class=\"fusion-layout-column fusion_builder_column fusion-builder-column-4 fusion_builder_column_3_5 3_5 fusion-flex-column\" style=\"--awb-bg-size:cover;--awb-width-large:60%;--awb-margin-top-large:0px;--awb-spacing-right-large:3.2%;--awb-margin-bottom-large:20px;--awb-spacing-left-large:3.2%;--awb-width-medium:60%;--awb-order-medium:0;--awb-spacing-right-medium:3.2%;--awb-spacing-left-medium:3.2%;--awb-width-small:100%;--awb-order-small:0;--awb-spacing-right-small:1.92%;--awb-spacing-left-small:1.92%;\"><div class=\"fusion-column-wrapper fusion-column-has-shadow fusion-flex-justify-content-flex-start fusion-content-layout-column\"><div class=\"fusion-text fusion-text-3\"><p>Les participants ont exprim\u00e9 leur satisfaction \u00e0 l'\u00e9gard de cette initiative, appr\u00e9ciant particuli\u00e8rement l'opportunit\u00e9 de s'engager dans une dynamique qui renforce l'importance de la s\u00e9curit\u00e9 au travail. La collaboration et la volont\u00e9 de l'ILBOC et de sa direction ont \u00e9t\u00e9 essentielles au bon d\u00e9roulement des ateliers, d\u00e9montrant l'engagement commun des deux entit\u00e9s en faveur de la s\u00e9curit\u00e9 et du bien-\u00eatre de leurs employ\u00e9s.<\/p>\n<p>ILBOC (Iberian Lube Base Oils Company), est une entreprise cr\u00e9\u00e9e en 2012, d\u00e9tenue \u00e0 30% par Repsol Petr\u00f3leo et \u00e0 70% par SK Enmove. Situ\u00e9e \u00e0 Cartagena, elle se consacre \u00e0 la production de bases lubrifiantes de haute qualit\u00e9, \u00e9tant une r\u00e9f\u00e9rence dans le secteur. ilboc.com<\/p>\n<p>MASA r\u00e9affirme son engagement en faveur de la s\u00e9curit\u00e9 au travail et remercie tous les participants pour leur d\u00e9vouement et leurs efforts lors de cette conf\u00e9rence.<\/p>\n<\/div><\/div><\/div><div class=\"fusion-layout-column fusion_builder_column fusion-builder-column-5 fusion_builder_column_2_5 2_5 fusion-flex-column\" style=\"--awb-bg-size:cover;--awb-width-large:40%;--awb-margin-top-large:0px;--awb-spacing-right-large:4.8%;--awb-margin-bottom-large:20px;--awb-spacing-left-large:4.8%;--awb-width-medium:40%;--awb-order-medium:0;--awb-spacing-right-medium:4.8%;--awb-spacing-left-medium:4.8%;--awb-width-small:100%;--awb-order-small:0;--awb-spacing-right-small:1.92%;--awb-spacing-left-small:1.92%;\"><div class=\"fusion-column-wrapper fusion-column-has-shadow fusion-flex-justify-content-flex-start fusion-content-layout-column\"><div class=\"fusion-image-element\" style=\"--awb-aspect-ratio:1 \/ 1;--awb-object-position:49% 53%;--awb-caption-title-font-family:var(--h2_typography-font-family);--awb-caption-title-font-weight:var(--h2_typography-font-weight);--awb-caption-title-font-style:var(--h2_typography-font-style);--awb-caption-title-size:var(--h2_typography-font-size);--awb-caption-title-transform:var(--h2_typography-text-transform);--awb-caption-title-line-height:var(--h2_typography-line-height);--awb-caption-title-letter-spacing:var(--h2_typography-letter-spacing);\"><span class=\"fusion-imageframe imageframe-none imageframe-3 hover-type-none has-aspect-ratio\"><img decoding=\"async\" width=\"400\" height=\"533\" title=\"travail-s\u00e9curit\u00e9-masse5\" src=\"https:\/\/masagrupo.com\/wp-content\/uploads\/2025\/02\/seguridad-laboral-masa5-400x533.jpg\" class=\"img-responsive wp-image-11643 img-with-aspect-ratio\" data-parent-fit=\"cover\" data-parent-container=\".fusion-image-element\" alt srcset=\"https:\/\/masagrupo.com\/wp-content\/uploads\/2025\/02\/seguridad-laboral-masa5-200x267.jpg 200w, https:\/\/masagrupo.com\/wp-content\/uploads\/2025\/02\/seguridad-laboral-masa5-400x533.jpg 400w, https:\/\/masagrupo.com\/wp-content\/uploads\/2025\/02\/seguridad-laboral-masa5-600x800.jpg 600w, https:\/\/masagrupo.com\/wp-content\/uploads\/2025\/02\/seguridad-laboral-masa5-800x1067.jpg 800w, https:\/\/masagrupo.com\/wp-content\/uploads\/2025\/02\/seguridad-laboral-masa5-1200x1600.jpg 1200w, https:\/\/masagrupo.com\/wp-content\/uploads\/2025\/02\/seguridad-laboral-masa5.jpg 1920w\" sizes=\"(max-width: 640px) 100vw, 600px\" \/><\/span><\/div><\/div><\/div><\/div><\/div><div class=\"fusion-fullwidth fullwidth-box fusion-builder-row-5 fusion-flex-container has-pattern-background has-mask-background nonhundred-percent-fullwidth non-hundred-percent-height-scrolling\" style=\"--awb-border-radius-top-left:0px;--awb-border-radius-top-right:0px;--awb-border-radius-bottom-right:0px;--awb-border-radius-bottom-left:0px;--awb-flex-wrap:wrap;\" ><div class=\"fusion-builder-row fusion-row fusion-flex-align-items-flex-start fusion-flex-content-wrap\" style=\"max-width:1248px;margin-left: calc(-4% \/ 2 );margin-right: calc(-4% \/ 2 );\"><div class=\"fusion-layout-column fusion_builder_column fusion-builder-column-6 fusion_builder_column_1_1 1_1 fusion-flex-column\" style=\"--awb-bg-size:cover;--awb-width-large:100%;--awb-margin-top-large:0px;--awb-spacing-right-large:1.92%;--awb-margin-bottom-large:20px;--awb-spacing-left-large:1.92%;--awb-width-medium:100%;--awb-order-medium:0;--awb-spacing-right-medium:1.92%;--awb-spacing-left-medium:1.92%;--awb-width-small:100%;--awb-order-small:0;--awb-spacing-right-small:1.92%;--awb-spacing-left-small:1.92%;\"><div class=\"fusion-column-wrapper fusion-column-has-shadow fusion-flex-justify-content-flex-start fusion-content-layout-column\"><div class=\"fusion-image-element\" style=\"--awb-caption-title-font-family:var(--h2_typography-font-family);--awb-caption-title-font-weight:var(--h2_typography-font-weight);--awb-caption-title-font-style:var(--h2_typography-font-style);--awb-caption-title-size:var(--h2_typography-font-size);--awb-caption-title-transform:var(--h2_typography-text-transform);--awb-caption-title-line-height:var(--h2_typography-line-height);--awb-caption-title-letter-spacing:var(--h2_typography-letter-spacing);\"><span class=\"fusion-imageframe imageframe-none imageframe-4 hover-type-none\"><img decoding=\"async\" width=\"1200\" height=\"541\" alt=\"R\u00e9union &quot;Z\u00e9ro accident au travail\" title=\"travail-s\u00e9curit\u00e9-masse6\" src=\"https:\/\/masagrupo.com\/wp-content\/uploads\/2025\/02\/seguridad-laboral-masa6-1200x541.jpg\" class=\"img-responsive wp-image-11642\" srcset=\"https:\/\/masagrupo.com\/wp-content\/uploads\/2025\/02\/seguridad-laboral-masa6-200x90.jpg 200w, https:\/\/masagrupo.com\/wp-content\/uploads\/2025\/02\/seguridad-laboral-masa6-400x180.jpg 400w, https:\/\/masagrupo.com\/wp-content\/uploads\/2025\/02\/seguridad-laboral-masa6-600x270.jpg 600w, https:\/\/masagrupo.com\/wp-content\/uploads\/2025\/02\/seguridad-laboral-masa6-800x361.jpg 800w, https:\/\/masagrupo.com\/wp-content\/uploads\/2025\/02\/seguridad-laboral-masa6-1200x541.jpg 1200w\" sizes=\"(max-width: 640px) 100vw, 1200px\" \/><\/span><\/div><\/div><\/div><\/div><\/div><\/p>","protected":false},"excerpt":{"rendered":"<p>Dans le cadre d'une initiative conjointe visant \u00e0 renforcer la culture de la s\u00e9curit\u00e9 au travail, MASA a organis\u00e9 ses sessions participatives de la Journ\u00e9e de la s\u00e9curit\u00e9 dans les installations d'ILBOC \u00e0 Cartagena. Ces sessions, qui ont eu lieu les 30 et 31 janvier, ont \u00e9t\u00e9 suivies par 33 employ\u00e9s de MASA, avec la collaboration active de l'\u00e9quipe de direction d'ILBOC.<\/p>","protected":false},"author":2,"featured_media":10198,"comment_status":"closed","ping_status":"closed","sticky":false,"template":"","format":"standard","meta":{"footnotes":""},"categories":[1,91],"tags":[],"class_list":["post-10182","post","type-post","status-publish","format-standard","has-post-thumbnail","hentry","category-digitalizacion-del-mantenimiento","category-noticias"],"yoast_head":"<!-- This site is optimized with the Yoast SEO plugin v27.4 - https:\/\/yoast.com\/product\/yoast-seo-wordpress\/ -->\n<title>MASA impulsa la seguridad laboral con sus jornadas Safety Day en ILBOC Cartagena - Grupo Masa<\/title>\n<meta name=\"robots\" content=\"index, follow, max-snippet:-1, max-image-preview:large, max-video-preview:-1\" \/>\n<link rel=\"canonical\" href=\"https:\/\/masagrupo.com\/fr\/masa-promeut-la-securite-au-travail-avec-sa-journee-de-la-securite-a-ilboc-cartagena\/\" \/>\n<meta property=\"og:locale\" content=\"fr_FR\" \/>\n<meta property=\"og:type\" content=\"article\" \/>\n<meta property=\"og:title\" content=\"MASA impulsa la seguridad laboral con sus jornadas Safety Day en ILBOC Cartagena - Grupo Masa\" \/>\n<meta property=\"og:description\" content=\"En una iniciativa conjunta para fortalecer la cultura de seguridad laboral, MASA llev\u00f3 a cabo sus jornadas participativas Safety Day en las instalaciones de ILBOC, Cartagena. Estas sesiones, celebradas el 30 y 31 de enero, contaron con la participaci\u00f3n de 33 empleados de MASA y la colaboraci\u00f3n activa del equipo directivo de ILBOC.\" \/>\n<meta property=\"og:url\" content=\"https:\/\/masagrupo.com\/fr\/masa-promeut-la-securite-au-travail-avec-sa-journee-de-la-securite-a-ilboc-cartagena\/\" \/>\n<meta property=\"og:site_name\" content=\"Grupo Masa\" \/>\n<meta property=\"article:published_time\" content=\"2025-02-05T18:41:54+00:00\" \/>\n<meta property=\"article:modified_time\" content=\"2025-11-14T15:53:21+00:00\" \/>\n<meta property=\"og:image\" content=\"https:\/\/masagrupo.com\/wp-content\/uploads\/2025\/02\/GRUPO_30-V2-scaled-e1738837748588.jpg\" \/>\n\t<meta property=\"og:image:width\" content=\"1113\" \/>\n\t<meta property=\"og:image:height\" content=\"517\" \/>\n\t<meta property=\"og:image:type\" content=\"image\/jpeg\" \/>\n<meta name=\"author\" content=\"Paloma Ar\u00edn\" \/>\n<meta name=\"twitter:card\" content=\"summary_large_image\" \/>\n<meta name=\"twitter:label1\" content=\"Written by\" \/>\n\t<meta name=\"twitter:data1\" content=\"Paloma Ar\u00edn\" \/>\n\t<meta name=\"twitter:label2\" content=\"Est. reading time\" \/>\n\t<meta name=\"twitter:data2\" content=\"3 minutes\" \/>\n<script type=\"application\/ld+json\" class=\"yoast-schema-graph\">{\"@context\":\"https:\\\/\\\/schema.org\",\"@graph\":[{\"@type\":\"Article\",\"@id\":\"https:\\\/\\\/masagrupo.com\\\/masa-impulsa-la-seguridad-laboral-con-sus-jornadas-safety-day-en-ilboc-cartagena\\\/#article\",\"isPartOf\":{\"@id\":\"https:\\\/\\\/masagrupo.com\\\/masa-impulsa-la-seguridad-laboral-con-sus-jornadas-safety-day-en-ilboc-cartagena\\\/\"},\"author\":{\"name\":\"Paloma Ar\u00edn\",\"@id\":\"https:\\\/\\\/masagrupo.com\\\/#\\\/schema\\\/person\\\/7067a848d602fff19af4f2172917fae3\"},\"headline\":\"MASA impulsa la seguridad laboral con sus jornadas Safety Day en ILBOC Cartagena\",\"datePublished\":\"2025-02-05T18:41:54+00:00\",\"dateModified\":\"2025-11-14T15:53:21+00:00\",\"mainEntityOfPage\":{\"@id\":\"https:\\\/\\\/masagrupo.com\\\/masa-impulsa-la-seguridad-laboral-con-sus-jornadas-safety-day-en-ilboc-cartagena\\\/\"},\"wordCount\":7853,\"image\":{\"@id\":\"https:\\\/\\\/masagrupo.com\\\/masa-impulsa-la-seguridad-laboral-con-sus-jornadas-safety-day-en-ilboc-cartagena\\\/#primaryimage\"},\"thumbnailUrl\":\"https:\\\/\\\/masagrupo.com\\\/wp-content\\\/uploads\\\/2025\\\/02\\\/GRUPO_30-V2-scaled-e1738837748588.jpg\",\"articleSection\":[\"Digitalizaci\u00f3n del Mantenimiento\",\"NOTICIAS\"],\"inLanguage\":\"fr-FR\"},{\"@type\":\"WebPage\",\"@id\":\"https:\\\/\\\/masagrupo.com\\\/masa-impulsa-la-seguridad-laboral-con-sus-jornadas-safety-day-en-ilboc-cartagena\\\/\",\"url\":\"https:\\\/\\\/masagrupo.com\\\/masa-impulsa-la-seguridad-laboral-con-sus-jornadas-safety-day-en-ilboc-cartagena\\\/\",\"name\":\"MASA impulsa la seguridad laboral con sus jornadas Safety Day en ILBOC Cartagena - Grupo Masa\",\"isPartOf\":{\"@id\":\"https:\\\/\\\/masagrupo.com\\\/#website\"},\"primaryImageOfPage\":{\"@id\":\"https:\\\/\\\/masagrupo.com\\\/masa-impulsa-la-seguridad-laboral-con-sus-jornadas-safety-day-en-ilboc-cartagena\\\/#primaryimage\"},\"image\":{\"@id\":\"https:\\\/\\\/masagrupo.com\\\/masa-impulsa-la-seguridad-laboral-con-sus-jornadas-safety-day-en-ilboc-cartagena\\\/#primaryimage\"},\"thumbnailUrl\":\"https:\\\/\\\/masagrupo.com\\\/wp-content\\\/uploads\\\/2025\\\/02\\\/GRUPO_30-V2-scaled-e1738837748588.jpg\",\"datePublished\":\"2025-02-05T18:41:54+00:00\",\"dateModified\":\"2025-11-14T15:53:21+00:00\",\"author\":{\"@id\":\"https:\\\/\\\/masagrupo.com\\\/#\\\/schema\\\/person\\\/7067a848d602fff19af4f2172917fae3\"},\"breadcrumb\":{\"@id\":\"https:\\\/\\\/masagrupo.com\\\/masa-impulsa-la-seguridad-laboral-con-sus-jornadas-safety-day-en-ilboc-cartagena\\\/#breadcrumb\"},\"inLanguage\":\"fr-FR\",\"potentialAction\":[{\"@type\":\"ReadAction\",\"target\":[\"https:\\\/\\\/masagrupo.com\\\/masa-impulsa-la-seguridad-laboral-con-sus-jornadas-safety-day-en-ilboc-cartagena\\\/\"]}]},{\"@type\":\"ImageObject\",\"inLanguage\":\"fr-FR\",\"@id\":\"https:\\\/\\\/masagrupo.com\\\/masa-impulsa-la-seguridad-laboral-con-sus-jornadas-safety-day-en-ilboc-cartagena\\\/#primaryimage\",\"url\":\"https:\\\/\\\/masagrupo.com\\\/wp-content\\\/uploads\\\/2025\\\/02\\\/GRUPO_30-V2-scaled-e1738837748588.jpg\",\"contentUrl\":\"https:\\\/\\\/masagrupo.com\\\/wp-content\\\/uploads\\\/2025\\\/02\\\/GRUPO_30-V2-scaled-e1738837748588.jpg\",\"width\":1113,\"height\":517,\"caption\":\"En una iniciativa conjunta para fortalecer la cultura de seguridad laboral, MASA llev\u00f3 a cabo sus jornadas participativas Safety Day en las instalaciones de ILBOC, Cartagena. Estas sesiones, celebradas el 30 y 31 de enero, contaron con la participaci\u00f3n de 33 empleados de MASA y la colaboraci\u00f3n activa del equipo directivo de ILBOC.\"},{\"@type\":\"BreadcrumbList\",\"@id\":\"https:\\\/\\\/masagrupo.com\\\/masa-impulsa-la-seguridad-laboral-con-sus-jornadas-safety-day-en-ilboc-cartagena\\\/#breadcrumb\",\"itemListElement\":[{\"@type\":\"ListItem\",\"position\":1,\"name\":\"Portada\",\"item\":\"https:\\\/\\\/masagrupo.com\\\/\"},{\"@type\":\"ListItem\",\"position\":2,\"name\":\"MASA impulsa la seguridad laboral con sus jornadas Safety Day en ILBOC Cartagena\"}]},{\"@type\":\"WebSite\",\"@id\":\"https:\\\/\\\/masagrupo.com\\\/#website\",\"url\":\"https:\\\/\\\/masagrupo.com\\\/\",\"name\":\"Grupo Masa\",\"description\":\"MASA es una empresa del Grupo ACS\",\"potentialAction\":[{\"@type\":\"SearchAction\",\"target\":{\"@type\":\"EntryPoint\",\"urlTemplate\":\"https:\\\/\\\/masagrupo.com\\\/?s={search_term_string}\"},\"query-input\":{\"@type\":\"PropertyValueSpecification\",\"valueRequired\":true,\"valueName\":\"search_term_string\"}}],\"inLanguage\":\"fr-FR\"},{\"@type\":\"Person\",\"@id\":\"https:\\\/\\\/masagrupo.com\\\/#\\\/schema\\\/person\\\/7067a848d602fff19af4f2172917fae3\",\"name\":\"Paloma Ar\u00edn\",\"image\":{\"@type\":\"ImageObject\",\"inLanguage\":\"fr-FR\",\"@id\":\"https:\\\/\\\/secure.gravatar.com\\\/avatar\\\/d707daeb8561bd35e0b9c01b797023daef352b68a03c8c613fe9cf9f178aa597?s=96&d=mm&r=g\",\"url\":\"https:\\\/\\\/secure.gravatar.com\\\/avatar\\\/d707daeb8561bd35e0b9c01b797023daef352b68a03c8c613fe9cf9f178aa597?s=96&d=mm&r=g\",\"contentUrl\":\"https:\\\/\\\/secure.gravatar.com\\\/avatar\\\/d707daeb8561bd35e0b9c01b797023daef352b68a03c8c613fe9cf9f178aa597?s=96&d=mm&r=g\",\"caption\":\"Paloma Ar\u00edn\"},\"url\":\"https:\\\/\\\/masagrupo.com\\\/fr\\\/author\\\/paloma-arin\\\/\"}]}<\/script>\n<!-- \/ Yoast SEO plugin. -->","yoast_head_json":{"title":"MASA promeut la s\u00e9curit\u00e9 au travail avec sa journ\u00e9e de la s\u00e9curit\u00e9 \u00e0 l'ILBOC Cartagena - Grupo Masa","robots":{"index":"index","follow":"follow","max-snippet":"max-snippet:-1","max-image-preview":"max-image-preview:large","max-video-preview":"max-video-preview:-1"},"canonical":"https:\/\/masagrupo.com\/fr\/masa-promeut-la-securite-au-travail-avec-sa-journee-de-la-securite-a-ilboc-cartagena\/","og_locale":"fr_FR","og_type":"article","og_title":"MASA impulsa la seguridad laboral con sus jornadas Safety Day en ILBOC Cartagena - Grupo Masa","og_description":"En una iniciativa conjunta para fortalecer la cultura de seguridad laboral, MASA llev\u00f3 a cabo sus jornadas participativas Safety Day en las instalaciones de ILBOC, Cartagena. Estas sesiones, celebradas el 30 y 31 de enero, contaron con la participaci\u00f3n de 33 empleados de MASA y la colaboraci\u00f3n activa del equipo directivo de ILBOC.","og_url":"https:\/\/masagrupo.com\/fr\/masa-promeut-la-securite-au-travail-avec-sa-journee-de-la-securite-a-ilboc-cartagena\/","og_site_name":"Grupo Masa","article_published_time":"2025-02-05T18:41:54+00:00","article_modified_time":"2025-11-14T15:53:21+00:00","og_image":[{"width":1113,"height":517,"url":"https:\/\/masagrupo.com\/wp-content\/uploads\/2025\/02\/GRUPO_30-V2-scaled-e1738837748588.jpg","type":"image\/jpeg"}],"author":"Paloma Ar\u00edn","twitter_card":"summary_large_image","twitter_misc":{"Written by":"Paloma Ar\u00edn","Est. reading time":"3 minutes"},"schema":{"@context":"https:\/\/schema.org","@graph":[{"@type":"Article","@id":"https:\/\/masagrupo.com\/masa-impulsa-la-seguridad-laboral-con-sus-jornadas-safety-day-en-ilboc-cartagena\/#article","isPartOf":{"@id":"https:\/\/masagrupo.com\/masa-impulsa-la-seguridad-laboral-con-sus-jornadas-safety-day-en-ilboc-cartagena\/"},"author":{"name":"Paloma Ar\u00edn","@id":"https:\/\/masagrupo.com\/#\/schema\/person\/7067a848d602fff19af4f2172917fae3"},"headline":"MASA impulsa la seguridad laboral con sus jornadas Safety Day en ILBOC Cartagena","datePublished":"2025-02-05T18:41:54+00:00","dateModified":"2025-11-14T15:53:21+00:00","mainEntityOfPage":{"@id":"https:\/\/masagrupo.com\/masa-impulsa-la-seguridad-laboral-con-sus-jornadas-safety-day-en-ilboc-cartagena\/"},"wordCount":7853,"image":{"@id":"https:\/\/masagrupo.com\/masa-impulsa-la-seguridad-laboral-con-sus-jornadas-safety-day-en-ilboc-cartagena\/#primaryimage"},"thumbnailUrl":"https:\/\/masagrupo.com\/wp-content\/uploads\/2025\/02\/GRUPO_30-V2-scaled-e1738837748588.jpg","articleSection":["Digitalizaci\u00f3n del Mantenimiento","NOTICIAS"],"inLanguage":"fr-FR"},{"@type":"WebPage","@id":"https:\/\/masagrupo.com\/masa-impulsa-la-seguridad-laboral-con-sus-jornadas-safety-day-en-ilboc-cartagena\/","url":"https:\/\/masagrupo.com\/masa-impulsa-la-seguridad-laboral-con-sus-jornadas-safety-day-en-ilboc-cartagena\/","name":"MASA promeut la s\u00e9curit\u00e9 au travail avec sa journ\u00e9e de la s\u00e9curit\u00e9 \u00e0 l'ILBOC Cartagena - Grupo Masa","isPartOf":{"@id":"https:\/\/masagrupo.com\/#website"},"primaryImageOfPage":{"@id":"https:\/\/masagrupo.com\/masa-impulsa-la-seguridad-laboral-con-sus-jornadas-safety-day-en-ilboc-cartagena\/#primaryimage"},"image":{"@id":"https:\/\/masagrupo.com\/masa-impulsa-la-seguridad-laboral-con-sus-jornadas-safety-day-en-ilboc-cartagena\/#primaryimage"},"thumbnailUrl":"https:\/\/masagrupo.com\/wp-content\/uploads\/2025\/02\/GRUPO_30-V2-scaled-e1738837748588.jpg","datePublished":"2025-02-05T18:41:54+00:00","dateModified":"2025-11-14T15:53:21+00:00","author":{"@id":"https:\/\/masagrupo.com\/#\/schema\/person\/7067a848d602fff19af4f2172917fae3"},"breadcrumb":{"@id":"https:\/\/masagrupo.com\/masa-impulsa-la-seguridad-laboral-con-sus-jornadas-safety-day-en-ilboc-cartagena\/#breadcrumb"},"inLanguage":"fr-FR","potentialAction":[{"@type":"ReadAction","target":["https:\/\/masagrupo.com\/masa-impulsa-la-seguridad-laboral-con-sus-jornadas-safety-day-en-ilboc-cartagena\/"]}]},{"@type":"ImageObject","inLanguage":"fr-FR","@id":"https:\/\/masagrupo.com\/masa-impulsa-la-seguridad-laboral-con-sus-jornadas-safety-day-en-ilboc-cartagena\/#primaryimage","url":"https:\/\/masagrupo.com\/wp-content\/uploads\/2025\/02\/GRUPO_30-V2-scaled-e1738837748588.jpg","contentUrl":"https:\/\/masagrupo.com\/wp-content\/uploads\/2025\/02\/GRUPO_30-V2-scaled-e1738837748588.jpg","width":1113,"height":517,"caption":"En una iniciativa conjunta para fortalecer la cultura de seguridad laboral, MASA llev\u00f3 a cabo sus jornadas participativas Safety Day en las instalaciones de ILBOC, Cartagena. Estas sesiones, celebradas el 30 y 31 de enero, contaron con la participaci\u00f3n de 33 empleados de MASA y la colaboraci\u00f3n activa del equipo directivo de ILBOC."},{"@type":"BreadcrumbList","@id":"https:\/\/masagrupo.com\/masa-impulsa-la-seguridad-laboral-con-sus-jornadas-safety-day-en-ilboc-cartagena\/#breadcrumb","itemListElement":[{"@type":"ListItem","position":1,"name":"Portada","item":"https:\/\/masagrupo.com\/"},{"@type":"ListItem","position":2,"name":"MASA impulsa la seguridad laboral con sus jornadas Safety Day en ILBOC Cartagena"}]},{"@type":"WebSite","@id":"https:\/\/masagrupo.com\/#website","url":"https:\/\/masagrupo.com\/","name":"Groupe Masa","description":"MASA est une soci\u00e9t\u00e9 du groupe ACS","potentialAction":[{"@type":"SearchAction","target":{"@type":"EntryPoint","urlTemplate":"https:\/\/masagrupo.com\/?s={search_term_string}"},"query-input":{"@type":"PropertyValueSpecification","valueRequired":true,"valueName":"search_term_string"}}],"inLanguage":"fr-FR"},{"@type":"Person","@id":"https:\/\/masagrupo.com\/#\/schema\/person\/7067a848d602fff19af4f2172917fae3","name":"Paloma Ar\u00edn","image":{"@type":"ImageObject","inLanguage":"fr-FR","@id":"https:\/\/secure.gravatar.com\/avatar\/d707daeb8561bd35e0b9c01b797023daef352b68a03c8c613fe9cf9f178aa597?s=96&d=mm&r=g","url":"https:\/\/secure.gravatar.com\/avatar\/d707daeb8561bd35e0b9c01b797023daef352b68a03c8c613fe9cf9f178aa597?s=96&d=mm&r=g","contentUrl":"https:\/\/secure.gravatar.com\/avatar\/d707daeb8561bd35e0b9c01b797023daef352b68a03c8c613fe9cf9f178aa597?s=96&d=mm&r=g","caption":"Paloma Ar\u00edn"},"url":"https:\/\/masagrupo.com\/fr\/author\/paloma-arin\/"}]}},"_links":{"self":[{"href":"https:\/\/masagrupo.com\/fr\/wp-json\/wp\/v2\/posts\/10182","targetHints":{"allow":["GET"]}}],"collection":[{"href":"https:\/\/masagrupo.com\/fr\/wp-json\/wp\/v2\/posts"}],"about":[{"href":"https:\/\/masagrupo.com\/fr\/wp-json\/wp\/v2\/types\/post"}],"author":[{"embeddable":true,"href":"https:\/\/masagrupo.com\/fr\/wp-json\/wp\/v2\/users\/2"}],"replies":[{"embeddable":true,"href":"https:\/\/masagrupo.com\/fr\/wp-json\/wp\/v2\/comments?post=10182"}],"version-history":[{"count":24,"href":"https:\/\/masagrupo.com\/fr\/wp-json\/wp\/v2\/posts\/10182\/revisions"}],"predecessor-version":[{"id":11691,"href":"https:\/\/masagrupo.com\/fr\/wp-json\/wp\/v2\/posts\/10182\/revisions\/11691"}],"wp:featuredmedia":[{"embeddable":true,"href":"https:\/\/masagrupo.com\/fr\/wp-json\/wp\/v2\/media\/10198"}],"wp:attachment":[{"href":"https:\/\/masagrupo.com\/fr\/wp-json\/wp\/v2\/media?parent=10182"}],"wp:term":[{"taxonomy":"category","embeddable":true,"href":"https:\/\/masagrupo.com\/fr\/wp-json\/wp\/v2\/categories?post=10182"},{"taxonomy":"post_tag","embeddable":true,"href":"https:\/\/masagrupo.com\/fr\/wp-json\/wp\/v2\/tags?post=10182"}],"curies":[{"name":"wp","href":"https:\/\/api.w.org\/{rel}","templated":true}]}}