{"id":9699,"date":"2024-07-10T12:32:54","date_gmt":"2024-07-10T10:32:54","guid":{"rendered":"http:\/\/masagrupo.com\/?p=9699"},"modified":"2025-11-15T15:29:07","modified_gmt":"2025-11-15T14:29:07","slug":"masa-participates-in-congrega24-the-pan-iberian-congress-on-engineering-asset-management-2","status":"publish","type":"post","link":"https:\/\/masagrupo.com\/en\/masa-participa-en-congrega24-el-congreso-paniberico-sobre-gestion-de-activos-de-ingenieria-2\/","title":{"rendered":"MASA Participates in CongrEGA24, the Pan-Iberian Congress on Engineering Asset Management"},"content":{"rendered":"<div class=\"fusion-fullwidth fullwidth-box fusion-builder-row-1 fusion-flex-container has-pattern-background has-mask-background nonhundred-percent-fullwidth non-hundred-percent-height-scrolling\" style=\"--awb-border-radius-top-left:0px;--awb-border-radius-top-right:0px;--awb-border-radius-bottom-right:0px;--awb-border-radius-bottom-left:0px;--awb-flex-wrap:wrap;\" ><div class=\"fusion-builder-row fusion-row fusion-flex-align-items-flex-start fusion-flex-content-wrap\" style=\"max-width:1248px;margin-left: calc(-4% \/ 2 );margin-right: calc(-4% \/ 2 );\"><div class=\"fusion-layout-column fusion_builder_column fusion-builder-column-0 fusion_builder_column_1_1 1_1 fusion-flex-column\" style=\"--awb-bg-size:cover;--awb-width-large:100%;--awb-margin-top-large:0px;--awb-spacing-right-large:1.92%;--awb-margin-bottom-large:20px;--awb-spacing-left-large:1.92%;--awb-width-medium:100%;--awb-order-medium:0;--awb-spacing-right-medium:1.92%;--awb-spacing-left-medium:1.92%;--awb-width-small:100%;--awb-order-small:0;--awb-spacing-right-small:1.92%;--awb-spacing-left-small:1.92%;\"><div class=\"fusion-column-wrapper fusion-column-has-shadow fusion-flex-justify-content-flex-start fusion-content-layout-column\"><div class=\"fusion-title title fusion-title-1 fusion-sep-none fusion-title-text fusion-title-size-one\" style=\"--awb-font-size:28px;\"><h1 class=\"fusion-title-heading title-heading-left\" style=\"margin:0;font-size:1em;\">This congress is a key meeting point for the pan-Iberian economies, which comprise 700 million people and rely heavily on critical infrastructure such as transport, energy, and communications.<\/h1><\/div><\/div><\/div><div class=\"fusion-layout-column fusion_builder_column fusion-builder-column-1 fusion_builder_column_1_2 1_2 fusion-flex-column\" style=\"--awb-bg-size:cover;--awb-width-large:50%;--awb-margin-top-large:0px;--awb-spacing-right-large:3.84%;--awb-margin-bottom-large:20px;--awb-spacing-left-large:3.84%;--awb-width-medium:50%;--awb-order-medium:0;--awb-spacing-right-medium:3.84%;--awb-spacing-left-medium:3.84%;--awb-width-small:100%;--awb-order-small:0;--awb-spacing-right-small:1.92%;--awb-spacing-left-small:1.92%;\"><div class=\"fusion-column-wrapper fusion-column-has-shadow fusion-flex-justify-content-flex-start fusion-content-layout-column\"><div class=\"fusion-image-element\" style=\"--awb-aspect-ratio:16 \/ 9;--awb-object-position:57% 36%;--awb-caption-title-font-family:var(--h2_typography-font-family);--awb-caption-title-font-weight:var(--h2_typography-font-weight);--awb-caption-title-font-style:var(--h2_typography-font-style);--awb-caption-title-size:var(--h2_typography-font-size);--awb-caption-title-transform:var(--h2_typography-text-transform);--awb-caption-title-line-height:var(--h2_typography-line-height);--awb-caption-title-letter-spacing:var(--h2_typography-letter-spacing);\"><span class=\"fusion-imageframe imageframe-none imageframe-1 hover-type-none has-aspect-ratio\"><img decoding=\"async\" width=\"1600\" height=\"1200\" alt=\"Masa Group at Congrega 24\" title=\"congrega24\" src=\"https:\/\/masagrupo.com\/wp-content\/uploads\/2024\/07\/congrega24.jpg\" class=\"img-responsive wp-image-11735 img-with-aspect-ratio\" data-parent-fit=\"cover\" data-parent-container=\".fusion-image-element\" srcset=\"https:\/\/masagrupo.com\/wp-content\/uploads\/2024\/07\/congrega24-200x150.jpg 200w, https:\/\/masagrupo.com\/wp-content\/uploads\/2024\/07\/congrega24-400x300.jpg 400w, https:\/\/masagrupo.com\/wp-content\/uploads\/2024\/07\/congrega24-600x450.jpg 600w, https:\/\/masagrupo.com\/wp-content\/uploads\/2024\/07\/congrega24-800x600.jpg 800w, https:\/\/masagrupo.com\/wp-content\/uploads\/2024\/07\/congrega24-1200x900.jpg 1200w, https:\/\/masagrupo.com\/wp-content\/uploads\/2024\/07\/congrega24.jpg 1600w\" sizes=\"(max-width: 640px) 100vw, 600px\" \/><\/span><\/div><\/div><\/div><div class=\"fusion-layout-column fusion_builder_column fusion-builder-column-2 fusion_builder_column_1_2 1_2 fusion-flex-column\" style=\"--awb-bg-size:cover;--awb-width-large:50%;--awb-margin-top-large:0px;--awb-spacing-right-large:3.84%;--awb-margin-bottom-large:20px;--awb-spacing-left-large:3.84%;--awb-width-medium:50%;--awb-order-medium:0;--awb-spacing-right-medium:3.84%;--awb-spacing-left-medium:3.84%;--awb-width-small:100%;--awb-order-small:0;--awb-spacing-right-small:1.92%;--awb-spacing-left-small:1.92%;\"><div class=\"fusion-column-wrapper fusion-column-has-shadow fusion-flex-justify-content-flex-start fusion-content-layout-column\"><div class=\"fusion-text fusion-text-1\"><p>In this edition of congrEGA24, MASA participated as a silver sponsor. Jos\u00e9 Luis Bernal, director of technical services at MASA, gave a keynote speech on the importance of the human factor in engineering asset management. In his speech, Bernal underlined how the talent and experience of the staff are crucial to maximise the value of the assets and ensure their optimal operation.<\/p>\n<\/div><\/div><\/div><div class=\"fusion-layout-column fusion_builder_column fusion-builder-column-3 fusion_builder_column_1_2 1_2 fusion-flex-column\" style=\"--awb-bg-size:cover;--awb-width-large:50%;--awb-margin-top-large:0px;--awb-spacing-right-large:3.84%;--awb-margin-bottom-large:20px;--awb-spacing-left-large:3.84%;--awb-width-medium:50%;--awb-order-medium:0;--awb-spacing-right-medium:3.84%;--awb-spacing-left-medium:3.84%;--awb-width-small:100%;--awb-order-small:0;--awb-spacing-right-small:1.92%;--awb-spacing-left-small:1.92%;\"><div class=\"fusion-column-wrapper fusion-column-has-shadow fusion-flex-justify-content-flex-start fusion-content-layout-column\"><div class=\"fusion-text fusion-text-2\"><p>The event, which promotes collaboration between Iberian-speaking countries, focused on the quadruple helix model of innovation, which integrates business, government, universities and civil society to drive technical and scientific development in asset management.<\/p>\n<p>MASA's participation and the contribution of Jos\u00e9 Luis Bernal reflect the company's commitment to innovation and continuous improvement in asset management. Its sponsorship and active participation in the congress underlines its leadership in the sector and its dedication to fostering the sustainable and efficient development of critical infrastructure in pan-Iberian communities.<\/p>\n<p>About <a href=\"https:\/\/www.congrega.eu\/\" target=\"_blank\" rel=\"noopener\">congrEGA<\/a><\/p>\n<p>CongrEGA 2024 aims to push the boundaries of sustainable and digital innovation in Portuguese and Spanish-speaking countries and communities across Europe, the Americas, Africa, Asia and Oceania.<\/p>\n<p>An event that brought together 400 delegates to share experiences and cutting-edge knowledge in research and advanced management applications and digital and deep-tech solutions that enable excellence in engineering asset management.<\/p>\n<p>\u00a0<\/p>\n<\/div><\/div><\/div><div class=\"fusion-layout-column fusion_builder_column fusion-builder-column-4 fusion_builder_column_1_2 1_2 fusion-flex-column\" style=\"--awb-bg-size:cover;--awb-width-large:50%;--awb-margin-top-large:0px;--awb-spacing-right-large:3.84%;--awb-margin-bottom-large:20px;--awb-spacing-left-large:3.84%;--awb-width-medium:50%;--awb-order-medium:0;--awb-spacing-right-medium:3.84%;--awb-spacing-left-medium:3.84%;--awb-width-small:100%;--awb-order-small:0;--awb-spacing-right-small:1.92%;--awb-spacing-left-small:1.92%;\"><div class=\"fusion-column-wrapper fusion-column-has-shadow fusion-flex-justify-content-flex-start fusion-content-layout-column\"><div class=\"fusion-image-element\" style=\"--awb-caption-title-font-family:var(--h2_typography-font-family);--awb-caption-title-font-weight:var(--h2_typography-font-weight);--awb-caption-title-font-style:var(--h2_typography-font-style);--awb-caption-title-size:var(--h2_typography-font-size);--awb-caption-title-transform:var(--h2_typography-text-transform);--awb-caption-title-line-height:var(--h2_typography-line-height);--awb-caption-title-letter-spacing:var(--h2_typography-letter-spacing);\"><span class=\"fusion-imageframe imageframe-none imageframe-2 hover-type-none\"><img decoding=\"async\" width=\"2560\" height=\"1815\" alt=\"Jos\u00e9 Luis Bernal and Lourdes del Castillo Silva at Congrega 24\" src=\"https:\/\/masagrupo.com\/wp-content\/uploads\/2024\/07\/congrega24b.jpg\" class=\"img-responsive wp-image-11733\" srcset=\"https:\/\/masagrupo.com\/wp-content\/uploads\/2024\/07\/congrega24b-200x142.jpg 200w, https:\/\/masagrupo.com\/wp-content\/uploads\/2024\/07\/congrega24b-400x284.jpg 400w, https:\/\/masagrupo.com\/wp-content\/uploads\/2024\/07\/congrega24b-600x425.jpg 600w, https:\/\/masagrupo.com\/wp-content\/uploads\/2024\/07\/congrega24b-800x567.jpg 800w, https:\/\/masagrupo.com\/wp-content\/uploads\/2024\/07\/congrega24b-1200x851.jpg 1200w, https:\/\/masagrupo.com\/wp-content\/uploads\/2024\/07\/congrega24b.jpg 2560w\" sizes=\"(max-width: 640px) 100vw, 600px\" \/><\/span><\/div><div class=\"fusion-text fusion-text-3\" style=\"--awb-font-size:0.7em;\"><p>Jos\u00e9 Luis Bernal, director of technical services at Masa with Lourdes del Castillo Silva from Ingeman.<\/p>\n<\/div><\/div><\/div><\/div><\/div>","protected":false},"excerpt":{"rendered":"<p>This congress is a key meeting point for the pan-Iberian economies, which comprise 700 million people and rely heavily on critical infrastructure such as transport, energy, and communications.<\/p>","protected":false},"author":1,"featured_media":9688,"comment_status":"closed","ping_status":"closed","sticky":false,"template":"","format":"standard","meta":{"footnotes":""},"categories":[1],"tags":[],"class_list":["post-9699","post","type-post","status-publish","format-standard","has-post-thumbnail","hentry","category-digitalizacion-del-mantenimiento"],"yoast_head":"<!-- This site is optimized with the Yoast SEO plugin v27.4 - https:\/\/yoast.com\/product\/yoast-seo-wordpress\/ -->\n<title>MASA Participa en CongrEGA24, el Congreso Panib\u00e9rico sobre Gesti\u00f3n de Activos de Ingenier\u00eda - Grupo Masa<\/title>\n<meta name=\"robots\" content=\"index, follow, max-snippet:-1, max-image-preview:large, max-video-preview:-1\" \/>\n<link rel=\"canonical\" href=\"https:\/\/masagrupo.com\/en\/masa-participates-in-congrega24-the-pan-iberian-congress-on-engineering-asset-management-2\/\" \/>\n<meta property=\"og:locale\" content=\"en_GB\" \/>\n<meta property=\"og:type\" content=\"article\" \/>\n<meta property=\"og:title\" content=\"MASA Participa en CongrEGA24, el Congreso Panib\u00e9rico sobre Gesti\u00f3n de Activos de Ingenier\u00eda - Grupo Masa\" \/>\n<meta property=\"og:description\" content=\"Este congreso es un punto de encuentro clave para las econom\u00edas panib\u00e9ricas, que abarcan 700 millones de personas y dependen en gran medida de infraestructuras cr\u00edticas como transporte, energ\u00eda, y comunicaciones.\" \/>\n<meta property=\"og:url\" content=\"https:\/\/masagrupo.com\/en\/masa-participates-in-congrega24-the-pan-iberian-congress-on-engineering-asset-management-2\/\" \/>\n<meta property=\"og:site_name\" content=\"Grupo Masa\" \/>\n<meta property=\"article:published_time\" content=\"2024-07-10T10:32:54+00:00\" \/>\n<meta property=\"article:modified_time\" content=\"2025-11-15T14:29:07+00:00\" \/>\n<meta property=\"og:image\" content=\"https:\/\/masagrupo.com\/wp-content\/uploads\/2024\/07\/cabecera-2-Captura-de-pantalla-2024-07-08-a-las-20.33.40.jpg\" \/>\n\t<meta property=\"og:image:width\" content=\"1132\" \/>\n\t<meta property=\"og:image:height\" content=\"776\" \/>\n\t<meta property=\"og:image:type\" content=\"image\/jpeg\" \/>\n<meta name=\"author\" content=\"wpusrmasa\" \/>\n<meta name=\"twitter:card\" content=\"summary_large_image\" \/>\n<meta name=\"twitter:label1\" content=\"Written by\" \/>\n\t<meta name=\"twitter:data1\" content=\"wpusrmasa\" \/>\n\t<meta name=\"twitter:label2\" content=\"Est. reading time\" \/>\n\t<meta name=\"twitter:data2\" content=\"2 minutes\" \/>\n<script type=\"application\/ld+json\" class=\"yoast-schema-graph\">{\"@context\":\"https:\\\/\\\/schema.org\",\"@graph\":[{\"@type\":\"Article\",\"@id\":\"https:\\\/\\\/masagrupo.com\\\/masa-participa-en-congrega24-el-congreso-paniberico-sobre-gestion-de-activos-de-ingenieria-2\\\/#article\",\"isPartOf\":{\"@id\":\"https:\\\/\\\/masagrupo.com\\\/masa-participa-en-congrega24-el-congreso-paniberico-sobre-gestion-de-activos-de-ingenieria-2\\\/\"},\"author\":{\"name\":\"wpusrmasa\",\"@id\":\"https:\\\/\\\/masagrupo.com\\\/#\\\/schema\\\/person\\\/ad509334dfed7f3add3a1c0c841a79b1\"},\"headline\":\"MASA Participa en CongrEGA24, el Congreso Panib\u00e9rico sobre Gesti\u00f3n de Activos de Ingenier\u00eda\",\"datePublished\":\"2024-07-10T10:32:54+00:00\",\"dateModified\":\"2025-11-15T14:29:07+00:00\",\"mainEntityOfPage\":{\"@id\":\"https:\\\/\\\/masagrupo.com\\\/masa-participa-en-congrega24-el-congreso-paniberico-sobre-gestion-de-activos-de-ingenieria-2\\\/\"},\"wordCount\":2347,\"image\":{\"@id\":\"https:\\\/\\\/masagrupo.com\\\/masa-participa-en-congrega24-el-congreso-paniberico-sobre-gestion-de-activos-de-ingenieria-2\\\/#primaryimage\"},\"thumbnailUrl\":\"https:\\\/\\\/masagrupo.com\\\/wp-content\\\/uploads\\\/2024\\\/07\\\/cabecera-2-Captura-de-pantalla-2024-07-08-a-las-20.33.40.jpg\",\"articleSection\":[\"Digitalizaci\u00f3n del Mantenimiento\"],\"inLanguage\":\"en-GB\"},{\"@type\":\"WebPage\",\"@id\":\"https:\\\/\\\/masagrupo.com\\\/masa-participa-en-congrega24-el-congreso-paniberico-sobre-gestion-de-activos-de-ingenieria-2\\\/\",\"url\":\"https:\\\/\\\/masagrupo.com\\\/masa-participa-en-congrega24-el-congreso-paniberico-sobre-gestion-de-activos-de-ingenieria-2\\\/\",\"name\":\"MASA Participa en CongrEGA24, el Congreso Panib\u00e9rico sobre Gesti\u00f3n de Activos de Ingenier\u00eda - Grupo Masa\",\"isPartOf\":{\"@id\":\"https:\\\/\\\/masagrupo.com\\\/#website\"},\"primaryImageOfPage\":{\"@id\":\"https:\\\/\\\/masagrupo.com\\\/masa-participa-en-congrega24-el-congreso-paniberico-sobre-gestion-de-activos-de-ingenieria-2\\\/#primaryimage\"},\"image\":{\"@id\":\"https:\\\/\\\/masagrupo.com\\\/masa-participa-en-congrega24-el-congreso-paniberico-sobre-gestion-de-activos-de-ingenieria-2\\\/#primaryimage\"},\"thumbnailUrl\":\"https:\\\/\\\/masagrupo.com\\\/wp-content\\\/uploads\\\/2024\\\/07\\\/cabecera-2-Captura-de-pantalla-2024-07-08-a-las-20.33.40.jpg\",\"datePublished\":\"2024-07-10T10:32:54+00:00\",\"dateModified\":\"2025-11-15T14:29:07+00:00\",\"author\":{\"@id\":\"https:\\\/\\\/masagrupo.com\\\/#\\\/schema\\\/person\\\/ad509334dfed7f3add3a1c0c841a79b1\"},\"breadcrumb\":{\"@id\":\"https:\\\/\\\/masagrupo.com\\\/masa-participa-en-congrega24-el-congreso-paniberico-sobre-gestion-de-activos-de-ingenieria-2\\\/#breadcrumb\"},\"inLanguage\":\"en-GB\",\"potentialAction\":[{\"@type\":\"ReadAction\",\"target\":[\"https:\\\/\\\/masagrupo.com\\\/masa-participa-en-congrega24-el-congreso-paniberico-sobre-gestion-de-activos-de-ingenieria-2\\\/\"]}]},{\"@type\":\"ImageObject\",\"inLanguage\":\"en-GB\",\"@id\":\"https:\\\/\\\/masagrupo.com\\\/masa-participa-en-congrega24-el-congreso-paniberico-sobre-gestion-de-activos-de-ingenieria-2\\\/#primaryimage\",\"url\":\"https:\\\/\\\/masagrupo.com\\\/wp-content\\\/uploads\\\/2024\\\/07\\\/cabecera-2-Captura-de-pantalla-2024-07-08-a-las-20.33.40.jpg\",\"contentUrl\":\"https:\\\/\\\/masagrupo.com\\\/wp-content\\\/uploads\\\/2024\\\/07\\\/cabecera-2-Captura-de-pantalla-2024-07-08-a-las-20.33.40.jpg\",\"width\":1132,\"height\":776},{\"@type\":\"BreadcrumbList\",\"@id\":\"https:\\\/\\\/masagrupo.com\\\/masa-participa-en-congrega24-el-congreso-paniberico-sobre-gestion-de-activos-de-ingenieria-2\\\/#breadcrumb\",\"itemListElement\":[{\"@type\":\"ListItem\",\"position\":1,\"name\":\"Portada\",\"item\":\"https:\\\/\\\/masagrupo.com\\\/\"},{\"@type\":\"ListItem\",\"position\":2,\"name\":\"MASA Participa en CongrEGA24, el Congreso Panib\u00e9rico sobre Gesti\u00f3n de Activos de Ingenier\u00eda\"}]},{\"@type\":\"WebSite\",\"@id\":\"https:\\\/\\\/masagrupo.com\\\/#website\",\"url\":\"https:\\\/\\\/masagrupo.com\\\/\",\"name\":\"Grupo Masa\",\"description\":\"MASA es una empresa del Grupo ACS\",\"potentialAction\":[{\"@type\":\"SearchAction\",\"target\":{\"@type\":\"EntryPoint\",\"urlTemplate\":\"https:\\\/\\\/masagrupo.com\\\/?s={search_term_string}\"},\"query-input\":{\"@type\":\"PropertyValueSpecification\",\"valueRequired\":true,\"valueName\":\"search_term_string\"}}],\"inLanguage\":\"en-GB\"},{\"@type\":\"Person\",\"@id\":\"https:\\\/\\\/masagrupo.com\\\/#\\\/schema\\\/person\\\/ad509334dfed7f3add3a1c0c841a79b1\",\"name\":\"wpusrmasa\",\"image\":{\"@type\":\"ImageObject\",\"inLanguage\":\"en-GB\",\"@id\":\"https:\\\/\\\/secure.gravatar.com\\\/avatar\\\/c74af4ac740e51611af247b790751ef972aef0b67a5a92b3e82ca6e38dfa0e85?s=96&d=mm&r=g\",\"url\":\"https:\\\/\\\/secure.gravatar.com\\\/avatar\\\/c74af4ac740e51611af247b790751ef972aef0b67a5a92b3e82ca6e38dfa0e85?s=96&d=mm&r=g\",\"contentUrl\":\"https:\\\/\\\/secure.gravatar.com\\\/avatar\\\/c74af4ac740e51611af247b790751ef972aef0b67a5a92b3e82ca6e38dfa0e85?s=96&d=mm&r=g\",\"caption\":\"wpusrmasa\"},\"url\":\"https:\\\/\\\/masagrupo.com\\\/en\\\/author\\\/wpusrmasa\\\/\"}]}<\/script>\n<!-- \/ Yoast SEO plugin. -->","yoast_head_json":{"title":"MASA Participates in CongrEGA24, the Pan-Iberian Congress on Engineering Asset Management - Grupo Masa","robots":{"index":"index","follow":"follow","max-snippet":"max-snippet:-1","max-image-preview":"max-image-preview:large","max-video-preview":"max-video-preview:-1"},"canonical":"https:\/\/masagrupo.com\/en\/masa-participates-in-congrega24-the-pan-iberian-congress-on-engineering-asset-management-2\/","og_locale":"en_GB","og_type":"article","og_title":"MASA Participa en CongrEGA24, el Congreso Panib\u00e9rico sobre Gesti\u00f3n de Activos de Ingenier\u00eda - Grupo Masa","og_description":"Este congreso es un punto de encuentro clave para las econom\u00edas panib\u00e9ricas, que abarcan 700 millones de personas y dependen en gran medida de infraestructuras cr\u00edticas como transporte, energ\u00eda, y comunicaciones.","og_url":"https:\/\/masagrupo.com\/en\/masa-participates-in-congrega24-the-pan-iberian-congress-on-engineering-asset-management-2\/","og_site_name":"Grupo Masa","article_published_time":"2024-07-10T10:32:54+00:00","article_modified_time":"2025-11-15T14:29:07+00:00","og_image":[{"width":1132,"height":776,"url":"https:\/\/masagrupo.com\/wp-content\/uploads\/2024\/07\/cabecera-2-Captura-de-pantalla-2024-07-08-a-las-20.33.40.jpg","type":"image\/jpeg"}],"author":"wpusrmasa","twitter_card":"summary_large_image","twitter_misc":{"Written by":"wpusrmasa","Est. reading time":"2 minutes"},"schema":{"@context":"https:\/\/schema.org","@graph":[{"@type":"Article","@id":"https:\/\/masagrupo.com\/masa-participa-en-congrega24-el-congreso-paniberico-sobre-gestion-de-activos-de-ingenieria-2\/#article","isPartOf":{"@id":"https:\/\/masagrupo.com\/masa-participa-en-congrega24-el-congreso-paniberico-sobre-gestion-de-activos-de-ingenieria-2\/"},"author":{"name":"wpusrmasa","@id":"https:\/\/masagrupo.com\/#\/schema\/person\/ad509334dfed7f3add3a1c0c841a79b1"},"headline":"MASA Participa en CongrEGA24, el Congreso Panib\u00e9rico sobre Gesti\u00f3n de Activos de Ingenier\u00eda","datePublished":"2024-07-10T10:32:54+00:00","dateModified":"2025-11-15T14:29:07+00:00","mainEntityOfPage":{"@id":"https:\/\/masagrupo.com\/masa-participa-en-congrega24-el-congreso-paniberico-sobre-gestion-de-activos-de-ingenieria-2\/"},"wordCount":2347,"image":{"@id":"https:\/\/masagrupo.com\/masa-participa-en-congrega24-el-congreso-paniberico-sobre-gestion-de-activos-de-ingenieria-2\/#primaryimage"},"thumbnailUrl":"https:\/\/masagrupo.com\/wp-content\/uploads\/2024\/07\/cabecera-2-Captura-de-pantalla-2024-07-08-a-las-20.33.40.jpg","articleSection":["Digitalizaci\u00f3n del Mantenimiento"],"inLanguage":"en-GB"},{"@type":"WebPage","@id":"https:\/\/masagrupo.com\/masa-participa-en-congrega24-el-congreso-paniberico-sobre-gestion-de-activos-de-ingenieria-2\/","url":"https:\/\/masagrupo.com\/masa-participa-en-congrega24-el-congreso-paniberico-sobre-gestion-de-activos-de-ingenieria-2\/","name":"MASA Participates in CongrEGA24, the Pan-Iberian Congress on Engineering Asset Management - Grupo Masa","isPartOf":{"@id":"https:\/\/masagrupo.com\/#website"},"primaryImageOfPage":{"@id":"https:\/\/masagrupo.com\/masa-participa-en-congrega24-el-congreso-paniberico-sobre-gestion-de-activos-de-ingenieria-2\/#primaryimage"},"image":{"@id":"https:\/\/masagrupo.com\/masa-participa-en-congrega24-el-congreso-paniberico-sobre-gestion-de-activos-de-ingenieria-2\/#primaryimage"},"thumbnailUrl":"https:\/\/masagrupo.com\/wp-content\/uploads\/2024\/07\/cabecera-2-Captura-de-pantalla-2024-07-08-a-las-20.33.40.jpg","datePublished":"2024-07-10T10:32:54+00:00","dateModified":"2025-11-15T14:29:07+00:00","author":{"@id":"https:\/\/masagrupo.com\/#\/schema\/person\/ad509334dfed7f3add3a1c0c841a79b1"},"breadcrumb":{"@id":"https:\/\/masagrupo.com\/masa-participa-en-congrega24-el-congreso-paniberico-sobre-gestion-de-activos-de-ingenieria-2\/#breadcrumb"},"inLanguage":"en-GB","potentialAction":[{"@type":"ReadAction","target":["https:\/\/masagrupo.com\/masa-participa-en-congrega24-el-congreso-paniberico-sobre-gestion-de-activos-de-ingenieria-2\/"]}]},{"@type":"ImageObject","inLanguage":"en-GB","@id":"https:\/\/masagrupo.com\/masa-participa-en-congrega24-el-congreso-paniberico-sobre-gestion-de-activos-de-ingenieria-2\/#primaryimage","url":"https:\/\/masagrupo.com\/wp-content\/uploads\/2024\/07\/cabecera-2-Captura-de-pantalla-2024-07-08-a-las-20.33.40.jpg","contentUrl":"https:\/\/masagrupo.com\/wp-content\/uploads\/2024\/07\/cabecera-2-Captura-de-pantalla-2024-07-08-a-las-20.33.40.jpg","width":1132,"height":776},{"@type":"BreadcrumbList","@id":"https:\/\/masagrupo.com\/masa-participa-en-congrega24-el-congreso-paniberico-sobre-gestion-de-activos-de-ingenieria-2\/#breadcrumb","itemListElement":[{"@type":"ListItem","position":1,"name":"Portada","item":"https:\/\/masagrupo.com\/"},{"@type":"ListItem","position":2,"name":"MASA Participa en CongrEGA24, el Congreso Panib\u00e9rico sobre Gesti\u00f3n de Activos de Ingenier\u00eda"}]},{"@type":"WebSite","@id":"https:\/\/masagrupo.com\/#website","url":"https:\/\/masagrupo.com\/","name":"Masa Group","description":"MASA is an ACS Group company","potentialAction":[{"@type":"SearchAction","target":{"@type":"EntryPoint","urlTemplate":"https:\/\/masagrupo.com\/?s={search_term_string}"},"query-input":{"@type":"PropertyValueSpecification","valueRequired":true,"valueName":"search_term_string"}}],"inLanguage":"en-GB"},{"@type":"Person","@id":"https:\/\/masagrupo.com\/#\/schema\/person\/ad509334dfed7f3add3a1c0c841a79b1","name":"wpusrmasa","image":{"@type":"ImageObject","inLanguage":"en-GB","@id":"https:\/\/secure.gravatar.com\/avatar\/c74af4ac740e51611af247b790751ef972aef0b67a5a92b3e82ca6e38dfa0e85?s=96&d=mm&r=g","url":"https:\/\/secure.gravatar.com\/avatar\/c74af4ac740e51611af247b790751ef972aef0b67a5a92b3e82ca6e38dfa0e85?s=96&d=mm&r=g","contentUrl":"https:\/\/secure.gravatar.com\/avatar\/c74af4ac740e51611af247b790751ef972aef0b67a5a92b3e82ca6e38dfa0e85?s=96&d=mm&r=g","caption":"wpusrmasa"},"url":"https:\/\/masagrupo.com\/en\/author\/wpusrmasa\/"}]}},"_links":{"self":[{"href":"https:\/\/masagrupo.com\/en\/wp-json\/wp\/v2\/posts\/9699","targetHints":{"allow":["GET"]}}],"collection":[{"href":"https:\/\/masagrupo.com\/en\/wp-json\/wp\/v2\/posts"}],"about":[{"href":"https:\/\/masagrupo.com\/en\/wp-json\/wp\/v2\/types\/post"}],"author":[{"embeddable":true,"href":"https:\/\/masagrupo.com\/en\/wp-json\/wp\/v2\/users\/1"}],"replies":[{"embeddable":true,"href":"https:\/\/masagrupo.com\/en\/wp-json\/wp\/v2\/comments?post=9699"}],"version-history":[{"count":10,"href":"https:\/\/masagrupo.com\/en\/wp-json\/wp\/v2\/posts\/9699\/revisions"}],"predecessor-version":[{"id":11737,"href":"https:\/\/masagrupo.com\/en\/wp-json\/wp\/v2\/posts\/9699\/revisions\/11737"}],"wp:featuredmedia":[{"embeddable":true,"href":"https:\/\/masagrupo.com\/en\/wp-json\/wp\/v2\/media\/9688"}],"wp:attachment":[{"href":"https:\/\/masagrupo.com\/en\/wp-json\/wp\/v2\/media?parent=9699"}],"wp:term":[{"taxonomy":"category","embeddable":true,"href":"https:\/\/masagrupo.com\/en\/wp-json\/wp\/v2\/categories?post=9699"},{"taxonomy":"post_tag","embeddable":true,"href":"https:\/\/masagrupo.com\/en\/wp-json\/wp\/v2\/tags?post=9699"}],"curies":[{"name":"wp","href":"https:\/\/api.w.org\/{rel}","templated":true}]}}