{"id":8921,"date":"2023-05-04T11:34:00","date_gmt":"2023-05-04T09:34:00","guid":{"rendered":"http:\/\/masagrupo.com\/?p=8921"},"modified":"2025-11-15T21:36:43","modified_gmt":"2025-11-15T20:36:43","slug":"aminer-adds-masa-as-a-new-partner-company","status":"publish","type":"post","link":"https:\/\/masagrupo.com\/en\/aminer-suma-a-masa-como-nueva-empresa-asociada\/","title":{"rendered":"AMINER adds MASA as a new partner company"},"content":{"rendered":"<p><div class=\"fusion-fullwidth fullwidth-box fusion-builder-row-1 fusion-flex-container has-pattern-background has-mask-background nonhundred-percent-fullwidth non-hundred-percent-height-scrolling\" style=\"--awb-border-radius-top-left:0px;--awb-border-radius-top-right:0px;--awb-border-radius-bottom-right:0px;--awb-border-radius-bottom-left:0px;--awb-flex-wrap:wrap;\" ><div class=\"fusion-builder-row fusion-row fusion-flex-align-items-flex-start fusion-flex-content-wrap\" style=\"max-width:1248px;margin-left: calc(-4% \/ 2 );margin-right: calc(-4% \/ 2 );\"><div class=\"fusion-layout-column fusion_builder_column fusion-builder-column-0 fusion_builder_column_3_5 3_5 fusion-flex-column\" style=\"--awb-bg-size:cover;--awb-width-large:60%;--awb-margin-top-large:0px;--awb-spacing-right-large:3.2%;--awb-margin-bottom-large:20px;--awb-spacing-left-large:3.2%;--awb-width-medium:60%;--awb-order-medium:0;--awb-spacing-right-medium:3.2%;--awb-spacing-left-medium:3.2%;--awb-width-small:100%;--awb-order-small:0;--awb-spacing-right-small:1.92%;--awb-spacing-left-small:1.92%;\"><div class=\"fusion-column-wrapper fusion-column-has-shadow fusion-flex-justify-content-flex-start fusion-content-layout-column\"><div class=\"fusion-text fusion-text-1\"><p>MASA is aware of the importance of mineral raw materials for a sustainable energy future, which is why the company joins AMINER, contributing its experience of more than 40 years in the industrial field.<\/p>\n<p>Founded in 1976 as a company specialising in industrial maintenance, we have remained faithful to our origins while expanding our range of services in order to be able to contribute more adequately to the development of our customers.<\/p>\n<p>Our objective is to maintain a continuous technical and organisational evolution that guarantees management in a context of economic and geographical growth, that provides the security of a good service to our clients, adequate returns to our shareholders and professional security and prestige to our employees.<\/p>\n<p>We are currently immersed in an intense process of business evolution, business improvement and strategic growth. In this sense, Masa is clear about its strategy in its commitment to key sectors for the energy transition, which is why it is doing so in the mining sector at national level.<\/p>\n<\/div><\/div><\/div><div class=\"fusion-layout-column fusion_builder_column fusion-builder-column-1 fusion_builder_column_2_5 2_5 fusion-flex-column\" style=\"--awb-bg-size:cover;--awb-width-large:40%;--awb-margin-top-large:0px;--awb-spacing-right-large:4.8%;--awb-margin-bottom-large:20px;--awb-spacing-left-large:4.8%;--awb-width-medium:40%;--awb-order-medium:0;--awb-spacing-right-medium:4.8%;--awb-spacing-left-medium:4.8%;--awb-width-small:100%;--awb-order-small:0;--awb-spacing-right-small:1.92%;--awb-spacing-left-small:1.92%;\"><div class=\"fusion-column-wrapper fusion-column-has-shadow fusion-flex-justify-content-flex-start fusion-content-layout-column\"><div class=\"fusion-image-element\" style=\"--awb-caption-title-font-family:var(--h2_typography-font-family);--awb-caption-title-font-weight:var(--h2_typography-font-weight);--awb-caption-title-font-style:var(--h2_typography-font-style);--awb-caption-title-size:var(--h2_typography-font-size);--awb-caption-title-transform:var(--h2_typography-text-transform);--awb-caption-title-line-height:var(--h2_typography-line-height);--awb-caption-title-letter-spacing:var(--h2_typography-letter-spacing);\"><span class=\"fusion-imageframe imageframe-none imageframe-1 hover-type-none\"><img decoding=\"async\" width=\"1000\" height=\"999\" alt=\"Night refinery\" src=\"https:\/\/masagrupo.com\/wp-content\/uploads\/2023\/05\/aminer1.jpg\" class=\"img-responsive wp-image-11795\" srcset=\"https:\/\/masagrupo.com\/wp-content\/uploads\/2023\/05\/aminer1-200x200.jpg 200w, https:\/\/masagrupo.com\/wp-content\/uploads\/2023\/05\/aminer1-400x400.jpg 400w, https:\/\/masagrupo.com\/wp-content\/uploads\/2023\/05\/aminer1-600x599.jpg 600w, https:\/\/masagrupo.com\/wp-content\/uploads\/2023\/05\/aminer1-800x799.jpg 800w, https:\/\/masagrupo.com\/wp-content\/uploads\/2023\/05\/aminer1.jpg 1000w\" sizes=\"(max-width: 640px) 100vw, 600px\" \/><\/span><\/div><\/div><\/div><\/div><\/div><div class=\"fusion-fullwidth fullwidth-box fusion-builder-row-2 fusion-flex-container has-pattern-background has-mask-background nonhundred-percent-fullwidth non-hundred-percent-height-scrolling\" style=\"--awb-border-radius-top-left:0px;--awb-border-radius-top-right:0px;--awb-border-radius-bottom-right:0px;--awb-border-radius-bottom-left:0px;--awb-flex-wrap:wrap;\" ><div class=\"fusion-builder-row fusion-row fusion-flex-align-items-flex-start fusion-flex-content-wrap\" style=\"max-width:1248px;margin-left: calc(-4% \/ 2 );margin-right: calc(-4% \/ 2 );\"><div class=\"fusion-layout-column fusion_builder_column fusion-builder-column-2 fusion_builder_column_1_1 1_1 fusion-flex-column\" style=\"--awb-bg-size:cover;--awb-width-large:100%;--awb-margin-top-large:0px;--awb-spacing-right-large:1.92%;--awb-margin-bottom-large:20px;--awb-spacing-left-large:1.92%;--awb-width-medium:100%;--awb-order-medium:0;--awb-spacing-right-medium:1.92%;--awb-spacing-left-medium:1.92%;--awb-width-small:100%;--awb-order-small:0;--awb-spacing-right-small:1.92%;--awb-spacing-left-small:1.92%;\"><div class=\"fusion-column-wrapper fusion-column-has-shadow fusion-flex-justify-content-flex-start fusion-content-layout-column\"><div class=\"fusion-text fusion-text-2\"><p>Access to mineral raw materials has become a \u201cstrategic weapon\u201d in order to meet the objectives of the 2030 agenda for a sustainable energy future. The energy transition is now a reality that has enabled the emergence of new agents of change.<\/p>\n<p>The supply of mineral energy raw materials is essential for the essential energy industries, for the energy transition. MASA spares no effort to invest in a sector that is seen as necessary, profitable and safe to achieve this long-awaited energy transition. Good practices and responsible mining are key factors in achieving the 2030 Agenda for Sustainable Development, a challenge that MASA assumes and defends, which is why the Association of Research, Extraction, Mining-Metallurgical, Auxiliary and Service Companies, AMINER, has wished to incorporate Mantenimiento y Montajes Industriales, S.A. (MASA) as a new associated company.<\/p>\n<p>Here is a link to the news published by AMINER:<\/p>\n<p><a href=\"https:\/\/www.aminer.es\/noticias\/aminer-suma-a-masa-como-nueva-empresa-asociada\/\" target=\"_blank\" rel=\"noopener\">https:\/\/www.aminer.es\/noticias\/aminer-suma-a-masa-como-nueva-empresa-asociada\/<\/a><\/p>\n<p><a href=\"https:\/\/www.aminer.es\/organization\/85\/\" target=\"_blank\" rel=\"noopener\">https:\/\/www.aminer.es\/organization\/85\/<\/a><\/p>\n<\/div><div class=\"fusion-image-element\" style=\"--awb-caption-title-font-family:var(--h2_typography-font-family);--awb-caption-title-font-weight:var(--h2_typography-font-weight);--awb-caption-title-font-style:var(--h2_typography-font-style);--awb-caption-title-size:var(--h2_typography-font-size);--awb-caption-title-transform:var(--h2_typography-text-transform);--awb-caption-title-line-height:var(--h2_typography-line-height);--awb-caption-title-letter-spacing:var(--h2_typography-letter-spacing);\"><span class=\"fusion-imageframe imageframe-none imageframe-2 hover-type-none\"><img decoding=\"async\" width=\"2560\" height=\"1920\" title=\"aminer2\" src=\"https:\/\/masagrupo.com\/wp-content\/uploads\/2023\/05\/aminer2.jpg\" alt class=\"img-responsive wp-image-11796\" srcset=\"https:\/\/masagrupo.com\/wp-content\/uploads\/2023\/05\/aminer2-200x150.jpg 200w, https:\/\/masagrupo.com\/wp-content\/uploads\/2023\/05\/aminer2-400x300.jpg 400w, https:\/\/masagrupo.com\/wp-content\/uploads\/2023\/05\/aminer2-600x450.jpg 600w, https:\/\/masagrupo.com\/wp-content\/uploads\/2023\/05\/aminer2-800x600.jpg 800w, https:\/\/masagrupo.com\/wp-content\/uploads\/2023\/05\/aminer2-1200x900.jpg 1200w, https:\/\/masagrupo.com\/wp-content\/uploads\/2023\/05\/aminer2.jpg 2560w\" sizes=\"(max-width: 640px) 100vw, 1200px\" \/><\/span><\/div><div class=\"fusion-text fusion-text-3\"><p><strong>About AMINER<\/strong><\/p>\n<p>The Association of Mining and Metallurgical Research, Extraction, Transformation and Service Companies, AMINER, is currently made up of 57 members representing most of the entities related to metallic mining in Andalusia: Abraservice, Agbar, Aggreko, AGQ Mining &amp; Bioenergy, ALS, Alto Minerals Denarius, Atalaya Mining, Atlantic Copper, Ayesa, Ayma Mining Solutions, Calgovsa, Cauchos San Diego S.L., Cobre Las Cruces, Codisevand, Colegio Oficial de Ingenieros Mineros del Sur, Cubicoff, Duro Felguera, Ecot\u00fanel, Elett\u00f3n, ERM, Exploraciones Mineras And\u00e9meras, Exploraciones Mineras And\u00e9meras, Ayesa, Ayma Mining Solutions, Calgovsa, Cauchos San Diego S.L., Cobre Las Cruces, Codisevand, Colegio Oficial de Ingenieros de Minas del Sur, Cubicoff, Duro Felguera, Ecot\u00fanel, Elett\u00f3n, ERM, Exploraciones Mineras del And\u00e9valo, Finanzauto, FLSmidth, Fundaci\u00f3n R\u00edo Tinto, Green Soil Solutions, Grupo Marco, IDOM, Ilustre Colegio Oficial de Ge\u00f3logos de Andaluc\u00eda (ICOGA), Inerco, Insersa, IPH, Iturri, Kandelium, Los Frailes, Lurpelan, MASA, Maxam, Mecwide, Metso Outotec, Minas de Alquife, Minas de Esta\u00f1o, Minesur, Movitex, Nordic Guarantee, Pan Global Resources, Paterson &amp; Cooke, Sandfire Matsa, Sandvik, San Mart\u00edn Contratistas, Savilcon Group, SEMA (Servicios Mineros de Andaluc\u00eda), Subterra Ingenier\u00eda, Tharsis Mining, Torsa, Urva Fluidos Industriales, Veintimilla and Xcalibur Multiphysics.<\/p>\n<\/div><\/div><\/div><\/div><\/div><\/p>","protected":false},"excerpt":{"rendered":"<p>It is already part of the club of the 57, betting on key sectors for the energy transition and, in particular, mining.<\/p>","protected":false},"author":2,"featured_media":8913,"comment_status":"closed","ping_status":"closed","sticky":false,"template":"","format":"standard","meta":{"footnotes":""},"categories":[1],"tags":[],"class_list":["post-8921","post","type-post","status-publish","format-standard","has-post-thumbnail","hentry","category-digitalizacion-del-mantenimiento"],"yoast_head":"<!-- This site is optimized with the Yoast SEO plugin v27.4 - https:\/\/yoast.com\/product\/yoast-seo-wordpress\/ -->\n<title>AMINER suma a MASA como nueva empresa asociada - Grupo Masa<\/title>\n<meta name=\"description\" content=\"Ya forma parte del club de los 57, apostando por sectores claves para la transici\u00f3n energ\u00e9tica y, en particular, de la miner\u00eda\" \/>\n<meta name=\"robots\" content=\"index, follow, max-snippet:-1, max-image-preview:large, max-video-preview:-1\" \/>\n<link rel=\"canonical\" href=\"https:\/\/masagrupo.com\/en\/aminer-adds-masa-as-a-new-partner-company\/\" \/>\n<meta property=\"og:locale\" content=\"en_GB\" \/>\n<meta property=\"og:type\" content=\"article\" \/>\n<meta property=\"og:title\" content=\"AMINER suma a MASA como nueva empresa asociada - Grupo Masa\" \/>\n<meta property=\"og:description\" content=\"Ya forma parte del club de los 57, apostando por sectores claves para la transici\u00f3n energ\u00e9tica y, en particular, de la miner\u00eda\" \/>\n<meta property=\"og:url\" content=\"https:\/\/masagrupo.com\/en\/aminer-adds-masa-as-a-new-partner-company\/\" \/>\n<meta property=\"og:site_name\" content=\"Grupo Masa\" \/>\n<meta property=\"article:published_time\" content=\"2023-05-04T09:34:00+00:00\" \/>\n<meta property=\"article:modified_time\" content=\"2025-11-15T20:36:43+00:00\" \/>\n<meta property=\"og:image\" content=\"https:\/\/masagrupo.com\/wp-content\/uploads\/2023\/04\/cabecera-AMINER-e1682674207247.jpg\" \/>\n\t<meta property=\"og:image:width\" content=\"1300\" \/>\n\t<meta property=\"og:image:height\" content=\"780\" \/>\n\t<meta property=\"og:image:type\" content=\"image\/jpeg\" \/>\n<meta name=\"author\" content=\"Paloma Ar\u00edn\" \/>\n<meta name=\"twitter:card\" content=\"summary_large_image\" \/>\n<meta name=\"twitter:label1\" content=\"Written by\" \/>\n\t<meta name=\"twitter:data1\" content=\"Paloma Ar\u00edn\" \/>\n\t<meta name=\"twitter:label2\" content=\"Est. reading time\" \/>\n\t<meta name=\"twitter:data2\" content=\"3 minutes\" \/>\n<script type=\"application\/ld+json\" class=\"yoast-schema-graph\">{\"@context\":\"https:\\\/\\\/schema.org\",\"@graph\":[{\"@type\":\"Article\",\"@id\":\"https:\\\/\\\/masagrupo.com\\\/aminer-suma-a-masa-como-nueva-empresa-asociada\\\/#article\",\"isPartOf\":{\"@id\":\"https:\\\/\\\/masagrupo.com\\\/aminer-suma-a-masa-como-nueva-empresa-asociada\\\/\"},\"author\":{\"name\":\"Paloma Ar\u00edn\",\"@id\":\"https:\\\/\\\/masagrupo.com\\\/#\\\/schema\\\/person\\\/7067a848d602fff19af4f2172917fae3\"},\"headline\":\"AMINER suma a MASA como nueva empresa asociada\",\"datePublished\":\"2023-05-04T09:34:00+00:00\",\"dateModified\":\"2025-11-15T20:36:43+00:00\",\"mainEntityOfPage\":{\"@id\":\"https:\\\/\\\/masagrupo.com\\\/aminer-suma-a-masa-como-nueva-empresa-asociada\\\/\"},\"wordCount\":3799,\"image\":{\"@id\":\"https:\\\/\\\/masagrupo.com\\\/aminer-suma-a-masa-como-nueva-empresa-asociada\\\/#primaryimage\"},\"thumbnailUrl\":\"https:\\\/\\\/masagrupo.com\\\/wp-content\\\/uploads\\\/2023\\\/04\\\/cabecera-AMINER-e1682674207247.jpg\",\"articleSection\":[\"Digitalizaci\u00f3n del Mantenimiento\"],\"inLanguage\":\"en-GB\"},{\"@type\":\"WebPage\",\"@id\":\"https:\\\/\\\/masagrupo.com\\\/aminer-suma-a-masa-como-nueva-empresa-asociada\\\/\",\"url\":\"https:\\\/\\\/masagrupo.com\\\/aminer-suma-a-masa-como-nueva-empresa-asociada\\\/\",\"name\":\"AMINER suma a MASA como nueva empresa asociada - Grupo Masa\",\"isPartOf\":{\"@id\":\"https:\\\/\\\/masagrupo.com\\\/#website\"},\"primaryImageOfPage\":{\"@id\":\"https:\\\/\\\/masagrupo.com\\\/aminer-suma-a-masa-como-nueva-empresa-asociada\\\/#primaryimage\"},\"image\":{\"@id\":\"https:\\\/\\\/masagrupo.com\\\/aminer-suma-a-masa-como-nueva-empresa-asociada\\\/#primaryimage\"},\"thumbnailUrl\":\"https:\\\/\\\/masagrupo.com\\\/wp-content\\\/uploads\\\/2023\\\/04\\\/cabecera-AMINER-e1682674207247.jpg\",\"datePublished\":\"2023-05-04T09:34:00+00:00\",\"dateModified\":\"2025-11-15T20:36:43+00:00\",\"author\":{\"@id\":\"https:\\\/\\\/masagrupo.com\\\/#\\\/schema\\\/person\\\/7067a848d602fff19af4f2172917fae3\"},\"description\":\"Ya forma parte del club de los 57, apostando por sectores claves para la transici\u00f3n energ\u00e9tica y, en particular, de la miner\u00eda\",\"breadcrumb\":{\"@id\":\"https:\\\/\\\/masagrupo.com\\\/aminer-suma-a-masa-como-nueva-empresa-asociada\\\/#breadcrumb\"},\"inLanguage\":\"en-GB\",\"potentialAction\":[{\"@type\":\"ReadAction\",\"target\":[\"https:\\\/\\\/masagrupo.com\\\/aminer-suma-a-masa-como-nueva-empresa-asociada\\\/\"]}]},{\"@type\":\"ImageObject\",\"inLanguage\":\"en-GB\",\"@id\":\"https:\\\/\\\/masagrupo.com\\\/aminer-suma-a-masa-como-nueva-empresa-asociada\\\/#primaryimage\",\"url\":\"https:\\\/\\\/masagrupo.com\\\/wp-content\\\/uploads\\\/2023\\\/04\\\/cabecera-AMINER-e1682674207247.jpg\",\"contentUrl\":\"https:\\\/\\\/masagrupo.com\\\/wp-content\\\/uploads\\\/2023\\\/04\\\/cabecera-AMINER-e1682674207247.jpg\",\"width\":1300,\"height\":780,\"caption\":\"AMINER y MASA\"},{\"@type\":\"BreadcrumbList\",\"@id\":\"https:\\\/\\\/masagrupo.com\\\/aminer-suma-a-masa-como-nueva-empresa-asociada\\\/#breadcrumb\",\"itemListElement\":[{\"@type\":\"ListItem\",\"position\":1,\"name\":\"Portada\",\"item\":\"https:\\\/\\\/masagrupo.com\\\/\"},{\"@type\":\"ListItem\",\"position\":2,\"name\":\"AMINER suma a MASA como nueva empresa asociada\"}]},{\"@type\":\"WebSite\",\"@id\":\"https:\\\/\\\/masagrupo.com\\\/#website\",\"url\":\"https:\\\/\\\/masagrupo.com\\\/\",\"name\":\"Grupo Masa\",\"description\":\"MASA es una empresa del Grupo ACS\",\"potentialAction\":[{\"@type\":\"SearchAction\",\"target\":{\"@type\":\"EntryPoint\",\"urlTemplate\":\"https:\\\/\\\/masagrupo.com\\\/?s={search_term_string}\"},\"query-input\":{\"@type\":\"PropertyValueSpecification\",\"valueRequired\":true,\"valueName\":\"search_term_string\"}}],\"inLanguage\":\"en-GB\"},{\"@type\":\"Person\",\"@id\":\"https:\\\/\\\/masagrupo.com\\\/#\\\/schema\\\/person\\\/7067a848d602fff19af4f2172917fae3\",\"name\":\"Paloma Ar\u00edn\",\"image\":{\"@type\":\"ImageObject\",\"inLanguage\":\"en-GB\",\"@id\":\"https:\\\/\\\/secure.gravatar.com\\\/avatar\\\/d707daeb8561bd35e0b9c01b797023daef352b68a03c8c613fe9cf9f178aa597?s=96&d=mm&r=g\",\"url\":\"https:\\\/\\\/secure.gravatar.com\\\/avatar\\\/d707daeb8561bd35e0b9c01b797023daef352b68a03c8c613fe9cf9f178aa597?s=96&d=mm&r=g\",\"contentUrl\":\"https:\\\/\\\/secure.gravatar.com\\\/avatar\\\/d707daeb8561bd35e0b9c01b797023daef352b68a03c8c613fe9cf9f178aa597?s=96&d=mm&r=g\",\"caption\":\"Paloma Ar\u00edn\"},\"url\":\"https:\\\/\\\/masagrupo.com\\\/en\\\/author\\\/paloma-arin\\\/\"}]}<\/script>\n<!-- \/ Yoast SEO plugin. -->","yoast_head_json":{"title":"AMINER adds MASA as a new associate company - Grupo Masa","description":"It is already part of the club of the 57, betting on key sectors for the energy transition and, in particular, mining.","robots":{"index":"index","follow":"follow","max-snippet":"max-snippet:-1","max-image-preview":"max-image-preview:large","max-video-preview":"max-video-preview:-1"},"canonical":"https:\/\/masagrupo.com\/en\/aminer-adds-masa-as-a-new-partner-company\/","og_locale":"en_GB","og_type":"article","og_title":"AMINER suma a MASA como nueva empresa asociada - Grupo Masa","og_description":"Ya forma parte del club de los 57, apostando por sectores claves para la transici\u00f3n energ\u00e9tica y, en particular, de la miner\u00eda","og_url":"https:\/\/masagrupo.com\/en\/aminer-adds-masa-as-a-new-partner-company\/","og_site_name":"Grupo Masa","article_published_time":"2023-05-04T09:34:00+00:00","article_modified_time":"2025-11-15T20:36:43+00:00","og_image":[{"width":1300,"height":780,"url":"https:\/\/masagrupo.com\/wp-content\/uploads\/2023\/04\/cabecera-AMINER-e1682674207247.jpg","type":"image\/jpeg"}],"author":"Paloma Ar\u00edn","twitter_card":"summary_large_image","twitter_misc":{"Written by":"Paloma Ar\u00edn","Est. reading time":"3 minutes"},"schema":{"@context":"https:\/\/schema.org","@graph":[{"@type":"Article","@id":"https:\/\/masagrupo.com\/aminer-suma-a-masa-como-nueva-empresa-asociada\/#article","isPartOf":{"@id":"https:\/\/masagrupo.com\/aminer-suma-a-masa-como-nueva-empresa-asociada\/"},"author":{"name":"Paloma Ar\u00edn","@id":"https:\/\/masagrupo.com\/#\/schema\/person\/7067a848d602fff19af4f2172917fae3"},"headline":"AMINER suma a MASA como nueva empresa asociada","datePublished":"2023-05-04T09:34:00+00:00","dateModified":"2025-11-15T20:36:43+00:00","mainEntityOfPage":{"@id":"https:\/\/masagrupo.com\/aminer-suma-a-masa-como-nueva-empresa-asociada\/"},"wordCount":3799,"image":{"@id":"https:\/\/masagrupo.com\/aminer-suma-a-masa-como-nueva-empresa-asociada\/#primaryimage"},"thumbnailUrl":"https:\/\/masagrupo.com\/wp-content\/uploads\/2023\/04\/cabecera-AMINER-e1682674207247.jpg","articleSection":["Digitalizaci\u00f3n del Mantenimiento"],"inLanguage":"en-GB"},{"@type":"WebPage","@id":"https:\/\/masagrupo.com\/aminer-suma-a-masa-como-nueva-empresa-asociada\/","url":"https:\/\/masagrupo.com\/aminer-suma-a-masa-como-nueva-empresa-asociada\/","name":"AMINER adds MASA as a new associate company - Grupo Masa","isPartOf":{"@id":"https:\/\/masagrupo.com\/#website"},"primaryImageOfPage":{"@id":"https:\/\/masagrupo.com\/aminer-suma-a-masa-como-nueva-empresa-asociada\/#primaryimage"},"image":{"@id":"https:\/\/masagrupo.com\/aminer-suma-a-masa-como-nueva-empresa-asociada\/#primaryimage"},"thumbnailUrl":"https:\/\/masagrupo.com\/wp-content\/uploads\/2023\/04\/cabecera-AMINER-e1682674207247.jpg","datePublished":"2023-05-04T09:34:00+00:00","dateModified":"2025-11-15T20:36:43+00:00","author":{"@id":"https:\/\/masagrupo.com\/#\/schema\/person\/7067a848d602fff19af4f2172917fae3"},"description":"It is already part of the club of the 57, betting on key sectors for the energy transition and, in particular, mining.","breadcrumb":{"@id":"https:\/\/masagrupo.com\/aminer-suma-a-masa-como-nueva-empresa-asociada\/#breadcrumb"},"inLanguage":"en-GB","potentialAction":[{"@type":"ReadAction","target":["https:\/\/masagrupo.com\/aminer-suma-a-masa-como-nueva-empresa-asociada\/"]}]},{"@type":"ImageObject","inLanguage":"en-GB","@id":"https:\/\/masagrupo.com\/aminer-suma-a-masa-como-nueva-empresa-asociada\/#primaryimage","url":"https:\/\/masagrupo.com\/wp-content\/uploads\/2023\/04\/cabecera-AMINER-e1682674207247.jpg","contentUrl":"https:\/\/masagrupo.com\/wp-content\/uploads\/2023\/04\/cabecera-AMINER-e1682674207247.jpg","width":1300,"height":780,"caption":"AMINER y MASA"},{"@type":"BreadcrumbList","@id":"https:\/\/masagrupo.com\/aminer-suma-a-masa-como-nueva-empresa-asociada\/#breadcrumb","itemListElement":[{"@type":"ListItem","position":1,"name":"Portada","item":"https:\/\/masagrupo.com\/"},{"@type":"ListItem","position":2,"name":"AMINER suma a MASA como nueva empresa asociada"}]},{"@type":"WebSite","@id":"https:\/\/masagrupo.com\/#website","url":"https:\/\/masagrupo.com\/","name":"Masa Group","description":"MASA is an ACS Group company","potentialAction":[{"@type":"SearchAction","target":{"@type":"EntryPoint","urlTemplate":"https:\/\/masagrupo.com\/?s={search_term_string}"},"query-input":{"@type":"PropertyValueSpecification","valueRequired":true,"valueName":"search_term_string"}}],"inLanguage":"en-GB"},{"@type":"Person","@id":"https:\/\/masagrupo.com\/#\/schema\/person\/7067a848d602fff19af4f2172917fae3","name":"Paloma Ar\u00edn","image":{"@type":"ImageObject","inLanguage":"en-GB","@id":"https:\/\/secure.gravatar.com\/avatar\/d707daeb8561bd35e0b9c01b797023daef352b68a03c8c613fe9cf9f178aa597?s=96&d=mm&r=g","url":"https:\/\/secure.gravatar.com\/avatar\/d707daeb8561bd35e0b9c01b797023daef352b68a03c8c613fe9cf9f178aa597?s=96&d=mm&r=g","contentUrl":"https:\/\/secure.gravatar.com\/avatar\/d707daeb8561bd35e0b9c01b797023daef352b68a03c8c613fe9cf9f178aa597?s=96&d=mm&r=g","caption":"Paloma Ar\u00edn"},"url":"https:\/\/masagrupo.com\/en\/author\/paloma-arin\/"}]}},"_links":{"self":[{"href":"https:\/\/masagrupo.com\/en\/wp-json\/wp\/v2\/posts\/8921","targetHints":{"allow":["GET"]}}],"collection":[{"href":"https:\/\/masagrupo.com\/en\/wp-json\/wp\/v2\/posts"}],"about":[{"href":"https:\/\/masagrupo.com\/en\/wp-json\/wp\/v2\/types\/post"}],"author":[{"embeddable":true,"href":"https:\/\/masagrupo.com\/en\/wp-json\/wp\/v2\/users\/2"}],"replies":[{"embeddable":true,"href":"https:\/\/masagrupo.com\/en\/wp-json\/wp\/v2\/comments?post=8921"}],"version-history":[{"count":15,"href":"https:\/\/masagrupo.com\/en\/wp-json\/wp\/v2\/posts\/8921\/revisions"}],"predecessor-version":[{"id":11797,"href":"https:\/\/masagrupo.com\/en\/wp-json\/wp\/v2\/posts\/8921\/revisions\/11797"}],"wp:featuredmedia":[{"embeddable":true,"href":"https:\/\/masagrupo.com\/en\/wp-json\/wp\/v2\/media\/8913"}],"wp:attachment":[{"href":"https:\/\/masagrupo.com\/en\/wp-json\/wp\/v2\/media?parent=8921"}],"wp:term":[{"taxonomy":"category","embeddable":true,"href":"https:\/\/masagrupo.com\/en\/wp-json\/wp\/v2\/categories?post=8921"},{"taxonomy":"post_tag","embeddable":true,"href":"https:\/\/masagrupo.com\/en\/wp-json\/wp\/v2\/tags?post=8921"}],"curies":[{"name":"wp","href":"https:\/\/api.w.org\/{rel}","templated":true}]}}