{"id":8775,"date":"2023-03-15T23:58:53","date_gmt":"2023-03-15T22:58:53","guid":{"rendered":"http:\/\/masagrupo.com\/?p=8775"},"modified":"2025-11-16T13:26:43","modified_gmt":"2025-11-16T12:26:43","slug":"prevention-workshops-in-the-levante-delegation","status":"publish","type":"post","link":"https:\/\/masagrupo.com\/en\/jornadas-de-prevencion-en-la-delegacion-de-levante\/","title":{"rendered":"Prevention Workshops at the Levante Delegation"},"content":{"rendered":"<p><div class=\"fusion-fullwidth fullwidth-box fusion-builder-row-1 fusion-flex-container has-pattern-background has-mask-background nonhundred-percent-fullwidth non-hundred-percent-height-scrolling\" style=\"--awb-border-radius-top-left:0px;--awb-border-radius-top-right:0px;--awb-border-radius-bottom-right:0px;--awb-border-radius-bottom-left:0px;--awb-flex-wrap:wrap;\" ><div class=\"fusion-builder-row fusion-row fusion-flex-align-items-flex-start fusion-flex-content-wrap\" style=\"max-width:1248px;margin-left: calc(-4% \/ 2 );margin-right: calc(-4% \/ 2 );\"><div class=\"fusion-layout-column fusion_builder_column fusion-builder-column-0 fusion_builder_column_1_2 1_2 fusion-flex-column\" style=\"--awb-bg-size:cover;--awb-width-large:50%;--awb-margin-top-large:0px;--awb-spacing-right-large:3.84%;--awb-margin-bottom-large:20px;--awb-spacing-left-large:3.84%;--awb-width-medium:50%;--awb-order-medium:0;--awb-spacing-right-medium:3.84%;--awb-spacing-left-medium:3.84%;--awb-width-small:100%;--awb-order-small:0;--awb-spacing-right-small:1.92%;--awb-spacing-left-small:1.92%;\"><div class=\"fusion-column-wrapper fusion-column-has-shadow fusion-flex-justify-content-flex-start fusion-content-layout-column\"><\/div><\/div><div class=\"fusion-layout-column fusion_builder_column fusion-builder-column-1 fusion_builder_column_1_1 1_1 fusion-flex-column\" style=\"--awb-bg-size:cover;--awb-width-large:100%;--awb-margin-top-large:0px;--awb-spacing-right-large:1.92%;--awb-margin-bottom-large:20px;--awb-spacing-left-large:1.92%;--awb-width-medium:100%;--awb-order-medium:0;--awb-spacing-right-medium:1.92%;--awb-spacing-left-medium:1.92%;--awb-width-small:100%;--awb-order-small:0;--awb-spacing-right-small:1.92%;--awb-spacing-left-small:1.92%;\"><div class=\"fusion-column-wrapper fusion-column-has-shadow fusion-flex-justify-content-flex-start fusion-content-layout-column\"><div class=\"fusion-title title fusion-title-1 fusion-sep-none fusion-title-text fusion-title-size-two\" style=\"--awb-text-color:var(--awb-color8);--awb-font-size:28px;\"><h2 class=\"fusion-title-heading title-heading-left\" style=\"margin:0;font-size:1em;\">To strengthen our relationship with our staff and improve our safety and health practices<\/h2><\/div><\/div><\/div><div class=\"fusion-layout-column fusion_builder_column fusion-builder-column-2 fusion_builder_column_1_2 1_2 fusion-flex-column\" style=\"--awb-bg-size:cover;--awb-width-large:50%;--awb-margin-top-large:0px;--awb-spacing-right-large:3.84%;--awb-margin-bottom-large:20px;--awb-spacing-left-large:3.84%;--awb-width-medium:50%;--awb-order-medium:0;--awb-spacing-right-medium:3.84%;--awb-spacing-left-medium:3.84%;--awb-width-small:100%;--awb-order-small:0;--awb-spacing-right-small:1.92%;--awb-spacing-left-small:1.92%;\"><div class=\"fusion-column-wrapper fusion-column-has-shadow fusion-flex-justify-content-flex-start fusion-content-layout-column\"><div class=\"fusion-image-element\" style=\"--awb-caption-title-font-family:var(--h2_typography-font-family);--awb-caption-title-font-weight:var(--h2_typography-font-weight);--awb-caption-title-font-style:var(--h2_typography-font-style);--awb-caption-title-size:var(--h2_typography-font-size);--awb-caption-title-transform:var(--h2_typography-text-transform);--awb-caption-title-line-height:var(--h2_typography-line-height);--awb-caption-title-letter-spacing:var(--h2_typography-letter-spacing);\"><span class=\"fusion-imageframe imageframe-none imageframe-1 hover-type-none\"><img decoding=\"async\" width=\"600\" height=\"355\" title=\"levante\" src=\"https:\/\/masagrupo.com\/wp-content\/uploads\/2023\/03\/levante-600x355.jpg\" alt class=\"img-responsive wp-image-11815\" srcset=\"https:\/\/masagrupo.com\/wp-content\/uploads\/2023\/03\/levante-200x118.jpg 200w, https:\/\/masagrupo.com\/wp-content\/uploads\/2023\/03\/levante-400x237.jpg 400w, https:\/\/masagrupo.com\/wp-content\/uploads\/2023\/03\/levante-600x355.jpg 600w, https:\/\/masagrupo.com\/wp-content\/uploads\/2023\/03\/levante.jpg 650w\" sizes=\"(max-width: 640px) 100vw, 600px\" \/><\/span><\/div><\/div><\/div><div class=\"fusion-layout-column fusion_builder_column fusion-builder-column-3 fusion_builder_column_1_2 1_2 fusion-flex-column\" style=\"--awb-bg-size:cover;--awb-width-large:50%;--awb-margin-top-large:0px;--awb-spacing-right-large:3.84%;--awb-margin-bottom-large:20px;--awb-spacing-left-large:3.84%;--awb-width-medium:50%;--awb-order-medium:0;--awb-spacing-right-medium:3.84%;--awb-spacing-left-medium:3.84%;--awb-width-small:100%;--awb-order-small:0;--awb-spacing-right-small:1.92%;--awb-spacing-left-small:1.92%;\"><div class=\"fusion-column-wrapper fusion-column-has-shadow fusion-flex-justify-content-flex-start fusion-content-layout-column\"><div class=\"fusion-text fusion-text-1\"><p>On 7 March we started the Corporate Conference for Prevention Managers and Technicians in the Levante Delegation, with the aim of strengthening the relationship with our production line personnel, encouraging their active participation in the production processes, and their leadership and commitment to Health and Safety in their daily activities.<\/p>\n<p>To achieve this objective, a representation of the Company's Management Committee travelled to Castell\u00f3n and spent an afternoon with the Prevention Managers and Technicians, dealing with various issues such as Preventive Management, ethics and transparency or People Management, recognising the fundamental importance of our Teams in the development of our activity and their influence in the performance of good practices that allow the integrity and health of our people in their workplace.<\/p>\n<p>In addition, our general manager, Jose M\u00aa Pau, shared information about the evolution of the company since its origin, our current organisation and the new business areas we are entering in order to promote knowledge and the feeling of integration in the Masa Group.<\/p>\n<p>These workshops will be scheduled in the other delegations depending on the participants' schedules. We are determined to strengthen the relationship with our staff and continue to improve our health and safety practices.<\/p>\n<\/div><\/div><\/div><\/div><\/div><div class=\"fusion-fullwidth fullwidth-box fusion-builder-row-2 fusion-flex-container has-pattern-background has-mask-background nonhundred-percent-fullwidth non-hundred-percent-height-scrolling\" style=\"--awb-border-radius-top-left:0px;--awb-border-radius-top-right:0px;--awb-border-radius-bottom-right:0px;--awb-border-radius-bottom-left:0px;--awb-flex-wrap:wrap;\" ><div class=\"fusion-builder-row fusion-row fusion-flex-align-items-flex-start fusion-flex-content-wrap\" style=\"max-width:1248px;margin-left: calc(-4% \/ 2 );margin-right: calc(-4% \/ 2 );\"><div class=\"fusion-layout-column fusion_builder_column fusion-builder-column-4 fusion_builder_column_1_1 1_1 fusion-flex-column\" style=\"--awb-bg-size:cover;--awb-width-large:100%;--awb-margin-top-large:0px;--awb-spacing-right-large:1.92%;--awb-margin-bottom-large:20px;--awb-spacing-left-large:1.92%;--awb-width-medium:100%;--awb-order-medium:0;--awb-spacing-right-medium:1.92%;--awb-spacing-left-medium:1.92%;--awb-width-small:100%;--awb-order-small:0;--awb-spacing-right-small:1.92%;--awb-spacing-left-small:1.92%;\"><div class=\"fusion-column-wrapper fusion-column-has-shadow fusion-flex-justify-content-flex-start fusion-content-layout-column\"><div class=\"fusion-image-element\" style=\"--awb-caption-title-font-family:var(--h2_typography-font-family);--awb-caption-title-font-weight:var(--h2_typography-font-weight);--awb-caption-title-font-style:var(--h2_typography-font-style);--awb-caption-title-size:var(--h2_typography-font-size);--awb-caption-title-transform:var(--h2_typography-text-transform);--awb-caption-title-line-height:var(--h2_typography-line-height);--awb-caption-title-letter-spacing:var(--h2_typography-letter-spacing);\"><span class=\"fusion-imageframe imageframe-none imageframe-2 hover-type-none\"><img decoding=\"async\" width=\"1200\" height=\"600\" title=\"levante2\" src=\"https:\/\/masagrupo.com\/wp-content\/uploads\/2023\/03\/levante2-1200x600.jpg\" alt class=\"img-responsive wp-image-11816\" srcset=\"https:\/\/masagrupo.com\/wp-content\/uploads\/2023\/03\/levante2-200x100.jpg 200w, https:\/\/masagrupo.com\/wp-content\/uploads\/2023\/03\/levante2-400x200.jpg 400w, https:\/\/masagrupo.com\/wp-content\/uploads\/2023\/03\/levante2-600x300.jpg 600w, https:\/\/masagrupo.com\/wp-content\/uploads\/2023\/03\/levante2-800x400.jpg 800w, https:\/\/masagrupo.com\/wp-content\/uploads\/2023\/03\/levante2-1200x600.jpg 1200w\" sizes=\"(max-width: 640px) 100vw, 1200px\" \/><\/span><\/div><\/div><\/div><\/div><\/div><\/p>","protected":false},"excerpt":{"rendered":"<p>On 7th March we start the Corporate Conference for Prevention Managers and Technicians in the Levante Delegation to improve health and safety.<\/p>","protected":false},"author":2,"featured_media":8771,"comment_status":"closed","ping_status":"closed","sticky":false,"template":"","format":"standard","meta":{"footnotes":""},"categories":[1],"tags":[],"class_list":["post-8775","post","type-post","status-publish","format-standard","has-post-thumbnail","hentry","category-digitalizacion-del-mantenimiento"],"yoast_head":"<!-- This site is optimized with the Yoast SEO plugin v27.4 - https:\/\/yoast.com\/product\/yoast-seo-wordpress\/ -->\n<title>Jornadas de Prevenci\u00f3n en la Delegaci\u00f3n de Levante - Grupo Masa<\/title>\n<meta name=\"description\" content=\"El 7 de marzo arrancamos las Jornadas Corporativas para Mandos y T\u00e9cnicos de Prevenci\u00f3n en la Delegaci\u00f3n de Levante para mejorar la seguridad y salud\" \/>\n<meta name=\"robots\" content=\"index, follow, max-snippet:-1, max-image-preview:large, max-video-preview:-1\" \/>\n<link rel=\"canonical\" href=\"https:\/\/masagrupo.com\/en\/prevention-workshops-in-the-levante-delegation\/\" \/>\n<meta property=\"og:locale\" content=\"en_GB\" \/>\n<meta property=\"og:type\" content=\"article\" \/>\n<meta property=\"og:title\" content=\"Jornadas de Prevenci\u00f3n en la Delegaci\u00f3n de Levante - Grupo Masa\" \/>\n<meta property=\"og:description\" content=\"El 7 de marzo arrancamos las Jornadas Corporativas para Mandos y T\u00e9cnicos de Prevenci\u00f3n en la Delegaci\u00f3n de Levante para mejorar la seguridad y salud\" \/>\n<meta property=\"og:url\" content=\"https:\/\/masagrupo.com\/en\/prevention-workshops-in-the-levante-delegation\/\" \/>\n<meta property=\"og:site_name\" content=\"Grupo Masa\" \/>\n<meta property=\"article:published_time\" content=\"2023-03-15T22:58:53+00:00\" \/>\n<meta property=\"article:modified_time\" content=\"2025-11-16T12:26:43+00:00\" \/>\n<meta property=\"og:image\" content=\"https:\/\/masagrupo.com\/wp-content\/uploads\/2023\/03\/2023-03-07-16.28.53-scaled-e1680531298735.jpg\" \/>\n\t<meta property=\"og:image:width\" content=\"1300\" \/>\n\t<meta property=\"og:image:height\" content=\"650\" \/>\n\t<meta property=\"og:image:type\" content=\"image\/jpeg\" \/>\n<meta name=\"author\" content=\"Paloma Ar\u00edn\" \/>\n<meta name=\"twitter:card\" content=\"summary_large_image\" \/>\n<meta name=\"twitter:label1\" content=\"Written by\" \/>\n\t<meta name=\"twitter:data1\" content=\"Paloma Ar\u00edn\" \/>\n\t<meta name=\"twitter:label2\" content=\"Est. reading time\" \/>\n\t<meta name=\"twitter:data2\" content=\"2 minutes\" \/>\n<script type=\"application\/ld+json\" class=\"yoast-schema-graph\">{\"@context\":\"https:\\\/\\\/schema.org\",\"@graph\":[{\"@type\":\"Article\",\"@id\":\"https:\\\/\\\/masagrupo.com\\\/jornadas-de-prevencion-en-la-delegacion-de-levante\\\/#article\",\"isPartOf\":{\"@id\":\"https:\\\/\\\/masagrupo.com\\\/jornadas-de-prevencion-en-la-delegacion-de-levante\\\/\"},\"author\":{\"name\":\"Paloma Ar\u00edn\",\"@id\":\"https:\\\/\\\/masagrupo.com\\\/#\\\/schema\\\/person\\\/7067a848d602fff19af4f2172917fae3\"},\"headline\":\"Jornadas de Prevenci\u00f3n en la Delegaci\u00f3n de Levante\",\"datePublished\":\"2023-03-15T22:58:53+00:00\",\"dateModified\":\"2025-11-16T12:26:43+00:00\",\"mainEntityOfPage\":{\"@id\":\"https:\\\/\\\/masagrupo.com\\\/jornadas-de-prevencion-en-la-delegacion-de-levante\\\/\"},\"wordCount\":4535,\"image\":{\"@id\":\"https:\\\/\\\/masagrupo.com\\\/jornadas-de-prevencion-en-la-delegacion-de-levante\\\/#primaryimage\"},\"thumbnailUrl\":\"https:\\\/\\\/masagrupo.com\\\/wp-content\\\/uploads\\\/2023\\\/03\\\/2023-03-07-16.28.53-scaled-e1680531298735.jpg\",\"articleSection\":[\"Digitalizaci\u00f3n del Mantenimiento\"],\"inLanguage\":\"en-GB\"},{\"@type\":\"WebPage\",\"@id\":\"https:\\\/\\\/masagrupo.com\\\/jornadas-de-prevencion-en-la-delegacion-de-levante\\\/\",\"url\":\"https:\\\/\\\/masagrupo.com\\\/jornadas-de-prevencion-en-la-delegacion-de-levante\\\/\",\"name\":\"Jornadas de Prevenci\u00f3n en la Delegaci\u00f3n de Levante - Grupo Masa\",\"isPartOf\":{\"@id\":\"https:\\\/\\\/masagrupo.com\\\/#website\"},\"primaryImageOfPage\":{\"@id\":\"https:\\\/\\\/masagrupo.com\\\/jornadas-de-prevencion-en-la-delegacion-de-levante\\\/#primaryimage\"},\"image\":{\"@id\":\"https:\\\/\\\/masagrupo.com\\\/jornadas-de-prevencion-en-la-delegacion-de-levante\\\/#primaryimage\"},\"thumbnailUrl\":\"https:\\\/\\\/masagrupo.com\\\/wp-content\\\/uploads\\\/2023\\\/03\\\/2023-03-07-16.28.53-scaled-e1680531298735.jpg\",\"datePublished\":\"2023-03-15T22:58:53+00:00\",\"dateModified\":\"2025-11-16T12:26:43+00:00\",\"author\":{\"@id\":\"https:\\\/\\\/masagrupo.com\\\/#\\\/schema\\\/person\\\/7067a848d602fff19af4f2172917fae3\"},\"description\":\"El 7 de marzo arrancamos las Jornadas Corporativas para Mandos y T\u00e9cnicos de Prevenci\u00f3n en la Delegaci\u00f3n de Levante para mejorar la seguridad y salud\",\"breadcrumb\":{\"@id\":\"https:\\\/\\\/masagrupo.com\\\/jornadas-de-prevencion-en-la-delegacion-de-levante\\\/#breadcrumb\"},\"inLanguage\":\"en-GB\",\"potentialAction\":[{\"@type\":\"ReadAction\",\"target\":[\"https:\\\/\\\/masagrupo.com\\\/jornadas-de-prevencion-en-la-delegacion-de-levante\\\/\"]}]},{\"@type\":\"ImageObject\",\"inLanguage\":\"en-GB\",\"@id\":\"https:\\\/\\\/masagrupo.com\\\/jornadas-de-prevencion-en-la-delegacion-de-levante\\\/#primaryimage\",\"url\":\"https:\\\/\\\/masagrupo.com\\\/wp-content\\\/uploads\\\/2023\\\/03\\\/2023-03-07-16.28.53-scaled-e1680531298735.jpg\",\"contentUrl\":\"https:\\\/\\\/masagrupo.com\\\/wp-content\\\/uploads\\\/2023\\\/03\\\/2023-03-07-16.28.53-scaled-e1680531298735.jpg\",\"width\":1300,\"height\":650,\"caption\":\"Herramientas de MASA\"},{\"@type\":\"BreadcrumbList\",\"@id\":\"https:\\\/\\\/masagrupo.com\\\/jornadas-de-prevencion-en-la-delegacion-de-levante\\\/#breadcrumb\",\"itemListElement\":[{\"@type\":\"ListItem\",\"position\":1,\"name\":\"Portada\",\"item\":\"https:\\\/\\\/masagrupo.com\\\/\"},{\"@type\":\"ListItem\",\"position\":2,\"name\":\"Jornadas de Prevenci\u00f3n en la Delegaci\u00f3n de Levante\"}]},{\"@type\":\"WebSite\",\"@id\":\"https:\\\/\\\/masagrupo.com\\\/#website\",\"url\":\"https:\\\/\\\/masagrupo.com\\\/\",\"name\":\"Grupo Masa\",\"description\":\"MASA es una empresa del Grupo ACS\",\"potentialAction\":[{\"@type\":\"SearchAction\",\"target\":{\"@type\":\"EntryPoint\",\"urlTemplate\":\"https:\\\/\\\/masagrupo.com\\\/?s={search_term_string}\"},\"query-input\":{\"@type\":\"PropertyValueSpecification\",\"valueRequired\":true,\"valueName\":\"search_term_string\"}}],\"inLanguage\":\"en-GB\"},{\"@type\":\"Person\",\"@id\":\"https:\\\/\\\/masagrupo.com\\\/#\\\/schema\\\/person\\\/7067a848d602fff19af4f2172917fae3\",\"name\":\"Paloma Ar\u00edn\",\"image\":{\"@type\":\"ImageObject\",\"inLanguage\":\"en-GB\",\"@id\":\"https:\\\/\\\/secure.gravatar.com\\\/avatar\\\/d707daeb8561bd35e0b9c01b797023daef352b68a03c8c613fe9cf9f178aa597?s=96&d=mm&r=g\",\"url\":\"https:\\\/\\\/secure.gravatar.com\\\/avatar\\\/d707daeb8561bd35e0b9c01b797023daef352b68a03c8c613fe9cf9f178aa597?s=96&d=mm&r=g\",\"contentUrl\":\"https:\\\/\\\/secure.gravatar.com\\\/avatar\\\/d707daeb8561bd35e0b9c01b797023daef352b68a03c8c613fe9cf9f178aa597?s=96&d=mm&r=g\",\"caption\":\"Paloma Ar\u00edn\"},\"url\":\"https:\\\/\\\/masagrupo.com\\\/en\\\/author\\\/paloma-arin\\\/\"}]}<\/script>\n<!-- \/ Yoast SEO plugin. -->","yoast_head_json":{"title":"Prevention Seminars in the Levante Delegation - Grupo Masa","description":"On 7th March we start the Corporate Conference for Prevention Managers and Technicians in the Levante Delegation to improve health and safety.","robots":{"index":"index","follow":"follow","max-snippet":"max-snippet:-1","max-image-preview":"max-image-preview:large","max-video-preview":"max-video-preview:-1"},"canonical":"https:\/\/masagrupo.com\/en\/prevention-workshops-in-the-levante-delegation\/","og_locale":"en_GB","og_type":"article","og_title":"Jornadas de Prevenci\u00f3n en la Delegaci\u00f3n de Levante - Grupo Masa","og_description":"El 7 de marzo arrancamos las Jornadas Corporativas para Mandos y T\u00e9cnicos de Prevenci\u00f3n en la Delegaci\u00f3n de Levante para mejorar la seguridad y salud","og_url":"https:\/\/masagrupo.com\/en\/prevention-workshops-in-the-levante-delegation\/","og_site_name":"Grupo Masa","article_published_time":"2023-03-15T22:58:53+00:00","article_modified_time":"2025-11-16T12:26:43+00:00","og_image":[{"width":1300,"height":650,"url":"https:\/\/masagrupo.com\/wp-content\/uploads\/2023\/03\/2023-03-07-16.28.53-scaled-e1680531298735.jpg","type":"image\/jpeg"}],"author":"Paloma Ar\u00edn","twitter_card":"summary_large_image","twitter_misc":{"Written by":"Paloma Ar\u00edn","Est. reading time":"2 minutes"},"schema":{"@context":"https:\/\/schema.org","@graph":[{"@type":"Article","@id":"https:\/\/masagrupo.com\/jornadas-de-prevencion-en-la-delegacion-de-levante\/#article","isPartOf":{"@id":"https:\/\/masagrupo.com\/jornadas-de-prevencion-en-la-delegacion-de-levante\/"},"author":{"name":"Paloma Ar\u00edn","@id":"https:\/\/masagrupo.com\/#\/schema\/person\/7067a848d602fff19af4f2172917fae3"},"headline":"Jornadas de Prevenci\u00f3n en la Delegaci\u00f3n de Levante","datePublished":"2023-03-15T22:58:53+00:00","dateModified":"2025-11-16T12:26:43+00:00","mainEntityOfPage":{"@id":"https:\/\/masagrupo.com\/jornadas-de-prevencion-en-la-delegacion-de-levante\/"},"wordCount":4535,"image":{"@id":"https:\/\/masagrupo.com\/jornadas-de-prevencion-en-la-delegacion-de-levante\/#primaryimage"},"thumbnailUrl":"https:\/\/masagrupo.com\/wp-content\/uploads\/2023\/03\/2023-03-07-16.28.53-scaled-e1680531298735.jpg","articleSection":["Digitalizaci\u00f3n del Mantenimiento"],"inLanguage":"en-GB"},{"@type":"WebPage","@id":"https:\/\/masagrupo.com\/jornadas-de-prevencion-en-la-delegacion-de-levante\/","url":"https:\/\/masagrupo.com\/jornadas-de-prevencion-en-la-delegacion-de-levante\/","name":"Prevention Seminars in the Levante Delegation - Grupo Masa","isPartOf":{"@id":"https:\/\/masagrupo.com\/#website"},"primaryImageOfPage":{"@id":"https:\/\/masagrupo.com\/jornadas-de-prevencion-en-la-delegacion-de-levante\/#primaryimage"},"image":{"@id":"https:\/\/masagrupo.com\/jornadas-de-prevencion-en-la-delegacion-de-levante\/#primaryimage"},"thumbnailUrl":"https:\/\/masagrupo.com\/wp-content\/uploads\/2023\/03\/2023-03-07-16.28.53-scaled-e1680531298735.jpg","datePublished":"2023-03-15T22:58:53+00:00","dateModified":"2025-11-16T12:26:43+00:00","author":{"@id":"https:\/\/masagrupo.com\/#\/schema\/person\/7067a848d602fff19af4f2172917fae3"},"description":"On 7th March we start the Corporate Conference for Prevention Managers and Technicians in the Levante Delegation to improve health and safety.","breadcrumb":{"@id":"https:\/\/masagrupo.com\/jornadas-de-prevencion-en-la-delegacion-de-levante\/#breadcrumb"},"inLanguage":"en-GB","potentialAction":[{"@type":"ReadAction","target":["https:\/\/masagrupo.com\/jornadas-de-prevencion-en-la-delegacion-de-levante\/"]}]},{"@type":"ImageObject","inLanguage":"en-GB","@id":"https:\/\/masagrupo.com\/jornadas-de-prevencion-en-la-delegacion-de-levante\/#primaryimage","url":"https:\/\/masagrupo.com\/wp-content\/uploads\/2023\/03\/2023-03-07-16.28.53-scaled-e1680531298735.jpg","contentUrl":"https:\/\/masagrupo.com\/wp-content\/uploads\/2023\/03\/2023-03-07-16.28.53-scaled-e1680531298735.jpg","width":1300,"height":650,"caption":"Herramientas de MASA"},{"@type":"BreadcrumbList","@id":"https:\/\/masagrupo.com\/jornadas-de-prevencion-en-la-delegacion-de-levante\/#breadcrumb","itemListElement":[{"@type":"ListItem","position":1,"name":"Portada","item":"https:\/\/masagrupo.com\/"},{"@type":"ListItem","position":2,"name":"Jornadas de Prevenci\u00f3n en la Delegaci\u00f3n de Levante"}]},{"@type":"WebSite","@id":"https:\/\/masagrupo.com\/#website","url":"https:\/\/masagrupo.com\/","name":"Masa Group","description":"MASA is an ACS Group company","potentialAction":[{"@type":"SearchAction","target":{"@type":"EntryPoint","urlTemplate":"https:\/\/masagrupo.com\/?s={search_term_string}"},"query-input":{"@type":"PropertyValueSpecification","valueRequired":true,"valueName":"search_term_string"}}],"inLanguage":"en-GB"},{"@type":"Person","@id":"https:\/\/masagrupo.com\/#\/schema\/person\/7067a848d602fff19af4f2172917fae3","name":"Paloma Ar\u00edn","image":{"@type":"ImageObject","inLanguage":"en-GB","@id":"https:\/\/secure.gravatar.com\/avatar\/d707daeb8561bd35e0b9c01b797023daef352b68a03c8c613fe9cf9f178aa597?s=96&d=mm&r=g","url":"https:\/\/secure.gravatar.com\/avatar\/d707daeb8561bd35e0b9c01b797023daef352b68a03c8c613fe9cf9f178aa597?s=96&d=mm&r=g","contentUrl":"https:\/\/secure.gravatar.com\/avatar\/d707daeb8561bd35e0b9c01b797023daef352b68a03c8c613fe9cf9f178aa597?s=96&d=mm&r=g","caption":"Paloma Ar\u00edn"},"url":"https:\/\/masagrupo.com\/en\/author\/paloma-arin\/"}]}},"_links":{"self":[{"href":"https:\/\/masagrupo.com\/en\/wp-json\/wp\/v2\/posts\/8775","targetHints":{"allow":["GET"]}}],"collection":[{"href":"https:\/\/masagrupo.com\/en\/wp-json\/wp\/v2\/posts"}],"about":[{"href":"https:\/\/masagrupo.com\/en\/wp-json\/wp\/v2\/types\/post"}],"author":[{"embeddable":true,"href":"https:\/\/masagrupo.com\/en\/wp-json\/wp\/v2\/users\/2"}],"replies":[{"embeddable":true,"href":"https:\/\/masagrupo.com\/en\/wp-json\/wp\/v2\/comments?post=8775"}],"version-history":[{"count":22,"href":"https:\/\/masagrupo.com\/en\/wp-json\/wp\/v2\/posts\/8775\/revisions"}],"predecessor-version":[{"id":11818,"href":"https:\/\/masagrupo.com\/en\/wp-json\/wp\/v2\/posts\/8775\/revisions\/11818"}],"wp:featuredmedia":[{"embeddable":true,"href":"https:\/\/masagrupo.com\/en\/wp-json\/wp\/v2\/media\/8771"}],"wp:attachment":[{"href":"https:\/\/masagrupo.com\/en\/wp-json\/wp\/v2\/media?parent=8775"}],"wp:term":[{"taxonomy":"category","embeddable":true,"href":"https:\/\/masagrupo.com\/en\/wp-json\/wp\/v2\/categories?post=8775"},{"taxonomy":"post_tag","embeddable":true,"href":"https:\/\/masagrupo.com\/en\/wp-json\/wp\/v2\/tags?post=8775"}],"curies":[{"name":"wp","href":"https:\/\/api.w.org\/{rel}","templated":true}]}}